{"id":22139,"date":"2022-01-27T17:08:58","date_gmt":"2022-01-27T17:08:58","guid":{"rendered":"http:\/\/www.slineamt.ro\/apostolul\/?p=22139"},"modified":"2022-01-27T17:08:58","modified_gmt":"2022-01-27T17:08:58","slug":"cresterea-morala-a-generatiunii-tinere","status":"publish","type":"post","link":"http:\/\/www.slineamt.ro\/apostolul\/studii-si-sinteze\/cresterea-morala-a-generatiunii-tinere\/","title":{"rendered":"Cre\u015fterea moral\u0103 a genera\u0163iunii tinere"},"content":{"rendered":"\n<div class=\"wp-block-image\"><figure class=\"alignleft size-full\"><a href=\"http:\/\/www.slineamt.ro\/apostolul\/wp-content\/uploads\/2022\/01\/12-ap246-foto1.jpg\"><img loading=\"lazy\" decoding=\"async\" width=\"274\" height=\"454\" src=\"http:\/\/www.slineamt.ro\/apostolul\/wp-content\/uploads\/2022\/01\/12-ap246-foto1.jpg\" alt=\"\" class=\"wp-image-22140\" srcset=\"http:\/\/www.slineamt.ro\/apostolul\/wp-content\/uploads\/2022\/01\/12-ap246-foto1.jpg 274w, http:\/\/www.slineamt.ro\/apostolul\/wp-content\/uploads\/2022\/01\/12-ap246-foto1-181x300.jpg 181w, http:\/\/www.slineamt.ro\/apostolul\/wp-content\/uploads\/2022\/01\/12-ap246-foto1-260x431.jpg 260w, http:\/\/www.slineamt.ro\/apostolul\/wp-content\/uploads\/2022\/01\/12-ap246-foto1-160x265.jpg 160w\" sizes=\"auto, (max-width: 274px) 100vw, 274px\" \/><\/a><\/figure><\/div>\n\n\n\n<p>\u2022 Pseudointerviu cu gazetarul Mihai Eminescu<\/p>\n\n\n\n<p><em>\u2013 Domnule Eminescu, v\u0103 invit s\u0103 r\u0103spunde\u0163i la c\u00e2teva \u00eentreb\u0103ri jurnalistice, av\u00e2nd \u00een vedere c\u0103 prin for\u0163a \u00eemprejur\u0103rilor a\u0163i fost ziarist timp de \u015fase ani la cotidianul \u201eTimpul\u201d, \u00eencep\u00e2nd din toamna anului 1877. A\u015fadar, care este p\u0103rerea dumneavoastr\u0103 despre politica ce se face \u00een Rom\u00e2nia?<\/em><\/p>\n\n\n\n<p>\u2013 \u201eP\u0103rerea mea individual\u0103, \u00een care nu oblig pe nimeni de-a crede, e c\u0103 politica ce se face azi \u00een Rom\u00e2nia \u015fi dintr-o parte \u015fi dintr-alta e o politic\u0103 necoapt\u0103, c\u0103ci pentru adev\u0103rata \u015fi deplina \u00een\u0163elegere a institu\u0163iilor noastre de azi ne trebuie o genera\u0163iune ce-avem de-a o cre\u015fte de-acu-nainte. Eu las lumea ca s\u0103 mearg\u0103 cum \u00eei place dumisale \u2013 misiunea oamenilor ce vor din ad\u00e2ncul lor binele \u0163\u0103rii e cre\u015fterea moral\u0103 a genera\u0163iunii tinere \u015fi a genera\u0163iunii ce va veni. Nu caut adep\u0163i la ideea cea \u00eent\u00e2i, dar la cea de a doua sufletul meu \u0163ine ca la el \u00eensu\u015fi.\u201d(a)<\/p>\n\n\n\n<p><em>\u2013 \u00cen ce ar consta interesul pentru patria noastr\u0103?<\/em><\/p>\n\n\n\n<p>\u2013 \u201eInteresul practic pentru patria noastr\u0103 ar consta, cred, \u00een \u00eenl\u0103turarea teoretic\u0103 a oric\u0103rei \u00eendrept\u0103\u0163iri pentru importul necritic de institu\u0163ii str\u0103ine, care nu sunt alt\u00adceva dec\u00e2t organiza\u0163ii specifice ale societ\u0103\u0163ii omene\u015fti \u00een lupta pentru existen\u0163\u0103, care pot fi preluate \u00een principiile lor generale, dar a c\u0103ror cazuistic\u0103 trebuie s\u0103 rezulte \u00een mod empiric din rela\u0163iile dintre popor \u015fi \u0163ar\u0103. Nu m\u0103 pot pronun\u0163a acum mai pe larg asupra acestui subiect, el mi-a ocupat \u00eens\u0103 cea mai mare parte din cugetarea proprie \u015fi din studii.\u201d(b)<\/p>\n\n\n\n<p><em>&nbsp;\u2013 De-a lungul anilor societatea rom\u00e2neasc\u0103 s-a lovit \u015fi de anumite nulit\u0103\u0163i politice. Jurnali\u015ftii rom\u00e2ni au scris, direct, despre numeroase cazuri de putregaiuri din sistem, investig\u00e2nd diferite cazuri de corup\u0163ie \u015f. a. Ce p\u0103rere ave\u0163i despre limbajul jurnali\u015ftilor rom\u00e2ni, folosit \u00een articolele lor, contra unor ale\u015fi ai no\u015ftri, care, \u00een loc s\u0103 vad\u0103 de interesele poporului rom\u00e2n, mai degrab\u0103 \u00ee\u015fi v\u0103d de interesele personale?<\/em><\/p>\n\n\n\n<p>\u2013 \u201eSuntem noi oare de vin\u0103 dac\u0103 adev\u0103rul curat, spus neted, e deja o injurie? Ne propunem c\u00e2teodat\u0103 a fi foarte urbani \u2013 ce folos? Adev\u0103rul simplu, descoperirea simpl\u0103 a ne\u015ftiin\u0163ei \u015fi a m\u0103rginirii multora din partidul la putere este deja o atingere. Cauza e simpl\u0103. Nu sunt oamenii la locul lor, nu sunt ceea ce reprezint\u0103. Compararea \u00eentre ceea ce sunt \u00eentr-adev\u0103r, nimica toat\u0103, \u015fi ceea ce reprezint\u0103, demnit\u0103\u0163i \u00eenalte ale statului, exciteaz\u0103 deja r\u00e2sul \u015fi ironia cititorilor, \u00eenc\u00e2t o vin\u0103 din partea noastr\u0103, o inten\u0163ie de a ponegri, nu exist\u0103 defel.\u201d(c)<\/p>\n\n\n\n<p><em>\u2013 Care este \u015ftiin\u0163a guvern\u0103rii, vis-\u00e0-vis de natura poporului nostru?<\/em><\/p>\n\n\n\n<p>\u2013 \u201eNatura poporului, instinctele \u015fi \u00eenclin\u0103rile lui mo\u015ftenite, geniul lui, care adesea, necon\u015ftiut, urm\u0103re\u015fte o idee pe c\u00e2nd \u0163ese la r\u0103zboiul vremii, acestea s\u0103 fie determinante \u00een via\u0163a unui stat, nu maimu\u0163area legilor \u015fi obiceielor str\u0103ine. Deci, din acest punct de vedere, arta de-a guverna e \u015ftiin\u0163a de-a ne adapta naturii poporului, a surprinde oarecum stadiul de dezvoltare \u00een care se afl\u0103 \u015fi a-l face s\u0103 mearg\u0103 lini\u015ftit \u015fi cu mai mare siguran\u0163\u0103 pe calea pe care-a apucat.\u201d(d)<\/p>\n\n\n\n<p><em>\u2013 Ce solu\u0163ie ar fi contra tuturor relelor din Rom\u00e2nia?<\/em><\/p>\n\n\n\n<p>\u2013 \u201eUn singur remediu exist\u0103 \u00een adev\u0103r \u00een contra acestor rele, dar trebuie aplicat cu toat\u0103 rigoarea, cu tot exclusivismul: munca, acest corelat mecanic al adev\u0103rului; adev\u0103rul, acest corelat intelectual al muncii. Dar munc\u0103, nu nimicuri, nu m\u00e2nare de mu\u015fti la ap\u0103; \u015fi adev\u0103r, nu fraze lustruite \u015fi negustorie de vorbe.\u201d(e)<\/p>\n\n\n\n<p><em>&nbsp;\u2013 Despre influen\u0163a \u00eenv\u0103\u0163\u0103m\u00e2ntului asupra caracterului, ce ne pute\u0163i spune?<\/em><\/p>\n\n\n\n<p>&nbsp;\u2013 \u201eAr fi de prisos a discuta teza c\u0103 omul e \u00een esen\u0163a lui o fiin\u0163\u0103 eminamente ideal\u0103. Ceea ce face un om de bun\u0103 voie, sub impulsul naturii sale morale, nu seam\u0103n\u0103 nicic\u00e2nd cu ceea ce face silit, numai pentru plat\u0103 sau numai pentru c\u00e2\u015ftig. Se vede dar c\u00e2t\u0103 importan\u0163\u0103 are educa\u0163ia care tocmai \u00eel deprinde a face de bun\u0103 voie, f\u0103r\u0103 speran\u0163\u0103 de plat\u0103 sau team\u0103 de pedeaps\u0103, ceea ce e bun, drept, adev\u0103rat. \u00cenv\u0103\u0163\u0103tura numai ca atare nu are a face cu cre\u015fterea. \u00cenv\u0103\u0163\u00e2nd pe de rost numirile tuturor ora\u015felor de pe p\u0103m\u00e2nt \u015fi toate formulele chimice, toate numele speciilor de plante \u015fi de animale, aceast\u0103 mas\u0103 de cuno\u015ftin\u0163e, oric\u00e2t de nou\u0103 ar fi pentru o inteligen\u0163\u0103, n-o fac nici mai iubitoare de adev\u0103r, nici \u00eendem\u00e2natic\u0103 de a judeca \u015fi de a distinge drept de str\u00e2mb. \u00cenv\u0103\u0163\u0103tura consist\u0103 \u00een mul\u0163imea celor \u015ftiute, cultura \u00een multilateralitatea cuno\u015ftin\u0163elor, cre\u015fterea nu consist\u0103 nici \u00eentr-una, nici \u00eentr-alta. Ea consist\u0103 \u00een influen\u0163a continu\u0103 pe care o au lucrurile \u00eenv\u0103\u0163ate asupra caracterului \u015fi \u00een disciplinarea inteligen\u0163ei. C\u00e2nd aceste dou\u0103 lipsesc, oric\u00e2t de multe \u015fi-ar fi aproriat capul \u00een mod mecanic, omul simte \u00een sine un gol moral, care din toate e cel mai insuportabil \u015fi care conduce mintea nedisciplinat\u0103 la cele mai triste abateri.\u201d(f)<\/p>\n\n\n\n<p><em>\u2013 V\u0103 mul\u0163umesc!<\/em><\/p>\n\n\n\n<p><strong><em>A selectat r\u0103spunsurile Lucre\u0163ia BERZINTU<\/em><\/strong><\/p>\n\n\n\n<p><strong>Surse:<\/strong> a) G. C\u0103linescu, <em>Opera lui Mihai Eminescu<\/em>, vol.III, p.44, Ed. Minerva, Biblioteca pentru to\u0163i, Bucure\u015fti, 1985; b) Eminescu, <em>Opere<\/em>, vol. XVI, p.46. Coresponden\u0163a. Documentar. Ed. Academiei, Bucure\u015fti, 1989; c) Eminescu, <em>Opere<\/em>, vol.XVI, p.46. Coresponden\u0163a. Documentar. Ed. Academiei, Bucure\u015fti, 1989; d) Eminescu, <em>Opere<\/em>, vol. X, p. 30, publicistic\u0103 1 noiembrie 1877, Ed. Academiei, Bucure\u015fti, 1980; e) Eminescu, <em>Opere<\/em>, vol. III, p. 146, publicistic\u0103 1882-1883, 1888-1889, Ed. Academiei, Bucure\u015fti, 1985; f) Eminescu, <em>Opere<\/em>, vol. XI, p. 307, publicistic\u0103 17 februarie \u2013 31 decembrie 1880, Ed. Academiei, Bucure\u015fti, 1984. (<em>Wikipedia.org<\/em>)<\/p>\n","protected":false},"excerpt":{"rendered":"<p>\u2022 Pseudointerviu cu gazetarul Mihai Eminescu \u2013 Domnule Eminescu, v\u0103 invit s\u0103 r\u0103spunde\u0163i la c\u00e2teva \u00eentreb\u0103ri jurnalistice, av\u00e2nd \u00een vedere c\u0103 prin for\u0163a \u00eemprejur\u0103rilor a\u0163i fost ziarist timp de \u015fase ani la cotidianul \u201eTimpul\u201d, \u00eencep\u00e2nd din toamna anului 1877. A\u015fadar,&hellip;<\/p>\n<p class=\"more-link-p\"><a class=\"more-link\" href=\"http:\/\/www.slineamt.ro\/apostolul\/studii-si-sinteze\/cresterea-morala-a-generatiunii-tinere\/\">Read more &rarr;<\/a><\/p>\n","protected":false},"author":1,"featured_media":0,"comment_status":"open","ping_status":"closed","sticky":false,"template":"","format":"standard","meta":{"footnotes":""},"categories":[14,449],"tags":[],"class_list":["post-22139","post","type-post","status-publish","format-standard","hentry","category-studii-si-sinteze","category-numarul-246"],"_links":{"self":[{"href":"http:\/\/www.slineamt.ro\/apostolul\/wp-json\/wp\/v2\/posts\/22139","targetHints":{"allow":["GET"]}}],"collection":[{"href":"http:\/\/www.slineamt.ro\/apostolul\/wp-json\/wp\/v2\/posts"}],"about":[{"href":"http:\/\/www.slineamt.ro\/apostolul\/wp-json\/wp\/v2\/types\/post"}],"author":[{"embeddable":true,"href":"http:\/\/www.slineamt.ro\/apostolul\/wp-json\/wp\/v2\/users\/1"}],"replies":[{"embeddable":true,"href":"http:\/\/www.slineamt.ro\/apostolul\/wp-json\/wp\/v2\/comments?post=22139"}],"version-history":[{"count":1,"href":"http:\/\/www.slineamt.ro\/apostolul\/wp-json\/wp\/v2\/posts\/22139\/revisions"}],"predecessor-version":[{"id":22141,"href":"http:\/\/www.slineamt.ro\/apostolul\/wp-json\/wp\/v2\/posts\/22139\/revisions\/22141"}],"wp:attachment":[{"href":"http:\/\/www.slineamt.ro\/apostolul\/wp-json\/wp\/v2\/media?parent=22139"}],"wp:term":[{"taxonomy":"category","embeddable":true,"href":"http:\/\/www.slineamt.ro\/apostolul\/wp-json\/wp\/v2\/categories?post=22139"},{"taxonomy":"post_tag","embeddable":true,"href":"http:\/\/www.slineamt.ro\/apostolul\/wp-json\/wp\/v2\/tags?post=22139"}],"curies":[{"name":"wp","href":"https:\/\/api.w.org\/{rel}","templated":true}]}}