{"id":22142,"date":"2022-01-27T17:17:48","date_gmt":"2022-01-27T17:17:48","guid":{"rendered":"http:\/\/www.slineamt.ro\/apostolul\/?p=22142"},"modified":"2022-01-27T17:17:48","modified_gmt":"2022-01-27T17:17:48","slug":"elevul-este-intotdeauna-o-prioritate","status":"publish","type":"post","link":"http:\/\/www.slineamt.ro\/apostolul\/scoala-nemteana-la-zi\/elevul-este-intotdeauna-o-prioritate\/","title":{"rendered":"Elevul este \u00eentotdeauna o prioritate"},"content":{"rendered":"\n<div class=\"wp-block-image\"><figure class=\"alignleft size-full\"><a href=\"http:\/\/www.slineamt.ro\/apostolul\/wp-content\/uploads\/2022\/01\/11-ap246-foto1.jpg\"><img loading=\"lazy\" decoding=\"async\" width=\"334\" height=\"454\" src=\"http:\/\/www.slineamt.ro\/apostolul\/wp-content\/uploads\/2022\/01\/11-ap246-foto1.jpg\" alt=\"\" class=\"wp-image-22143\" srcset=\"http:\/\/www.slineamt.ro\/apostolul\/wp-content\/uploads\/2022\/01\/11-ap246-foto1.jpg 334w, http:\/\/www.slineamt.ro\/apostolul\/wp-content\/uploads\/2022\/01\/11-ap246-foto1-221x300.jpg 221w, http:\/\/www.slineamt.ro\/apostolul\/wp-content\/uploads\/2022\/01\/11-ap246-foto1-260x353.jpg 260w, http:\/\/www.slineamt.ro\/apostolul\/wp-content\/uploads\/2022\/01\/11-ap246-foto1-160x217.jpg 160w\" sizes=\"auto, (max-width: 334px) 100vw, 334px\" \/><\/a><\/figure><\/div>\n\n\n\n<p>\u2022 Interviu cu doamna Daniela Neam\u0163u \u2013 director, Colegiul Na\u0163ional de Informatic\u0103, Piatra-Neam\u0163<\/p>\n\n\n\n<p><em>\u2013 Ce schimb\u0103ri v-a\u0163i propus s\u0103 face\u0163i c\u00e2nd a\u0163i devenit director al acestui colegiu?<\/em><\/p>\n\n\n\n<p>\u2013 Am devenit director \u00een anul 2003, \u00eentr-un moment \u00een care nu-mi doream asta, pentru c\u0103 eram destul de t\u00e2n\u0103r\u0103, doream s\u0103 fac foarte multe lucruri \u00een via\u0163\u0103 \u015fi partea aceasta organiza\u0163ional\u0103 nu p\u0103rea ispititoare. Aveam un copil mic, familie, \u015fi \u00een acela\u015fi timp doream s\u0103-mi dezvolt cariera profesional\u0103 pe partea de specialitate. Voiam s\u0103 scriu, s\u0103 citesc, s\u0103 m\u0103 dedic altor domenii. Dar a fost o provocare pe care am acceptat-o \u015fi pe care apoi mi-am asumat-o. Astfel \u00eenc\u00e2t, \u00eempreun\u0103 cu to\u0163i colegii mei, am hot\u0103r\u00e2t s\u0103 ini\u0163iem activit\u0103\u0163i care s\u0103 pun\u0103 \u00een valoare at\u00e2t elevul c\u00e2t \u015fi profesorul. Spre exemplu, am ini\u0163iat concursuri desf\u0103\u015furate de <em>Zilele Liceului de Informatic\u0103<\/em> (pe atunci era liceu), asociind zilele \u015fcolii cu s\u0103rb\u0103torile din decembrie, pentru c\u0103 era un \u00eenceput, a\u015fa cum Cr\u0103ciunul reprezint\u0103 un \u00eenceput pentru to\u0163i cre\u015ftinii. Este vorba despre concursuri de matematic\u0103, de informatic\u0103, de \u015ftiin\u0163e, de literatur\u0103. Am publicat pe l\u00e2ng\u0103 revista \u015fcolii \u015fi alte reviste de specialitate: de matematic\u0103, de informatic\u0103 \u015fi de \u015ftiin\u0163e. Cea care are cea mai mare continuitate este revista de \u015ftiin\u0163e TNT, care apare \u015fi ast\u0103zi de <em>Zilele Colegiului<\/em>, \u00een asociere cu un concurs de \u015ftiin\u0163e, la care particip\u0103 elevi din Piatra-Neam\u0163, provoca\u0163i spre conceperea unor proiecte de supravie\u0163uire, \u00een care ei s\u0103 aplice toate cuno\u015ftin\u0163ele de \u015ftiin\u0163e naturale pe care le au, pentru a ie\u015fi la liman. Este un proiect teoretic, nu practic.<\/p>\n\n\n\n<p>\u00cen al doilea r\u00e2nd am reu\u015fit \u00eentr-un timp foarte scurt \u015fi anume septembrie 2004, s\u0103 ne transform\u0103m din liceu \u00een Colegiul Na\u0163ional de Informatic\u0103. \u00cempreun\u0103 cu profesorii vechii genera\u0163ii am str\u00e2ns toat\u0103 documenta\u0163ia din \u015fcoal\u0103 \u015fi, de\u015fi nu \u00eendeplineam condi\u0163ia de a fi liceu centenar, prin performan\u0163ele pe care le avem \u015fi prin tradi\u0163ia educa\u0163iei de aici ne-am atins \u015fi acest obiectiv.<\/p>\n\n\n\n<p>Tot cu ajutorul colegilor am \u00eenfiin\u0163at, printre primii din jude\u0163, o funda\u0163ie, la care membrii fondatori sunt profesorii \u015fcolii \u015fi prin care am reu\u015fit s\u0103 str\u00e2ngem fonduri pentru toate ac\u0163iunile pe care noi dorim s\u0103 le desf\u0103\u015fur\u0103m \u00een \u015fcoal\u0103. Aceasta presupune at\u00e2t voluntariat, \u00eentruc\u00e2t niciunul dintre profesori nu este pl\u0103tit pentru ceea ce face, dar \u015fi implicarea comunit\u0103\u0163ii pentru sus\u0163inerea \u015fcolii noastre.<\/p>\n\n\n\n<p>Cred c\u0103 s-au produs schimb\u0103ri foarte mari \u00een acel \u00eenceput, pe care eu \u00eel numesc \u201eperioada eroic\u0103\u201d, pentru c\u0103 to\u0163i cei prezen\u0163i au f\u0103cut lucruri extraordinare care au pus bazele unei tradi\u0163ii educa\u0163ionale la noi.<\/p>\n\n\n\n<p><em>\u2013 \u00cen ce m\u0103sur\u0103 forma\u0163ia dvs. profesional\u0103 v-a ajutat \u00een efortul managerial?<\/em><\/p>\n\n\n\n<p>\u2013 M-a ajutat \u00eentr-o m\u0103sur\u0103 foarte mare, deoarece consider c\u0103 forma\u0163ia mea, \u00een primul r\u00e2nd ca absolvent al unei facult\u0103\u0163i de filozofie, m-a f\u0103cut s\u0103 empatizez cu oamenii, s\u0103 \u00een\u0163eleg care sunt nevoile lor dar \u00een acela\u015fi timp s\u0103 \u00een\u0163eleg \u015fi care este nevoia organiza\u0163iei. Astfel \u00eenc\u00e2t s\u0103 le putem compatibiliza. Uneori ele coincid, alteori nu. Dar \u00eencerc s\u0103 fac o balan\u0163\u0103 \u00eentre acestea astfel \u00eenc\u00e2t to\u0163i oamenii din aceast\u0103 \u015fcoal\u0103 s\u0103 se simt\u0103 bine, deoarece, dac\u0103 este \u00eendeplinit\u0103 aceast\u0103 condi\u0163ie \u00ee\u015fi fac profesia bine. Iar cei care beneficiaz\u0103 \u00een urma acestui echilibru sunt \u00een primul r\u00e2nd elevii.<\/p>\n\n\n\n<p><em>\u2013 Continu\u0103 elevul s\u0103 r\u0103m\u00e2n\u0103 o prioritate pe agenda dvs. de lucru?<\/em><\/p>\n\n\n\n<p>\u2013 Elevul este \u00eentotdeauna o prioritate. El este pentru noi copilul nostru \u015fi a\u015fa cum \u00eentr-o familie copilul este prioritatea, a\u015fa se \u00eent\u00e2mpl\u0103 \u015fi \u00een \u015fcoala noastr\u0103, nu numai pentru mine ci \u015fi pentru to\u0163i colegii mei. \u00cen situa\u0163ia unui conflict primul ascultat este elevul, dup\u0103 care urmeaz\u0103 ceilal\u0163i implica\u0163i: p\u0103rin\u0163ii, profesorii etc. Iar solu\u0163ia trebuie s\u0103 fie una \u00een favoarea elevului, dar \u00een beneficiu lui real, nu aparent. Astfel \u00eenc\u00e2t elevul s\u0103 aib\u0103 parte de o educa\u0163ie de calitate \u015fi nu doar de o m\u00e2ng\u00e2iere pe cap.<\/p>\n\n\n\n<p><em>\u2013 Colegiul Na\u0163ional de Informatic\u0103 are un parteneriat foarte interesant cu un liceu din Germania. Despre ce este vorba?<\/em><\/p>\n\n\n\n<p>\u2013 Colegiul nostru este implicat \u00een parteneriate cu \u015fcoli din \u00eentreaga Europ\u0103. Am fost parteneri \u015fi cu Microsoft, ceea ce \u00eenseamn\u0103 c\u0103 noi \u00eencerc\u0103m s\u0103 comunic\u0103m \u015fi cu alte sisteme educa\u0163ionale, astfel \u00eenc\u00e2t elevii s\u0103 poat\u0103 beneficia de o viziune mai larg\u0103 asupra a ceea ce \u00eenseamn\u0103 educa\u0163ia \u00een lume.<\/p>\n\n\n\n<div class=\"wp-block-image\"><figure class=\"alignright size-full is-resized\"><a href=\"http:\/\/www.slineamt.ro\/apostolul\/wp-content\/uploads\/2022\/01\/11-ap246-foto2.jpg\"><img loading=\"lazy\" decoding=\"async\" src=\"http:\/\/www.slineamt.ro\/apostolul\/wp-content\/uploads\/2022\/01\/11-ap246-foto2.jpg\" alt=\"\" class=\"wp-image-22144\" width=\"632\" height=\"420\" srcset=\"http:\/\/www.slineamt.ro\/apostolul\/wp-content\/uploads\/2022\/01\/11-ap246-foto2.jpg 680w, http:\/\/www.slineamt.ro\/apostolul\/wp-content\/uploads\/2022\/01\/11-ap246-foto2-300x199.jpg 300w, http:\/\/www.slineamt.ro\/apostolul\/wp-content\/uploads\/2022\/01\/11-ap246-foto2-560x372.jpg 560w, http:\/\/www.slineamt.ro\/apostolul\/wp-content\/uploads\/2022\/01\/11-ap246-foto2-260x173.jpg 260w, http:\/\/www.slineamt.ro\/apostolul\/wp-content\/uploads\/2022\/01\/11-ap246-foto2-160x106.jpg 160w\" sizes=\"auto, (max-width: 632px) 100vw, 632px\" \/><\/a><\/figure><\/div>\n\n\n\n<p>Parteneriatul despre care vorbi\u0163i este unul \u00een care elevii no\u015ftri pot aplica pentru clasa a X-a, pentru a \u00eenv\u0103\u0163a un an de zile la un liceu din Germania cu acela\u015fi profil ca al nostru, fiind g\u0103zdui\u0163i la o familie de acolo. Se \u00eentorc acas\u0103, \u00een clasa a XI-a, cu numeroase avantaje, mai ales cele legate de \u00eenv\u0103\u0163area limbii germane, de\u015fi studiile se fac \u00een limba englez\u0103. Cred c\u0103 cel mai crucial este avantajul de a cunoa\u015fte provoc\u0103rile \u015federii \u00eentr-o alt\u0103 familie, care sunt reale \u015fi importate. \u00cen acela\u015fi timp vin cu o experien\u0163\u0103 de via\u0163\u0103 care \u00eei ajut\u0103 s\u0103 studieze mai bine \u00een Rom\u00e2nia, s\u0103 comunice mai bine cu proprii lor colegi \u015fi s\u0103 aprecieze mai mult ceea ce au aici.<\/p>\n\n\n\n<p><em>\u2013 A\u0163i ob\u0163inut diploma de doctor \u00een filosofie. Ce a adus nou \u00een via\u0163a dvs. parcurgerea \u015fcolii doctorale?<\/em><\/p>\n\n\n\n<p>\u2013 Este o \u00eentrebare care m\u0103 face s\u0103 \u00eemi amintesc cu bucurie ceea ce a \u00eensemnat parcurgerea \u015fcolii doctorale. \u00cen primul r\u00e2nd este vorba despre studierea unui domeniu \u00een care nu am avut doar satisfac\u0163ie intelectual\u0103 ci \u015fi bucurie profesional\u0103. Cred c\u0103 niciodat\u0103 n-am fost mai fericit\u0103 din punct de vedere profesional dec\u00e2t \u00een acea perioad\u0103. Din punct de vedere managerial am tot felul de provoc\u0103ri administrative, dar cele intelectuale sunt mai rare. Av\u00e2nd \u00een vedere c\u0103 mi-am ales domeniul filosofic atunci c\u00e2nd am mers la facultate, este clar c\u0103 pentru mine acesta este fundamental. \u015ecoala doctoral\u0103 m-a ajutat s\u0103 tr\u0103iesc din plin aceast\u0103 bucurie a vie\u0163ii. Tema lucr\u0103rii mele de doctorat a fost \u201eAristotel \u015fi averoismul\u201d. Este curios c\u0103 atunci c\u00e2nd am mers la \u00eendrum\u0103torul meu de doctorat, domnul Costic\u0103 Marin, un profesor extraordinar de istorie a filosofiei, aveam \u00een plan s\u0103 pornesc de la Platon \u015fi s\u0103 ajung la filosofii spanioli, dar dup\u0103 discu\u0163ia cu dumnealui am plecat de la Aristotel \u015fi am ajuns la filosofia arab\u0103. Ceea ce m-a f\u0103cut s\u0103 cunosc un domeniu mai pu\u0163in studiat \u00een Rom\u00e2nia, s\u0103 fac o cercetare riguroas\u0103 dar dificil\u0103, pentru c\u0103 de abia \u00eencepeau s\u0103 apar\u0103 c\u0103r\u0163ile de filosofie \u00een Rom\u00e2nia, astfel \u00eenc\u00e2t am cump\u0103rat multe c\u0103r\u0163i din str\u0103in\u0103tate, \u00een englez\u0103 sau francez\u0103. A fost extraordinar \u015fi oric\u00e2nd a\u015f repeta experien\u0163a.<\/p>\n\n\n\n<p><em>\u2013 Men\u0163iona\u0163i c\u00e2teva dintre activit\u0103\u0163ile \u015fi competi\u0163iile \u00een care a\u0163i reu\u015fit cel mai mult s\u0103 excela\u0163i cu elevii.<\/em><\/p>\n\n\n\n<p>\u2013 Av\u00e2nd \u00een vedere profilul liceului nostru, elevii no\u015ftri exceleaz\u0103 \u00een primul r\u00e2nd \u00een informatic\u0103, unde avem olimpici na\u0163ionali \u015fi interna\u0163ionali, pe care \u00eei sus\u0163inem at\u00e2t \u00een activit\u0103\u0163ile de la \u015fcoal\u0103 c\u00e2t \u015fi \u00een cele de la Centrul de excelen\u0163\u0103. \u00cen plus am reu\u015fit s\u0103 dezvolt\u0103m dou\u0103 concursuri ale liceului nostru. Este vorba \u00een primul r\u00e2nd despre PROSOFT@NT, un concurs de matematic\u0103 \u015fi informatic\u0103, la care vin loturi din \u00eentreaga \u0163ar\u0103, fiind \u00eenscris \u00een calendarul Ministerului Educa\u0163iei. Asociat acestuia organiz\u0103m un simpozion interna\u0163ional care poart\u0103 numele regretatului domn profesor Gheorghe \u0162ifui, unul dintre cei mai mari profesori pe care i-a avut jude\u0163ul nostru, simpozion la care profesorii participan\u0163i prezint\u0103 lucr\u0103ri \u015ftiin\u0163ifice \u015fi metodice inovative. De asemenea am reu\u015fit s\u0103 organiz\u0103m o olimpiad\u0103 na\u0163ional\u0103 \u015fi interna\u0163ional\u0103 de informatic\u0103, pe echipe, \u00eempreun\u0103 cu partenerii no\u015ftri din Italia \u015fi Rusia, astfel \u00eenc\u00e2t s\u0103 promov\u0103m nu doar studiul informaticii ci \u015fi lucrul \u00een echip\u0103.<\/p>\n\n\n\n<p>Dar, chiar dac\u0103 suntem un liceu specializat pe informatic\u0103, elevii no\u015ftri particip\u0103 la toate olimpiadele \u015fcolare, av\u00e2nd \u00een fiecare an premian\u0163i la fazele na\u0163ionale la limba rom\u00e2n\u0103, la limbi str\u0103ine, la \u015ftiin\u0163e. \u00cen privin\u0163a \u015ftiin\u0163elor doresc s\u0103 precizez c\u0103, \u00een primul r\u00e2nd doamna profesoar\u0103 Diana Bejan organizeaz\u0103 cu elevii diverse activit\u0103\u0163i la nivel na\u0163ional \u015fi interna\u0163ional, colabor\u00e2nd \u00een proiecte cu Agen\u0163ia Spa\u0163ial\u0103 European\u0103 \u015fi NASA. Astfel \u00eenc\u00e2t \u00eentr-un an au trecut de cercul polar \u015fi de acolo au lansat un minisatelit \u00een spa\u0163iu.<\/p>\n\n\n\n<p><em>\u2013 Care este secretul men\u0163inerii unei atmosfere armonioase \u00een cancelarie?<\/em><\/p>\n\n\n\n<div class=\"wp-block-image\"><figure class=\"alignleft size-full\"><a href=\"http:\/\/www.slineamt.ro\/apostolul\/wp-content\/uploads\/2022\/01\/11-ap246-foto3.jpg\"><img loading=\"lazy\" decoding=\"async\" width=\"482\" height=\"313\" src=\"http:\/\/www.slineamt.ro\/apostolul\/wp-content\/uploads\/2022\/01\/11-ap246-foto3.jpg\" alt=\"\" class=\"wp-image-22145\" srcset=\"http:\/\/www.slineamt.ro\/apostolul\/wp-content\/uploads\/2022\/01\/11-ap246-foto3.jpg 482w, http:\/\/www.slineamt.ro\/apostolul\/wp-content\/uploads\/2022\/01\/11-ap246-foto3-300x195.jpg 300w, http:\/\/www.slineamt.ro\/apostolul\/wp-content\/uploads\/2022\/01\/11-ap246-foto3-260x169.jpg 260w, http:\/\/www.slineamt.ro\/apostolul\/wp-content\/uploads\/2022\/01\/11-ap246-foto3-160x104.jpg 160w\" sizes=\"auto, (max-width: 482px) 100vw, 482px\" \/><\/a><\/figure><\/div>\n\n\n\n<p>\u2013 Colectivul nostru este format din profesori care se afl\u0103 la acela\u015fi nivel de performan\u0163\u0103, ceea ce \u00eei face s\u0103 aib\u0103 o viziune comun\u0103 asupra a ceea ce \u00eenseamn\u0103 educa\u0163ia. Au cu aproxima\u0163ie aceea\u015fi v\u00e2rst\u0103, a maturit\u0103\u0163ii \u015fi doresc s\u0103 demonstreze ceea ce \u015ftiu \u015fi pot cu adev\u0103rat. Armonia vine din faptul c\u0103 exist\u0103 o competi\u0163ie lucrativ\u0103, \u00een sensul c\u0103 ei nu concureaz\u0103 \u00eentre ei, ci, de fapt, colaboreaz\u0103 pentru ca elevii no\u015ftri s\u0103-\u015fi ating\u0103 cu adev\u0103rat obiectivele \u015fi poten\u0163ialul. \u00cen momentul \u00een care colegii mei se \u00eent\u00e2lnesc \u00een cancelarie pot \u00eemp\u0103rt\u0103\u015fi lucruri \u015fi sentimente comune \u015fi cred c\u0103-i ajut\u0103 \u015fi faptul c\u0103 eu nu pun o presiune exterioar\u0103 asupra activit\u0103\u0163ii lor. Noi, echipa managerial\u0103, doar \u00eencerc\u0103m s\u0103-i sus\u0163inem \u00een tot ceea ce doresc s\u0103 fac\u0103.<\/p>\n\n\n\n<p><em>\u2013 Cum considera\u0163i c\u0103 se poate realiza cel mai bine \u00een prezent promovarea imaginii institu\u0163iei dvs.?<\/em><\/p>\n\n\n\n<p>\u2013 A\u015fa cum probabil se observ\u0103, am trecut \u00eentr-o perioad\u0103 \u00een care promovarea imaginii se face \u00een primul r\u00e2nd \u00een mediul digital. Ceea ce \u00eenseamn\u0103 c\u0103 aici, noi avem un avantaj suplimentar, deoarece elevii \u015fi profesorii no\u015ftri fac parte din re\u0163ele de socializare, au bloguri, conturi, diverse alte lucruri de genul acesta. Inclusiv contul nostru de facebook unde post\u0103m lucruri care intereseaz\u0103 \u00eentreaga organiza\u0163ie. Dar \u00een acela\u015fi timp cred c\u0103 promovarea imaginii se face foarte eficient prin activit\u0103\u0163ile \u015fi rezultatele noastre, ale elevilor \u015fi ale profesorilor, pe care noi le facem apoi cunoscute \u00een jude\u0163, \u00een \u0163ar\u0103 \u015fi \u00een \u00eentreaga lume, at\u00e2t prin presa scris\u0103 \u015fi televiziune, dar \u015fi prin mediile digitale. Ne implic\u0103m foarte mult \u015fi \u00een ac\u0163iuni de voluntariat, care ele \u00eensele realizeaz\u0103 o promovare a imaginii.<\/p>\n\n\n\n<p><em>\u2013 Ce v-a \u00eenv\u0103\u0163at anul 2021?<\/em><\/p>\n\n\n\n<p>\u2013 Anul 2021 mi-a reamintit c\u0103 un singur lucru nu poate fi reparat: moartea. \u00cen rest absolut orice poate fi remediat \u015fi \u00eembun\u0103t\u0103\u0163it. Pentru noi, anul care tocmai s-a \u00eencheiat a fost unul extraordinar de bun. Provocarea s-a transformat \u00eentr-o oportunitate: am reu\u015fit s\u0103 ne digitaliz\u0103m \u00een totalitate, am reu\u015fit s\u0103 dot\u0103m toate clasele cu calculatoare \u015fi videoproiectoare, am reu\u015fit s\u0103 comunic\u0103m mai bine unii cu ceilal\u0163i, s\u0103 devenim mai empatici. Profesorii \u00een\u0163eleg mai bine elevii \u015fi suntem mai uni\u0163i \u00eentre noi.<\/p>\n\n\n\n<p><strong><em>A consemnat Gianina BURUIAN\u0102<\/em><\/strong><\/p>\n","protected":false},"excerpt":{"rendered":"<p>\u2022 Interviu cu doamna Daniela Neam\u0163u \u2013 director, Colegiul Na\u0163ional de Informatic\u0103, Piatra-Neam\u0163 \u2013 Ce schimb\u0103ri v-a\u0163i propus s\u0103 face\u0163i c\u00e2nd a\u0163i devenit director al acestui colegiu? \u2013 Am devenit director \u00een anul 2003, \u00eentr-un moment \u00een care nu-mi doream&hellip;<\/p>\n<p class=\"more-link-p\"><a class=\"more-link\" href=\"http:\/\/www.slineamt.ro\/apostolul\/scoala-nemteana-la-zi\/elevul-este-intotdeauna-o-prioritate\/\">Read more &rarr;<\/a><\/p>\n","protected":false},"author":1,"featured_media":0,"comment_status":"open","ping_status":"closed","sticky":false,"template":"","format":"standard","meta":{"footnotes":""},"categories":[10,449],"tags":[],"class_list":["post-22142","post","type-post","status-publish","format-standard","hentry","category-scoala-nemteana-la-zi","category-numarul-246"],"_links":{"self":[{"href":"http:\/\/www.slineamt.ro\/apostolul\/wp-json\/wp\/v2\/posts\/22142","targetHints":{"allow":["GET"]}}],"collection":[{"href":"http:\/\/www.slineamt.ro\/apostolul\/wp-json\/wp\/v2\/posts"}],"about":[{"href":"http:\/\/www.slineamt.ro\/apostolul\/wp-json\/wp\/v2\/types\/post"}],"author":[{"embeddable":true,"href":"http:\/\/www.slineamt.ro\/apostolul\/wp-json\/wp\/v2\/users\/1"}],"replies":[{"embeddable":true,"href":"http:\/\/www.slineamt.ro\/apostolul\/wp-json\/wp\/v2\/comments?post=22142"}],"version-history":[{"count":1,"href":"http:\/\/www.slineamt.ro\/apostolul\/wp-json\/wp\/v2\/posts\/22142\/revisions"}],"predecessor-version":[{"id":22146,"href":"http:\/\/www.slineamt.ro\/apostolul\/wp-json\/wp\/v2\/posts\/22142\/revisions\/22146"}],"wp:attachment":[{"href":"http:\/\/www.slineamt.ro\/apostolul\/wp-json\/wp\/v2\/media?parent=22142"}],"wp:term":[{"taxonomy":"category","embeddable":true,"href":"http:\/\/www.slineamt.ro\/apostolul\/wp-json\/wp\/v2\/categories?post=22142"},{"taxonomy":"post_tag","embeddable":true,"href":"http:\/\/www.slineamt.ro\/apostolul\/wp-json\/wp\/v2\/tags?post=22142"}],"curies":[{"name":"wp","href":"https:\/\/api.w.org\/{rel}","templated":true}]}}