{"id":22246,"date":"2022-02-24T07:29:00","date_gmt":"2022-02-24T07:29:00","guid":{"rendered":"http:\/\/www.slineamt.ro\/apostolul\/?p=22246"},"modified":"2022-02-24T07:29:00","modified_gmt":"2022-02-24T07:29:00","slug":"remember-casa-nationala-regina-maria","status":"publish","type":"post","link":"http:\/\/www.slineamt.ro\/apostolul\/lectia-de-istorie\/remember-casa-nationala-regina-maria\/","title":{"rendered":"REMEMBER: Casa Na\u0163ional\u0103 \u201eRegina Maria\u201d"},"content":{"rendered":"\n<div class=\"wp-block-image\"><figure class=\"alignleft size-full\"><a href=\"http:\/\/www.slineamt.ro\/apostolul\/wp-content\/uploads\/2022\/02\/18-ap247-foto1.jpg\"><img loading=\"lazy\" decoding=\"async\" width=\"322\" height=\"378\" src=\"http:\/\/www.slineamt.ro\/apostolul\/wp-content\/uploads\/2022\/02\/18-ap247-foto1.jpg\" alt=\"\" class=\"wp-image-22247\" srcset=\"http:\/\/www.slineamt.ro\/apostolul\/wp-content\/uploads\/2022\/02\/18-ap247-foto1.jpg 322w, http:\/\/www.slineamt.ro\/apostolul\/wp-content\/uploads\/2022\/02\/18-ap247-foto1-256x300.jpg 256w, http:\/\/www.slineamt.ro\/apostolul\/wp-content\/uploads\/2022\/02\/18-ap247-foto1-260x305.jpg 260w, http:\/\/www.slineamt.ro\/apostolul\/wp-content\/uploads\/2022\/02\/18-ap247-foto1-160x188.jpg 160w\" sizes=\"auto, (max-width: 322px) 100vw, 322px\" \/><\/a><\/figure><\/div>\n\n\n\n<p>Cl\u0103direa Casei Na\u0163ionale \u201eRegina Maria\u201d, situat\u0103 pe strada Unirii din Cartierul Precista, a fost inaugurat\u0103 la 26 mai 1929. Festivitatea de deschidere s-a f\u0103cut \u00een prezen\u0163a scriitorului Eugeniu P. Botez (cunoscut sub pseudonimul literar Jean Bart), a generalului N. Negreanu \u015fi a lui Octav L\u0103z\u0103rescu, reprezentan\u0163i ai Centralei Caselor Na\u0163ionale. Preotul Constantin Matas\u0103 a fost secretar, dup\u0103 care a \u00eendeplinit func\u0163ia de pre\u015fedinte al acestui a\u015fez\u0103m\u00e2nt de cultur\u0103.<\/p>\n\n\n\n<p>Institu\u0163ia era o sucursal\u0103 a Centralei Caselor Na\u0163ionale, \u00eenfiin\u0163at\u0103 \u00een iunie 1919 la Bucure\u015fti din ini\u0163iativa generalului I. Manolescu \u015fi a profesorului universitar Gheorghe \u0162i\u0163eica.<\/p>\n\n\n\n<p>Presa vremii consemna: <em>\u00cen ziua de 14 mai 1928 s-a s\u0103v\u00e2r\u015fit solemnitatea punerii pietrei fundamentale pe un loc anume cump\u0103rat \u00een str. Lt. Gh. B\u0103d\u0103r\u0103u No. 5. Localul va cuprinde o sal\u0103 de conferin\u0163e cu o scen\u0103 \u00eenc\u0103p\u0103toare, o sal\u0103 pentru bibliotec\u0103, una pentru cancelarie \u015fi dou\u0103 camere de serviciu, desp\u0103r\u0163ite de un antreu \u015fi un vestiar. Pe peretele de la intrarea principal\u0103 se va a\u015feza o plac\u0103 de marmor\u0103 cu numele osta\u015filor \u2013 originari din acest ora\u015f c\u0103zu\u0163i \u00een r\u0103zboiu. Construc\u0163ia va fi gata \u2013 pe din\u0103untru \u2013 p\u00e2n\u0103 \u00een toamna acestui an, a\u015fa c\u0103, \u00eencep\u00e2nd de la iarna viitoare, Casa Na\u0163ional\u0103 \u00ee\u015fi va relua activitatea \u00een localul ei propriu<\/em>.<\/p>\n\n\n\n<p>Printre cei care au conferen\u0163iat de-a lungul existen\u0163ei acestui edificiu cultural s-a num\u0103rat \u015fi g\u00e2nditorul Nichifor Crainic. Prelegerea sa, despre <em>cugetarea estetic\u0103 a domnului Nicolae Iorga<\/em>, a fost \u0163inut\u0103 duminic\u0103, 17 mai 1931. Ora\u015ful nostru i-a l\u0103sat o <em>extrem de bun\u0103 impresie, fapt care l-a determinat s\u0103-\u015fi aleag\u0103 drept loc de odihn\u0103 pentru la var\u0103, unul din centrele de pe Valea Bistri\u0163ei.<\/em><\/p>\n\n\n\n<p><em>Din frumoasa \u015fi instructiva sa conferin\u0163\u0103, spicuim pentru cititorii no\u015ftrii c\u00e2teva idei. Opera profesorului Iorga, spunea domnul Crainic, e vast\u0103, se poate spune unic\u0103 \u00een lumea \u00eentreag\u0103. Istoria, teatru, ziaristica, nimic n-a sc\u0103pat acestui titan al culturii rom\u00e2ne\u015fti. Partea cea mai important\u0103 din opera sa e \u00eens\u0103 concep\u0163ia despre lume \u015fi via\u0163\u0103 \u00een genere \u015fi despre art\u0103 \u00een special, care e \u015fi subiectul conferin\u0163ei de fa\u0163\u0103. Domnul Iorga, nu este un filosof \u00een sensul clasic al cuv\u00e2ntului, cuget\u0103tor \u00een genul lui Platon, Aristotel \u015fi Plotin. El e un du\u015fman al filosofiei abstracte izolate de via\u0163\u0103. Concep\u00e2nd cugetarea intuitiv\u0103, legat\u0103 str\u00e2ns de via\u0163a ce curge ve\u015fnic, el se apropie mai mult de filosoful francez Henri Bergson. Domnul Crainic, alege ca punct central al \u00eentregii filosofii iorghiste \u2013 filosofie neformulat\u0103 \u00een canoane fixe, cartea \u201eCuget\u0103rile unui om ca oricare altul\u201d(\u2026)<\/em><\/p>\n\n\n\n<p><em>La sf\u00e2r\u015fitul conferin\u0163ei, domnul Nichifor Crainic a fost s\u0103rb\u0103torit, de asisten\u0163\u0103, \u00een toat\u0103 puterea cuv\u00e2ntului. I s-au recitat poezii din \u201eDarurile p\u00e2m\u00e2ntului\u201d, i s-a c\u00e2ntat \u201emul\u0163i ani tr\u0103iasc\u0103\u201d, a fost viu felicitat, iar domnul colonel Ionescu i-a \u0163inut un scurt \u015fi \u00eensufle\u0163it cuv\u00e2nt<\/em>. (Ziarul <em>Av\u00e2ntul<\/em>, 21 mai 1931, p.1.)<\/p>\n\n\n\n<p>\u00cen aceast\u0103 cl\u0103dire a func\u0163ionat, \u00eentre anii 1934 \u015fi 1960, Muzeul Arheologic Piatra-Neam\u0163, fondat de preotul Constantin Matas\u0103, dup\u0103 care imobilul a intrat \u00een proprietatea Teatrului Tineretului, cu utilitate de atelier de produc\u0163ie.<\/p>\n\n\n\n<p><strong><em>Violeta MO\u015eU<\/em><\/strong><\/p>\n","protected":false},"excerpt":{"rendered":"<p>Cl\u0103direa Casei Na\u0163ionale \u201eRegina Maria\u201d, situat\u0103 pe strada Unirii din Cartierul Precista, a fost inaugurat\u0103 la 26 mai 1929. Festivitatea de deschidere s-a f\u0103cut \u00een prezen\u0163a scriitorului Eugeniu P. Botez (cunoscut sub pseudonimul literar Jean Bart), a generalului N. Negreanu&hellip;<\/p>\n<p class=\"more-link-p\"><a class=\"more-link\" href=\"http:\/\/www.slineamt.ro\/apostolul\/lectia-de-istorie\/remember-casa-nationala-regina-maria\/\">Read more &rarr;<\/a><\/p>\n","protected":false},"author":1,"featured_media":0,"comment_status":"open","ping_status":"closed","sticky":false,"template":"","format":"standard","meta":{"footnotes":""},"categories":[6,450],"tags":[],"class_list":["post-22246","post","type-post","status-publish","format-standard","hentry","category-lectia-de-istorie","category-numarul-247"],"_links":{"self":[{"href":"http:\/\/www.slineamt.ro\/apostolul\/wp-json\/wp\/v2\/posts\/22246","targetHints":{"allow":["GET"]}}],"collection":[{"href":"http:\/\/www.slineamt.ro\/apostolul\/wp-json\/wp\/v2\/posts"}],"about":[{"href":"http:\/\/www.slineamt.ro\/apostolul\/wp-json\/wp\/v2\/types\/post"}],"author":[{"embeddable":true,"href":"http:\/\/www.slineamt.ro\/apostolul\/wp-json\/wp\/v2\/users\/1"}],"replies":[{"embeddable":true,"href":"http:\/\/www.slineamt.ro\/apostolul\/wp-json\/wp\/v2\/comments?post=22246"}],"version-history":[{"count":1,"href":"http:\/\/www.slineamt.ro\/apostolul\/wp-json\/wp\/v2\/posts\/22246\/revisions"}],"predecessor-version":[{"id":22248,"href":"http:\/\/www.slineamt.ro\/apostolul\/wp-json\/wp\/v2\/posts\/22246\/revisions\/22248"}],"wp:attachment":[{"href":"http:\/\/www.slineamt.ro\/apostolul\/wp-json\/wp\/v2\/media?parent=22246"}],"wp:term":[{"taxonomy":"category","embeddable":true,"href":"http:\/\/www.slineamt.ro\/apostolul\/wp-json\/wp\/v2\/categories?post=22246"},{"taxonomy":"post_tag","embeddable":true,"href":"http:\/\/www.slineamt.ro\/apostolul\/wp-json\/wp\/v2\/tags?post=22246"}],"curies":[{"name":"wp","href":"https:\/\/api.w.org\/{rel}","templated":true}]}}