{"id":22249,"date":"2022-02-24T07:30:44","date_gmt":"2022-02-24T07:30:44","guid":{"rendered":"http:\/\/www.slineamt.ro\/apostolul\/?p=22249"},"modified":"2022-02-24T07:30:44","modified_gmt":"2022-02-24T07:30:44","slug":"in-memoriam-iuliu-maniu","status":"publish","type":"post","link":"http:\/\/www.slineamt.ro\/apostolul\/lectia-de-istorie\/in-memoriam-iuliu-maniu\/","title":{"rendered":"In memoriam IULIU MANIU"},"content":{"rendered":"\n<div class=\"wp-block-image\"><figure class=\"alignleft size-full is-resized\"><a href=\"http:\/\/www.slineamt.ro\/apostolul\/wp-content\/uploads\/2022\/02\/17-ap247-foto1.jpg\"><img loading=\"lazy\" decoding=\"async\" src=\"http:\/\/www.slineamt.ro\/apostolul\/wp-content\/uploads\/2022\/02\/17-ap247-foto1.jpg\" alt=\"\" class=\"wp-image-22250\" width=\"288\" height=\"469\" srcset=\"http:\/\/www.slineamt.ro\/apostolul\/wp-content\/uploads\/2022\/02\/17-ap247-foto1.jpg 232w, http:\/\/www.slineamt.ro\/apostolul\/wp-content\/uploads\/2022\/02\/17-ap247-foto1-184x300.jpg 184w, http:\/\/www.slineamt.ro\/apostolul\/wp-content\/uploads\/2022\/02\/17-ap247-foto1-160x261.jpg 160w\" sizes=\"auto, (max-width: 288px) 100vw, 288px\" \/><\/a><\/figure><\/div>\n\n\n\n<p><strong>\u201e<em>\u00cen celula nr\u2026 s-a stins lumina<\/em>\u201d. S-o reaprindem cu credin\u0163\u0103 \u015fi iubire!<\/strong><\/p>\n\n\n\n<p>Aproape de trei sferturi de veac, la 5 februarie, ca \u00eentr-un act de justi\u0163ie repetitiv, memoria rom\u00e2neasc\u0103 se \u00eendreapt\u0103 c\u0103tre Sighet, acolo unde, \u00een 1953 s-a stins din via\u0163\u0103 Iuliu Maniu \u2013 lupt\u0103torul acerb pentru dislocarea Transilvaniei din captivitatea austro-ungar\u0103, Pre\u015fedinte al Partidului National Rom\u00e2n din Transilvania \u015fi apoi al PN\u0162, membru \u00een Parlamentele din Budapesta \u015fi Bucure\u015fti. Despre el, istoricul Florin Constantiniu avea s\u0103 afirme c\u0103 a fost \u00eentruchiparea cinstei des\u0103v\u00e2r\u015fite \u015fi va r\u0103m\u00e2ne ve\u015fnic acoperit de albul imaculat al z\u0103pezii. Formula \u201e\u00cen celula nr&#8230; s-a stins lumina\u201d, prin care s-a raportat la Bucure\u015fti decesul lui Iuliu Maniu, interpretat\u0103 ca un mesaj codat, dictat de fric\u0103, avea s\u0103 capete \u00een timp semnifica\u0163ia stingerii unei \u00eenalte con\u015ftiin\u0163e rom\u00e2ne\u015fti, a celui mai cunoscut lider ardelean al Rom\u00e2niei re\u00eentregite. Ca \u00eentr-o c\u0103utare a luminii acestui mare spirit, \u00een ziua de 5 februarie, pa\u015fii se \u00eendreapt\u0103 la memorialul din Sighetul Marma\u0163iei, de unde sufletu-i s-a \u00een\u0103l\u0163at la Cer, ori spre Cimitirul S\u0103racilor de la Sighetul Marma\u0163iei, chiar dac\u0103 nu se \u015ftie locul exact unde au fost \u00eenmorm\u00e2ntate r\u0103m\u0103\u015fi\u0163ele sale p\u0103m\u00e2nte\u015fti. Dincolo de Prut, \u00een Moldova de r\u0103s\u0103rit, con\u015ftien\u0163i sau nu, \u00een rol de str\u0103jeri la hotarele latinit\u0103\u0163ii, \u00eei ve\u0163i auzi deseori pe rom\u00e2nii basarabeni lament\u00e2ndu-se: \u201eEi (cu referire la rom\u00e2nii din l\u0103untrul \u0162\u0103rii) n-au de unde \u015fti durerea noastr\u0103, ei n-au trecut prin chinurile \u015fi tragedia \u00eenstr\u0103in\u0103rii\u201d. Afirma\u0163ii, deseori urmate de pove\u015fti de via\u0163\u0103 cutremur\u0103toare, unele departe de orice imagina\u0163ie uman\u0103, care continu\u0103 s\u0103 condi\u0163ioneze reac\u0163ii \u015fi comportamente individuale sau colective. S-ar putea afirma c\u0103 da, a\u015fa este, desp\u0103r\u0163i\u0163i de mai mult de dou\u0103 veacuri, ne-a m\u0103cinat separat durerea, pentru c\u0103 rom\u00e2nii din l\u0103untrul \u0162\u0103rii au avut parte de alte experien\u0163e, dar greu de spus care au fost mai crunte sau mai dureroase, cert este c\u0103 acestea au l\u0103sat deschise r\u0103ni la fel de profunde.<\/p>\n\n\n\n<p>Istoria extermin\u0103rii elitelor na\u0163ionale, suferin\u0163ele la care au fost supu\u015fi cei mai destoinici fii ai na\u0163iunii rom\u00e2ne, sunt nesf\u00e2r\u015fite, de la gropile cu var \u00een care au fost arunca\u0163i de vii, p\u00e2n\u0103 la \u201eSiberiile de ghea\u0163\u0103\u201d, unde au fost trimi\u015fi la moarte. Stau de straj\u0103 \u00eentru pomenire m\u0103rturiile Sfin\u0163ilor \u00eenchisorilor de la Sighet, sau de la Pite\u015fti, Canal, Jilava&#8230; Lumina con\u015ftiin\u0163ei lor \u00eentruchipeaz\u0103 memoria p\u0103m\u00e2ntului rom\u00e2nesc, care ia deseori forme de prosternare.<\/p>\n\n\n\n<p>R\u0103spunsul <em>In memoriam, de extrem\u0103 urgen\u0163\u0103<\/em>, s-ar cuveni s\u0103 fie recunoa\u015fterea matricei rom\u00e2ne\u015fti, at\u00e2t prin con\u015ftientizarea \u015fi vindecarea r\u0103nilor comune, c\u00e2t \u015fi prin \u00eensu\u015firea lec\u0163iilor istoriei, menite s\u0103 declan\u015feze rena\u015fterea integr\u0103 a fiin\u0163ei na\u0163ionale. \u00cen data de 5 februarie a acestui an, condi\u0163iona\u0163i de restric\u0163iile dictate de pandemie, vom merge \u00eentr-un gest de pietate la statuia lui Iuliu Maniu de pe Calea Victoriei din Bucure\u015fti \u015fi vom c\u0103uta s\u0103 facem tot mai mult loc, \u00een con\u015ftiin\u0163a genera\u0163iilor, crezului de via\u0163\u0103 al celui care a fost \u015fi Prim-Ministru al Rom\u00e2niei Mari, Iuliu Maniu.<\/p>\n\n\n\n<p><strong><em>Iuliana GOREA COSTIN<\/em><\/strong><\/p>\n","protected":false},"excerpt":{"rendered":"<p>\u201e\u00cen celula nr\u2026 s-a stins lumina\u201d. S-o reaprindem cu credin\u0163\u0103 \u015fi iubire! Aproape de trei sferturi de veac, la 5 februarie, ca \u00eentr-un act de justi\u0163ie repetitiv, memoria rom\u00e2neasc\u0103 se \u00eendreapt\u0103 c\u0103tre Sighet, acolo unde, \u00een 1953 s-a stins din&hellip;<\/p>\n<p class=\"more-link-p\"><a class=\"more-link\" href=\"http:\/\/www.slineamt.ro\/apostolul\/lectia-de-istorie\/in-memoriam-iuliu-maniu\/\">Read more &rarr;<\/a><\/p>\n","protected":false},"author":1,"featured_media":0,"comment_status":"open","ping_status":"closed","sticky":false,"template":"","format":"standard","meta":{"footnotes":""},"categories":[6,450],"tags":[],"class_list":["post-22249","post","type-post","status-publish","format-standard","hentry","category-lectia-de-istorie","category-numarul-247"],"_links":{"self":[{"href":"http:\/\/www.slineamt.ro\/apostolul\/wp-json\/wp\/v2\/posts\/22249","targetHints":{"allow":["GET"]}}],"collection":[{"href":"http:\/\/www.slineamt.ro\/apostolul\/wp-json\/wp\/v2\/posts"}],"about":[{"href":"http:\/\/www.slineamt.ro\/apostolul\/wp-json\/wp\/v2\/types\/post"}],"author":[{"embeddable":true,"href":"http:\/\/www.slineamt.ro\/apostolul\/wp-json\/wp\/v2\/users\/1"}],"replies":[{"embeddable":true,"href":"http:\/\/www.slineamt.ro\/apostolul\/wp-json\/wp\/v2\/comments?post=22249"}],"version-history":[{"count":1,"href":"http:\/\/www.slineamt.ro\/apostolul\/wp-json\/wp\/v2\/posts\/22249\/revisions"}],"predecessor-version":[{"id":22251,"href":"http:\/\/www.slineamt.ro\/apostolul\/wp-json\/wp\/v2\/posts\/22249\/revisions\/22251"}],"wp:attachment":[{"href":"http:\/\/www.slineamt.ro\/apostolul\/wp-json\/wp\/v2\/media?parent=22249"}],"wp:term":[{"taxonomy":"category","embeddable":true,"href":"http:\/\/www.slineamt.ro\/apostolul\/wp-json\/wp\/v2\/categories?post=22249"},{"taxonomy":"post_tag","embeddable":true,"href":"http:\/\/www.slineamt.ro\/apostolul\/wp-json\/wp\/v2\/tags?post=22249"}],"curies":[{"name":"wp","href":"https:\/\/api.w.org\/{rel}","templated":true}]}}