{"id":22282,"date":"2022-02-24T07:50:10","date_gmt":"2022-02-24T07:50:10","guid":{"rendered":"http:\/\/www.slineamt.ro\/apostolul\/?p=22282"},"modified":"2022-02-24T07:50:10","modified_gmt":"2022-02-24T07:50:10","slug":"digitalizare-in-scopul-cresterii-performantei-scolare-si-formarii-competentelor-profesionale","status":"publish","type":"post","link":"http:\/\/www.slineamt.ro\/apostolul\/pasi-spre-europa\/digitalizare-in-scopul-cresterii-performantei-scolare-si-formarii-competentelor-profesionale\/","title":{"rendered":"Digitalizare \u00een scopul cre\u015fterii performan\u0163ei \u015fcolare \u015fi form\u0103rii competen\u0163elor profesionale"},"content":{"rendered":"\n<div class=\"wp-block-image\"><figure class=\"alignleft size-full\"><a href=\"http:\/\/www.slineamt.ro\/apostolul\/wp-content\/uploads\/2022\/02\/07-ap247-foto1.jpg\"><img loading=\"lazy\" decoding=\"async\" width=\"454\" height=\"454\" src=\"http:\/\/www.slineamt.ro\/apostolul\/wp-content\/uploads\/2022\/02\/07-ap247-foto1.jpg\" alt=\"\" class=\"wp-image-22283\" srcset=\"http:\/\/www.slineamt.ro\/apostolul\/wp-content\/uploads\/2022\/02\/07-ap247-foto1.jpg 454w, http:\/\/www.slineamt.ro\/apostolul\/wp-content\/uploads\/2022\/02\/07-ap247-foto1-300x300.jpg 300w, http:\/\/www.slineamt.ro\/apostolul\/wp-content\/uploads\/2022\/02\/07-ap247-foto1-150x150.jpg 150w, http:\/\/www.slineamt.ro\/apostolul\/wp-content\/uploads\/2022\/02\/07-ap247-foto1-260x260.jpg 260w, http:\/\/www.slineamt.ro\/apostolul\/wp-content\/uploads\/2022\/02\/07-ap247-foto1-160x160.jpg 160w\" sizes=\"auto, (max-width: 454px) 100vw, 454px\" \/><\/a><\/figure><\/div>\n\n\n\n<p>Colegiul Tehnic \u201eGheorghe Cartianu\u201d este partener \u00een proiectul strategic de cooperare Erasmus+ av\u00e2nd codul 2021-1-RO01-KA220-VET-000032924 \u015fi titlul \u201eDIGIT+Digitalization for in groups integrative training \u2013 international network for support, connection, innovation and know-how share in digital vocational education\u201d (Digitalizare pentru instruire \u00een grupuri integrative, re\u0163ea interna\u0163ional\u0103 pentru suport, conectare, inovare \u015fi schimb de know how \u00een educa\u0163ia voca\u0163ional\u0103 digital\u0103). Proiectul se desf\u0103\u015foar\u0103 la nivel local \u015fi interna\u0163ional \u00eencep\u00e2nd cu data de 1 ianuarie 2022 \u015fi se va finaliza la 31 decembrie 2023.<\/p>\n\n\n\n<p>Proiectul reune\u015fte 10 parteneri din 7 \u0163\u0103ri europene printre care 4 ONG-uri (Asocia\u0163ia pentru \u015etiin\u0163\u0103, Cultur\u0103, Ecologie, Tineret \u015fi Integrare Social\u0103 \u2013 ASCETIS, cu sediul \u00een Piatra-Neam\u0163 \u2013 Rom\u00e2nia, Asocia\u0163ia Vezuvio din Polonia, Asocia\u0163ia Koged din Izmir-Turcia, Asocia\u0163ia Eesti People to People din Tallin-Estonia), o micro-\u00eentreprindere specializat\u0103 \u00een formarea profesional\u0103 continu\u0103 a angaja\u0163ilor din \u00eentreprinderi, facilitator de plasamente de munc\u0103 ale elevilor din \u015fcolile profesionale \u015fi liceele tehnologice (M&amp;M Profuture Training din Barcelona-Spania), o \u00eentreprindere social\u0103 specializat\u0103 \u00een furnizarea de servicii IT \u015fi conexiune la internet \u00een comunit\u0103\u0163ile rurale \u015fi izolate (Hello PC din Piatra-Neam\u0163 \u2013 Rom\u00e2nia), 4 \u015fcoli din sistemul de \u00eenv\u0103\u0163\u0103m\u00e2nt ini\u0163ial care ofer\u0103 calific\u0103ri profesionale (ATATURK MTAL din Izmir \u2013 Turcia, Colegiul Tehnic \u201eGheorghe Cartianu\u201d din Piatra-Neam\u0163 \u2013 Rom\u00e2nia, SABA Highschool din Macedonia \u015fi \u015ecoala profesional\u0103 \u00een limbi str\u0103ine EPRALIMA din Arcos de Valdevez \u2013 Portugalia). Acestora li s-au al\u0103turat \u00een momentul planific\u0103rii proiectului al\u0163i 14 parteneri asocia\u0163i, care sunt de asemenea \u015fcoli VET din comunitatea fiec\u0103rui partener de proiect, printre care \u015fi 7 alte licee \u015fi \u015fcoli din jude\u0163ul Neam\u0163, cu interesul comun de a sprijini cursan\u0163ii dezavantaja\u0163i pentru cea mai bun\u0103 integrare \u00een noua societate digital\u0103.<\/p>\n\n\n\n<p>To\u0163i partenerii sunt implica\u0163i \u00een formarea de competen\u0163e profesionale. Ei rezolv\u0103 probleme care vin din lipsa abilit\u0103\u0163ilor digitale ale cursan\u0163ilor \u015fi lipsa de solu\u0163ii digitale pentru profesori\/formatori. Educa\u0163ia la distan\u0163\u0103 experimentat\u0103 \u00een timpul crizei Covid a crescut inegalit\u0103\u0163ile dintre elevii cu nevoi speciale \u015fi cei proveni\u0163i din medii educa\u0163ionale diferite. Num\u0103rul de elevi cu risc de marginalizare social\u0103 \u015fi abandon \u015fcolar a crescut. Trebuie s\u0103 oferim programe de formare mai flexibile \u015fi mai atractive care vor fi mai u\u015for de accesat direct sau de la distan\u0163\u0103 \u015fi pot fi integrate \u00een fiecare parcurs de profesionalizare al elevilor duc\u00e2nd la prevenirea e\u015fecului \u015fcolar. Digitalizarea este important\u0103 \u015fi pentru a ajuta \u015fcolile s\u0103 se integreze \u00een Spa\u0163iul Educa\u0163ional European prin interna\u0163ionalizare.<\/p>\n\n\n\n<p>O analiz\u0103 de nevoi \u00een r\u00e2ndul profesorilor\/formatorilor \u015fi cursan\u0163ilor din \u015fcolile partenere \u00een proiect sau al celor participan\u0163i \u00een calitate de parteneri asocia\u0163i, cu privire la \u00eenv\u0103\u0163area la distan\u0163\u0103, a dezv\u0103luit faptul c\u0103 educa\u0163ia digital\u0103 este cea mai bun\u0103 modalitate de acces la educa\u0163ie \u00een timpul situa\u0163iilor dificile, cum a fost pandemia de Covid19 \u015fi, de asemenea, cea mai bun\u0103 modalitate de a partaja educa\u0163ia \u00eentre \u0163\u0103ri.<\/p>\n\n\n\n<p>Toate studiile realizate \u00een r\u00e2ndul profesorilor \u015fi elevilor participan\u0163i la educa\u0163ia online au dezv\u0103luit faptul c\u0103 este necesar\u0103 o preg\u0103tire digital\u0103 mai bun\u0103 pentru profesorii VET, iar formarea competen\u0163elor digitale la elevi este obligatorie. Crearea de mijloace \u015fi platforme digitale pentru lucrul integrativ \u00een echip\u0103 \u00een domenii specifice VET este nevoia principal\u0103. In proiectul DIGIT+ \u00eenv\u0103\u0163area digital\u0103 din cadrul \u00eenv\u0103\u0163\u0103m\u00e2ntului profesional va fi exemplificat\u0103 \u015fi explicat\u0103 prin ghiduri practice pas cu pas, pentru profesori \u015fi elevi.<\/p>\n\n\n\n<p>Se va pune la dispozi\u0163ia acestora \u00een mod gratuit \u015fi o platform\u0103 MOODLE dedicat\u0103 utiliz\u0103rii instrumentelor de educa\u0163ie online din gama WEB2.0, care vor eficientiza \u015fi vor face mai atractiv \u015fi mai incluziv procesul didactic ce se poate desf\u0103\u015fura online \u015fi \u00een cazul educa\u0163iei \u015fi form\u0103rii profesionale. Platforma va facilita formarea abilit\u0103\u0163ilor \u015fi competen\u0163elor profesionale \u00een r\u00e2ndul elevilor folosind instrumente cu suport digital, sporind accesibilitatea \u015fi atractivitatea educa\u0163iei profesionale.<\/p>\n\n\n\n<p>Proiectul are ca grup \u0163int\u0103 profesorii VET, dar produce materiale \u015fi instrumente necesare educa\u0163iei digitalizate \u015fi pentru to\u0163i ceilal\u0163i profesori. De asemenea, prin acest proiect ne vom adresa \u00een mod special elevilor dezavantaja\u0163i, celor cu cerin\u0163e educa\u0163ionale speciale, care vor fi beneficiarii finali \u015fi vor fi primii care vor testa lec\u0163iile digitale inovative create de profesorii participan\u0163i la proiect. Vom oferi lec\u0163ii diversificate \u015fi c\u00e2t mai u\u015for accesibile cu privire la utilizarea instrumentelor digitale diverse pentru crearea lec\u0163iilor cu suport digital. Profesorii viza\u0163i de proiect (200 de cadre didactice) vor avea acces la platforma Moodle unde vor parcurge lec\u0163iile legate de instrumentele Web2.0, dar vor putea de asemenea s\u0103 creeze propriile lec\u0163ii dedicate elevilor cu cerin\u0163e educa\u0163ionale speciale \u015fi \u00een acest fel vor dob\u00e2ndi calitatea de autori de resurse educa\u0163ionale deschise, colaboratori la realizarea de platforme educa\u0163ionale incluzive.<\/p>\n\n\n\n<p>&nbsp;<strong><em>Prof. Eleonora DRAGOMIR<\/em><\/strong><\/p>\n\n\n\n<p>Prezentul material a fost creat cu sprijinul financiar al Comisiei Europe dar CE nu poate fi responsabil\u0103 pentru con\u0163inutul acestuia.<\/p>\n","protected":false},"excerpt":{"rendered":"<p>Colegiul Tehnic \u201eGheorghe Cartianu\u201d este partener \u00een proiectul strategic de cooperare Erasmus+ av\u00e2nd codul 2021-1-RO01-KA220-VET-000032924 \u015fi titlul \u201eDIGIT+Digitalization for in groups integrative training \u2013 international network for support, connection, innovation and know-how share in digital vocational education\u201d (Digitalizare pentru instruire&hellip;<\/p>\n<p class=\"more-link-p\"><a class=\"more-link\" href=\"http:\/\/www.slineamt.ro\/apostolul\/pasi-spre-europa\/digitalizare-in-scopul-cresterii-performantei-scolare-si-formarii-competentelor-profesionale\/\">Read more &rarr;<\/a><\/p>\n","protected":false},"author":1,"featured_media":0,"comment_status":"open","ping_status":"closed","sticky":false,"template":"","format":"standard","meta":{"footnotes":""},"categories":[9,450],"tags":[],"class_list":["post-22282","post","type-post","status-publish","format-standard","hentry","category-pasi-spre-europa","category-numarul-247"],"_links":{"self":[{"href":"http:\/\/www.slineamt.ro\/apostolul\/wp-json\/wp\/v2\/posts\/22282","targetHints":{"allow":["GET"]}}],"collection":[{"href":"http:\/\/www.slineamt.ro\/apostolul\/wp-json\/wp\/v2\/posts"}],"about":[{"href":"http:\/\/www.slineamt.ro\/apostolul\/wp-json\/wp\/v2\/types\/post"}],"author":[{"embeddable":true,"href":"http:\/\/www.slineamt.ro\/apostolul\/wp-json\/wp\/v2\/users\/1"}],"replies":[{"embeddable":true,"href":"http:\/\/www.slineamt.ro\/apostolul\/wp-json\/wp\/v2\/comments?post=22282"}],"version-history":[{"count":1,"href":"http:\/\/www.slineamt.ro\/apostolul\/wp-json\/wp\/v2\/posts\/22282\/revisions"}],"predecessor-version":[{"id":22284,"href":"http:\/\/www.slineamt.ro\/apostolul\/wp-json\/wp\/v2\/posts\/22282\/revisions\/22284"}],"wp:attachment":[{"href":"http:\/\/www.slineamt.ro\/apostolul\/wp-json\/wp\/v2\/media?parent=22282"}],"wp:term":[{"taxonomy":"category","embeddable":true,"href":"http:\/\/www.slineamt.ro\/apostolul\/wp-json\/wp\/v2\/categories?post=22282"},{"taxonomy":"post_tag","embeddable":true,"href":"http:\/\/www.slineamt.ro\/apostolul\/wp-json\/wp\/v2\/tags?post=22282"}],"curies":[{"name":"wp","href":"https:\/\/api.w.org\/{rel}","templated":true}]}}