{"id":22287,"date":"2022-02-24T07:54:19","date_gmt":"2022-02-24T07:54:19","guid":{"rendered":"http:\/\/www.slineamt.ro\/apostolul\/?p=22287"},"modified":"2022-02-24T07:54:19","modified_gmt":"2022-02-24T07:54:19","slug":"consider-ca-filmele-au-forta-de-a-educa-prin-puterea-emotiei","status":"publish","type":"post","link":"http:\/\/www.slineamt.ro\/apostolul\/arte-si-meseriii\/consider-ca-filmele-au-forta-de-a-educa-prin-puterea-emotiei\/","title":{"rendered":"Consider c\u0103 filmele au for\u0163a de a educa prin puterea emo\u0163iei"},"content":{"rendered":"\n<div class=\"wp-block-image\"><figure class=\"alignleft size-full is-resized\"><a href=\"http:\/\/www.slineamt.ro\/apostolul\/wp-content\/uploads\/2022\/02\/05-ap247-foto1.jpg\"><img loading=\"lazy\" decoding=\"async\" src=\"http:\/\/www.slineamt.ro\/apostolul\/wp-content\/uploads\/2022\/02\/05-ap247-foto1.jpg\" alt=\"\" class=\"wp-image-22288\" width=\"370\" height=\"326\" srcset=\"http:\/\/www.slineamt.ro\/apostolul\/wp-content\/uploads\/2022\/02\/05-ap247-foto1.jpg 489w, http:\/\/www.slineamt.ro\/apostolul\/wp-content\/uploads\/2022\/02\/05-ap247-foto1-300x264.jpg 300w, http:\/\/www.slineamt.ro\/apostolul\/wp-content\/uploads\/2022\/02\/05-ap247-foto1-260x229.jpg 260w, http:\/\/www.slineamt.ro\/apostolul\/wp-content\/uploads\/2022\/02\/05-ap247-foto1-160x141.jpg 160w\" sizes=\"auto, (max-width: 370px) 100vw, 370px\" \/><\/a><\/figure><\/div>\n\n\n\n<p>\u2022 Interviu cu regizorul Bogdan George Apetri, profesor la Columbia University<\/p>\n\n\n\n<p>N\u0103scut la Piatra-Neam\u0163 (2 februarie 1976), Bogdan George Apetri, regizor \u015fi profesor de film la Universitatea Columbia din New York, este de\u0163in\u0103torul premiului presei str\u0103ine pentru lungmetrajul <em>Neidentificat<\/em> ob\u0163inut la Festivalul Interna\u0163ional de Film Transilvania 2021 (TIFF). A absolvit Colegiul Na\u0163ional \u201ePetru Rare\u015f\u201d, promo\u0163ia 1994 (diriginte, prof. Elena Popa-Burc\u0103). Capabil de art\u0103 \u00eenalt\u0103, modern\u0103, Bogdan George Apetri a respirat cu intensitate clipa \u00eent\u00e2lnirii cu publicul pietrean (miercuri, 9 februarie, cu ocazia proiec\u0163iei de gal\u0103 a peliculei <em>Miracol<\/em>, la <em>Cinema Mon Amour<\/em>), reg\u0103sindu-se pe sine, regizorul \u015fi omul a c\u0103rui existen\u0163\u0103 n-a fost \u015fi nu este de conceput \u00een afara filmului.<\/p>\n\n\n\n<p><em>\u2013 Ce simte un regizor c\u00e2nd filmul s\u0103u este proiectat \u00een ora\u015ful \u00een care s-a n\u0103scut?<\/em><\/p>\n\n\n\n<p>\u2013 O mare bucurie. \u00cens\u0103, f\u0103r\u0103 echip\u0103, f\u0103r\u0103 actori, un regizor nu-i mare lucru. \u00cen acest domeniu, colaborarea e foarte important\u0103. Filmul este turnat \u00een Piatra-Neam\u0163 \u015fi \u00een \u00eemprejurimi. Conteaz\u0103 foarte mult s\u0103-l ar\u0103\u0163i acolo unde a fost filmat, din distribu\u0163ie fac parte \u015fi actori de la Teatrul Tineretului, deci proiec\u0163ia a avut o importan\u0163\u0103 special\u0103. M\u0103 bucur c\u0103 m-am re\u00eent\u00e2lnit cu doamna profesoar\u0103 de englez\u0103 Magda Sandovici \u015fi cu Elena Ni\u0163\u0103, colega mea de banc\u0103 din liceu. Filmul <em>Miracol<\/em> o s\u0103-l prezint \u015fi la var\u0103 \u00een cadrul Festivalului \u201eFilmul de Piatra\u201d. \u00cen acest cinematograf (<em>Cinema Mon Amour<\/em> \u2013 n. a.) am v\u0103zut primul film din via\u0163a mea, <em>Copie la indigo<\/em>, cu Denzel Washington. Cred c\u0103 aveam vreo 6 ani \u015fi chiar \u00eemi mai amintesc c\u00e2teva secven\u0163e. Un regizor nu mai are emo\u0163ii c\u00e2nd termin\u0103 filmul. Emo\u0163ia apare doar pe platoul de filmare, c\u00e2nd \u015ftii c\u0103 ai mai putea schimba sau \u00eembun\u0103t\u0103\u0163i anumite lucruri. Am lucrat timp de doi ani la Miracol \u015fi nu mai poate fi mai bun sau mai r\u0103u dec\u00e2t este.<\/p>\n\n\n\n<p><em>\u2013 De unde provine aceast\u0103 stare de ata\u015fament profund fa\u0163\u0103 de Piatra-Neam\u0163?<\/em><\/p>\n\n\n\n<div class=\"wp-block-image\"><figure class=\"alignright size-full is-resized\"><a href=\"http:\/\/www.slineamt.ro\/apostolul\/wp-content\/uploads\/2022\/02\/05-ap247-foto2.jpg\"><img loading=\"lazy\" decoding=\"async\" src=\"http:\/\/www.slineamt.ro\/apostolul\/wp-content\/uploads\/2022\/02\/05-ap247-foto2.jpg\" alt=\"\" class=\"wp-image-22289\" width=\"389\" height=\"260\" srcset=\"http:\/\/www.slineamt.ro\/apostolul\/wp-content\/uploads\/2022\/02\/05-ap247-foto2.jpg 605w, http:\/\/www.slineamt.ro\/apostolul\/wp-content\/uploads\/2022\/02\/05-ap247-foto2-300x200.jpg 300w, http:\/\/www.slineamt.ro\/apostolul\/wp-content\/uploads\/2022\/02\/05-ap247-foto2-560x374.jpg 560w, http:\/\/www.slineamt.ro\/apostolul\/wp-content\/uploads\/2022\/02\/05-ap247-foto2-260x174.jpg 260w, http:\/\/www.slineamt.ro\/apostolul\/wp-content\/uploads\/2022\/02\/05-ap247-foto2-160x107.jpg 160w\" sizes=\"auto, (max-width: 389px) 100vw, 389px\" \/><\/a><\/figure><\/div>\n\n\n\n<p>\u2013 Sunt foarte ata\u015fat de Piatra-Neam\u0163, pentru c\u0103 nu am fost unul dintre copiii care a plecat la 6-7 ani \u00een America. Am plecat destul de t\u00e2rziu, la 25 de ani, \u015fi am r\u0103mas legat suflete\u015fte de acest ora\u015f. La New York nu m\u0103 g\u00e2ndesc la Rom\u00e2nia \u00een general, ci la Piatra-Neam\u0163, la cum am crescut eu pe vremea comunismului, cu excursii pe Ceahl\u0103u, la Dur\u0103u, la joaca noastr\u0103 din fa\u0163a blocului. Cu v\u0103rul meu, Ovidiu Savin, profesor \u015fi el la Columbia University, care-i n\u0103scut tot la Piatra-Neam\u0163, vin aici \u00een vacan\u0163\u0103, eu vin mai des, vin \u015fi iarna, de s\u0103rb\u0103tori. Nu o s\u0103 r\u0103m\u00e2n \u00een America, am s\u0103 m\u0103 \u00eentorc la Piatra-Neam\u0163, nu \u015ftiu dac\u0103 peste 10 sau 15 ani, dar sigur m\u0103 \u00eentorc.<\/p>\n\n\n\n<p><em>\u2013 Ave\u0163i un trecut artistic \u00een familie?<\/em><\/p>\n\n\n\n<p>\u2013 Nu, tata este inginer, iar mama, avocat. \u015ei sora mea, tot avocat este. De\u015fi nu mi-a pl\u0103cut s\u0103 fiu avocat, se simte, f\u0103r\u0103 s\u0103 vreau, experien\u0163a pe care am tr\u0103it-o \u00een toate filmele pe care le-am f\u0103cut. P\u0103rin\u0163ii mei, sora mea, nepo\u0163ii apar \u015fi \u00een <em>Neidentificat<\/em> \u015fi \u00een <em>Miracol<\/em>. Pentru mine, Piatra-Neam\u0163 este un microcosmos. \u00cen final, vor fi trei filme, care exploreaz\u0103 un ora\u015f mic din mai multe unghiuri de vedere. Pentru c\u0103 orice ora\u015f este un microcosmos, nu vorbim c\u0103-i un ora\u015f mic, ora\u015f mare, vorbim de natura uman\u0103. Po\u0163i spune ceva universal \u015fi, iat\u0103, are valabilitate \u015fi dac\u0103-l ar\u0103\u0163i unui spectator din New York. Acesta-i \u0163elul suprem. Orice interpretare a filmului este valid\u0103, pentru c\u0103 un film, dup\u0103 ce i-ai dat drumul \u00een lume, nu-\u0163i mai apar\u0163ine. Nu \u015ftiu cum se va chema ultima realizare din aceast\u0103 trilogie, dar \u00een luna mai termin scenariul \u015fi ne apuc\u0103m de lucru.<\/p>\n\n\n\n<p><em>\u2013 A fost greu s\u0103 deschide\u0163i u\u015fa cinematografiei?<\/em><\/p>\n\n\n\n<p>\u2013 La 18 ani \u015ftiam deja c\u0103 trebuie s\u0103 fiu regizor, dar m-am g\u00e2ndit c\u0103 e o v\u00e2rst\u0103 prea fraged\u0103 pentru un examen la UNATC. Am ales s\u0103 urmez Facultatea de Drept la Ia\u015fi. Familia \u015ftia c\u0103 vreau s\u0103 fac regie, n-a fost o surpriz\u0103, o \u00eentoarcere ca la Ploie\u015fti. Chemarea regiei de film a fost mai puternic\u0103. Dreptul n-a fost dec\u00e2t o mic\u0103 incursiune. Am profesat un an ca avocat \u00een Piatra-Neam\u0163, dup\u0103 care am hot\u0103r\u00e2t s\u0103 aplic la diferite universit\u0103\u0163i de film din str\u0103in\u0103tate.<\/p>\n\n\n\n<p><em>\u2013 Considera\u0163i c\u0103 unele \u00eent\u00e2mpl\u0103ri lipsite de importan\u0163\u0103 au deseori un rol hot\u0103r\u00e2tor \u00een via\u0163\u0103?<\/em><\/p>\n\n\n\n<div class=\"wp-block-image\"><figure class=\"alignleft size-full\"><a href=\"http:\/\/www.slineamt.ro\/apostolul\/wp-content\/uploads\/2022\/02\/05-ap247-foto3.jpg\"><img loading=\"lazy\" decoding=\"async\" width=\"394\" height=\"454\" src=\"http:\/\/www.slineamt.ro\/apostolul\/wp-content\/uploads\/2022\/02\/05-ap247-foto3.jpg\" alt=\"\" class=\"wp-image-22290\" srcset=\"http:\/\/www.slineamt.ro\/apostolul\/wp-content\/uploads\/2022\/02\/05-ap247-foto3.jpg 394w, http:\/\/www.slineamt.ro\/apostolul\/wp-content\/uploads\/2022\/02\/05-ap247-foto3-260x300.jpg 260w, http:\/\/www.slineamt.ro\/apostolul\/wp-content\/uploads\/2022\/02\/05-ap247-foto3-160x184.jpg 160w\" sizes=\"auto, (max-width: 394px) 100vw, 394px\" \/><\/a><\/figure><\/div>\n\n\n\n<p>\u2013 Regretata Vanda Condurache, director de programe pe atunci la TVR Ia\u015fi, a fost prima care mi-a acordat o \u015fans\u0103 \u00een aceast\u0103 direc\u0163ie, pe c\u00e2nd eram student la Ia\u015fi. Aveam scris un scenariu, la care am lucrat cu actorii Marius Manole, Florentina \u0162ilea \u015fi Florin Mircea (tat\u0103l actorului Florin Mircea jr. \u2013 n. a.). L-am prezentat \u015fi a fost acceptat, iar producerea acestui mediumetraj a durat vreo doi ani, \u00eentruc\u00e2t foloseam camerele de \u015ftiri, de multe ori c\u00e2nd filmam, ap\u0103rea un incendiu \u00eentr-o fabric\u0103 sau vreun accident, \u015fi \u00eemi luau camerele. A ie\u015fit un film de o or\u0103, <em>Alex \u015fi Eliza<\/em>, care s-a difuzat pe TVR Ia\u015fi. Cu filmul respectiv, plus \u00eenc\u0103 dou\u0103 scenarii, \u00een anul 1999, am fost admis la Universitatea Columbia din New York, singura facultate de film care accept\u0103 amatori. Mi-am luat maximum de credite posibile \u015fi am \u00eencercat s\u0103 fiu c\u00e2t mai bun la toate cursurile, s\u0103 primesc burs\u0103. Acolo, decanul m-a ajutat foarte mult. \u015ei regizorul Andrei \u015eerban. Chiar ne-am \u00eent\u00e2lnit recent la Cluj-Napoca, el monteaz\u0103 la Teatrul Maghiar, m-a primit pe scen\u0103, am vorbit. \u00cenainte cu un an de a merge la Columbia, i-am trimis o scrisoare \u015fi c\u00e2nd am devenit student l-am sunat \u015fi ne-am \u015fi \u00eent\u00e2lnit, iar sfaturile sale mi-au fost de mare folos. Mie, predatul \u00eemi aduce o foarte mare satisfac\u0163ie. Sunt pasionat, consider c\u0103 profesorul creeaz\u0103 viitorul.<\/p>\n\n\n\n<p><em>\u2013 Mihai Fulger, critic de film, originar \u015fi el din Piatra-Neam\u0163, spunea c\u0103 sun\u00adte\u0163i foarte preocupat de structura simetric\u0103 a filmelor dumneavoastr\u0103, \u00eencerc\u00e2nd s\u0103 atinge\u0163i perfec\u0163iunea formal\u0103.<\/em><\/p>\n\n\n\n<p>\u2013 Con\u0163inutul primeaz\u0103 \u00eens\u0103 cred c\u0103 venind cu educa\u0163ia asta oarecum american\u0103, \u00een care \u015fi forma conteaz\u0103, nu doar con\u0163inutul, s-ar putea ca Mihai Fulger s\u0103 recunoasc\u0103 acei 25 la sut\u0103 de cinema american pe care \u00eei am \u00een mine. Nu pornesc cu o chestiune neap\u0103rat formal\u0103 \u00een cap, dar, dup\u0103 p\u0103rerea mea, forma influen\u0163eaz\u0103 con\u0163inutul, dar nu-i specific acest fapt numai mie.<\/p>\n\n\n\n<p><em>\u2013 Sunte\u0163i mig\u0103los, lucra\u0163i mult la un film?<\/em><\/p>\n\n\n\n<p>\u2013 Foarte, foarte, nu ai cum s\u0103 nu fii. Eu am senza\u0163ia c\u0103 un actor trebuie s\u0103 aib\u0103 o parte din personaj \u00een el. Pentru c\u0103 dac\u0103 tu ca actor o secund\u0103 nu e\u015fti bun sau nu e\u015fti credibil, atunci tot filmul are de suferit, sau m\u0103car bucata aia de film sufer\u0103 \u015fi \u00eenainte \u015fi dup\u0103, e o chestiune foarte interesant\u0103 care se \u00eent\u00e2mpl\u0103, afecteaz\u0103 \u015fi \u00eenainte \u015fi dup\u0103. C\u00e2teodat\u0103 trag c\u00e2te 20-25 de duble, uneori \u015fi mai multe, iar pentru montaj \u00eemi rezerv un an. <em>Neidentificat<\/em> \u015fi <em>Miracol<\/em> au fost turnate \u00eempreun\u0103, \u00een ultima var\u0103 \u00eenainte de pandemie. \u015ei acesta a fost un experiment formal, pentru c\u0103 filmele arat\u0103 diferit unul fa\u0163\u0103 de cel\u0103lalt \u015fi a fost foarte greu s\u0103 te recalibrezi, nu doar eu, ci \u015fi actorii, operatorii. Filmatul a fost foarte interesant pentru c\u0103 uneori filmam trei zile pentru <em>Neidentificat<\/em>, dou\u0103 zile la <em>Miracol<\/em>, sau \u00een anumite zile filmam p\u00e2n\u0103 la pr\u00e2nz scene din <em>Neidentificat<\/em>, iar dup\u0103 pr\u00e2nz scene pentru al doilea.<\/p>\n\n\n\n<p><em>\u2013 S\u0103 spunem c\u0103 sunte\u0163i specializat \u015fi pe imagine.<\/em><\/p>\n\n\n\n<div class=\"wp-block-image\"><figure class=\"alignright size-full\"><a href=\"http:\/\/www.slineamt.ro\/apostolul\/wp-content\/uploads\/2022\/02\/05-ap247-foto4.jpg\"><img loading=\"lazy\" decoding=\"async\" width=\"453\" height=\"605\" src=\"http:\/\/www.slineamt.ro\/apostolul\/wp-content\/uploads\/2022\/02\/05-ap247-foto4.jpg\" alt=\"\" class=\"wp-image-22291\" srcset=\"http:\/\/www.slineamt.ro\/apostolul\/wp-content\/uploads\/2022\/02\/05-ap247-foto4.jpg 453w, http:\/\/www.slineamt.ro\/apostolul\/wp-content\/uploads\/2022\/02\/05-ap247-foto4-225x300.jpg 225w, http:\/\/www.slineamt.ro\/apostolul\/wp-content\/uploads\/2022\/02\/05-ap247-foto4-260x347.jpg 260w, http:\/\/www.slineamt.ro\/apostolul\/wp-content\/uploads\/2022\/02\/05-ap247-foto4-160x214.jpg 160w\" sizes=\"auto, (max-width: 453px) 100vw, 453px\" \/><\/a><\/figure><\/div>\n\n\n\n<p>\u2013 C\u00e2nd te ui\u0163i la Oleg Mutu \u00ee\u0163i dai seama c\u0103 nu e\u015fti specializat. El e cel specializat, nu eu. Oleg e un foarte bun director de imagine, func\u0163ioneaz\u0103 foarte tare pe instinct \u015fi asta m-a bucurat foarte mult. Am filmat \u00een primii ani c\u00e2nd am terminat facultatea, dar apoi m-am direc\u0163ionat pe regie, scenaristic\u0103, produc\u0163ie. Sunt pasionat \u00een continuare \u015fi m\u0103 pricep la imagine, dar nu sunt maestru ca Oleg Mutu.<\/p>\n\n\n\n<p><em>\u2013 Cum trebuie perceput universul emo\u0163ional din filmul Miracol fa\u0163\u0103 de cel din Neidentificat, film premiat la TIFF \u015fi care a fost proiectat anul trecut \u015fi la Piatra-Neam\u0163, \u00een cadrul Festivalului \u201eFilmul de Piatra\u201d?<\/em><\/p>\n\n\n\n<p>\u2013 La <em>Miracol<\/em> avem un stil absolut diferit fa\u0163\u0103 de <em>Neidentificat<\/em>, este un cu totul alt univers emo\u0163ional. E destul de dificil s\u0103 ie\u015fi dintr-un film \u015fi s\u0103 intri \u00een altul, s\u0103 le la\u015fi s\u0103 se uneasc\u0103 \u00eentr-un mod natural. \u015ei \u00eenc\u0103 un am\u0103nunt, la <em>Neidentificat<\/em>, m-am concentrat mult pe esen\u0163a tematic\u0103 a cadrelor, nu pe frumuse\u0163ea lor. Un film trebuie s\u0103 te emo\u0163ioneze, \u015fi nu m\u0103 refer la o melodram\u0103 siropoas\u0103. Cred c\u0103 filmele au puterea de a educa prin a emo\u0163iona. Trebuie s\u0103 te intereseze ad\u00e2nc personajele, problemele lor, s\u0103 fii emo\u0163ionat pur \u015fi simplu de poveste. Trebuie s\u0103-\u0163i pui ni\u015fte \u00eentreb\u0103ri dup\u0103 ce-l vezi. Nu-i bine s\u0103 te g\u00e2nde\u015fti \u00een timpul filmului, ci dup\u0103 terminarea lui.<\/p>\n\n\n\n<p><strong><em>A consemnat Violeta MO\u015eU<\/em><\/strong><\/p>\n","protected":false},"excerpt":{"rendered":"<p>\u2022 Interviu cu regizorul Bogdan George Apetri, profesor la Columbia University N\u0103scut la Piatra-Neam\u0163 (2 februarie 1976), Bogdan George Apetri, regizor \u015fi profesor de film la Universitatea Columbia din New York, este de\u0163in\u0103torul premiului presei str\u0103ine pentru lungmetrajul Neidentificat ob\u0163inut&hellip;<\/p>\n<p class=\"more-link-p\"><a class=\"more-link\" href=\"http:\/\/www.slineamt.ro\/apostolul\/arte-si-meseriii\/consider-ca-filmele-au-forta-de-a-educa-prin-puterea-emotiei\/\">Read more &rarr;<\/a><\/p>\n","protected":false},"author":1,"featured_media":0,"comment_status":"open","ping_status":"closed","sticky":false,"template":"","format":"standard","meta":{"footnotes":""},"categories":[7,450],"tags":[],"class_list":["post-22287","post","type-post","status-publish","format-standard","hentry","category-arte-si-meseriii","category-numarul-247"],"_links":{"self":[{"href":"http:\/\/www.slineamt.ro\/apostolul\/wp-json\/wp\/v2\/posts\/22287","targetHints":{"allow":["GET"]}}],"collection":[{"href":"http:\/\/www.slineamt.ro\/apostolul\/wp-json\/wp\/v2\/posts"}],"about":[{"href":"http:\/\/www.slineamt.ro\/apostolul\/wp-json\/wp\/v2\/types\/post"}],"author":[{"embeddable":true,"href":"http:\/\/www.slineamt.ro\/apostolul\/wp-json\/wp\/v2\/users\/1"}],"replies":[{"embeddable":true,"href":"http:\/\/www.slineamt.ro\/apostolul\/wp-json\/wp\/v2\/comments?post=22287"}],"version-history":[{"count":1,"href":"http:\/\/www.slineamt.ro\/apostolul\/wp-json\/wp\/v2\/posts\/22287\/revisions"}],"predecessor-version":[{"id":22292,"href":"http:\/\/www.slineamt.ro\/apostolul\/wp-json\/wp\/v2\/posts\/22287\/revisions\/22292"}],"wp:attachment":[{"href":"http:\/\/www.slineamt.ro\/apostolul\/wp-json\/wp\/v2\/media?parent=22287"}],"wp:term":[{"taxonomy":"category","embeddable":true,"href":"http:\/\/www.slineamt.ro\/apostolul\/wp-json\/wp\/v2\/categories?post=22287"},{"taxonomy":"post_tag","embeddable":true,"href":"http:\/\/www.slineamt.ro\/apostolul\/wp-json\/wp\/v2\/tags?post=22287"}],"curies":[{"name":"wp","href":"https:\/\/api.w.org\/{rel}","templated":true}]}}