{"id":22298,"date":"2022-02-24T07:58:53","date_gmt":"2022-02-24T07:58:53","guid":{"rendered":"http:\/\/www.slineamt.ro\/apostolul\/?p=22298"},"modified":"2022-02-24T07:58:53","modified_gmt":"2022-02-24T07:58:53","slug":"pe-15-februarie-o-sarbatoare-in-premiera-ziua-nationala-a-lecturii","status":"publish","type":"post","link":"http:\/\/www.slineamt.ro\/apostolul\/eveniment\/pe-15-februarie-o-sarbatoare-in-premiera-ziua-nationala-a-lecturii\/","title":{"rendered":"Pe 15 februarie, o s\u0103rb\u0103toare \u00een premier\u0103: Ziua Na\u0163ional\u0103 a Lecturii"},"content":{"rendered":"\n<div class=\"wp-block-image\"><figure class=\"alignleft size-full is-resized\"><a href=\"http:\/\/www.slineamt.ro\/apostolul\/wp-content\/uploads\/2022\/02\/03-ap247-foto1.jpg\"><img loading=\"lazy\" decoding=\"async\" src=\"http:\/\/www.slineamt.ro\/apostolul\/wp-content\/uploads\/2022\/02\/03-ap247-foto1.jpg\" alt=\"\" class=\"wp-image-22299\" width=\"596\" height=\"333\" srcset=\"http:\/\/www.slineamt.ro\/apostolul\/wp-content\/uploads\/2022\/02\/03-ap247-foto1.jpg 643w, http:\/\/www.slineamt.ro\/apostolul\/wp-content\/uploads\/2022\/02\/03-ap247-foto1-300x167.jpg 300w, http:\/\/www.slineamt.ro\/apostolul\/wp-content\/uploads\/2022\/02\/03-ap247-foto1-560x313.jpg 560w, http:\/\/www.slineamt.ro\/apostolul\/wp-content\/uploads\/2022\/02\/03-ap247-foto1-260x145.jpg 260w, http:\/\/www.slineamt.ro\/apostolul\/wp-content\/uploads\/2022\/02\/03-ap247-foto1-160x89.jpg 160w\" sizes=\"auto, (max-width: 596px) 100vw, 596px\" \/><\/a><\/figure><\/div>\n\n\n\n<p>La ce este bun\u0103 lectura? Cui prodest? \u00eentreab\u0103 unii. De ce trebuie s\u0103-i t\u00e2mpim pe copiii no\u015ftri cu texte pe care noi \u00een\u015fine le-am studiat? se \u00eentreb\u0103 al\u0163ii. De ce trebuie s\u0103 mai citim c\u0103r\u0163i masive de Sadoveanu sau Rebreanu? \u00eentreab\u0103 unii elevi.<\/p>\n\n\n\n<p>R\u0103spunsului clasicizat al unui c\u0103rturar al c\u0103rui cap a c\u0103zut sub securea g\u00e2delui: <em>C\u0103 nu ieste alta \u015fi mai frumoas\u0103, \u015fi mai de folos \u00een toat\u0103 viia\u0163a omului z\u0103bav\u0103, dec\u00e2t cetitul c\u0103r\u0163ilor<\/em>, i se poate ad\u0103uga argumentul c\u0103 lectura este bun\u0103 s\u0103 vezi nev\u0103zutul \u015fi s\u0103 tr\u0103ie\u015fti ceea ce nu ai tr\u0103it, s\u0103 \u00eenve\u0163i despre lumea \u00een care tr\u0103ie\u015fti \u015fi s\u0103 visezi alta, mereu.<\/p>\n\n\n\n<p>Biblioteca Jude\u0163ean\u0103 \u201eG. T. Kirileanu\u201d Neam\u0163 a s\u0103rb\u0103torit <em>Ziua Na\u0163ional\u0103 a Lecturii<\/em>, \u00eempreun\u0103 cu numero\u015fi participan\u0163i, mar\u0163i, 15 februarie 2022, prilej cu care au fost oferite copiilor de la C.S.E.I. \u201eAlexandru Ro\u015fca\u201d Piatra-Neam\u0163 c\u0103r\u0163ile donate de angaja\u0163i ai Prim\u0103riei Piatra-Neam\u0163 \u015fi de al\u0163i oameni de bine.<\/p>\n\n\n\n<p>Astfel, la Sec\u0163ia de carte pentru copii &amp; Ludoteca \u201eIon Creang\u0103\u201d a fost dezb\u0103tut\u0103 tema \u201eCare sunt beneficiile lecturii\u201d \u00eempreun\u0103 cu elevi de la \u015ecoala Gimnaziala nr. 3 Piatra-Neam\u0163 \u015fi prof. \u00eenv. Anca Iorga. Pentru aprofundare, au fost vizionate filmele educative \u201eCum ne dezvolt\u0103 cititul creierul?\u201d \u015fi \u201eCum s\u0103 cite\u015fti mai rapid \u015fi mai mult?\u201d. Au urmat lectur\u0103 individual\u0103 \u015fi \u00een echipe de c\u00e2te doi, precum \u015fi experimentul \u201eC\u00e2te cuvinte cite\u015fti pe minut\u201d, cu cronometrare individual\u0103.<\/p>\n\n\n\n<p>Urm\u0103torii participan\u0163i au fost cei de la Gr\u0103dini\u0163a \u015ecolii Gimnaziale \u201eNicu Albu\u201d Piatra-Neam\u0163, grupa mijlocie \u201ePitico\u0163ii\u201d, \u00eempreun\u0103 cu prof. \u00eenv. Milu\u0163a Cristal, care au desf\u0103\u015furat atelierul de lectur\u0103 \u201eCum s\u0103 fii mai bun?\u201d \u015fi un recital de poezii \u015fi c\u00e2ntece de prim\u0103var\u0103.<\/p>\n\n\n\n<p>Un alt atelier de lectur\u0103, \u201ePove\u015fti cu t\u00e2lc\u201d, precum \u015fi jocul educativ pentru stimularea imagina\u0163iei \u015fi creativit\u0103\u0163ii \u201eS\u0103 invent\u0103m pove\u015fti\u201d au fost sus\u0163inute de elevi de la C.S.E.I. \u201eAlexandru Ro\u015fca\u201d \u00eempreun\u0103 cu prof. \u00eenv. Oana Doru.<\/p>\n\n\n\n<p>\u00cen Sala Cupola, <em>Ziua Na\u0163ional\u0103 a Lecturii<\/em> a fost s\u0103rb\u0103torit\u0103 \u00eempreun\u0103 cu tineri de la Liceul Economic \u201eAlexandru Ioan Cuza\u201d Piatra-Neam\u0163, clasa a XII-a E \u015fi clasa a X-a C, \u00eenso\u0163i\u0163i de profesoarele Gianina Buruian\u0103 \u015fi Maria Tudor. Dup\u0103 lecturi din c\u0103r\u0163ile preferate, a fost provocat\u0103 o dezbatere despre ce \u00eenseamn\u0103 lectura bun\u0103.<\/p>\n\n\n\n<p>La Filiala \u201eVasile Conta\u201d M\u0103r\u0103\u0163ei au fost derulate mai multe proiecte cu parteneri de la \u015ecoala Gimnazial\u0103 \u201eI. Gervescu\u201d S\u0103vine\u015fti, \u015ecoala Gimnazial\u0103 \u201eProf. Gheorghe Dumitreasa\u201d Girov, \u015ecoala Gimnazial\u0103 nr. 1 Dumbrava Ro\u015fie, \u015ecoala Gimnazial\u0103 \u201eDaniela Cuciuc\u201d Piatra-Neam\u0163, Liceul Teologic Ortodox \u201eSf. \u00cemp. Constantin \u015fi Elena\u201d Colegiul Tehnic \u201eGheorghe Cartianu\u201d.<\/p>\n\n\n\n<p>\u00cen vizit\u0103 la Filiala \u201eVasile Conta\u201d a venit un grup de elevi din clasa a X-a, sub coordonarea profesoarei Anca Pavel, iar la Punctul de lectur\u0103 \u015fi \u00eemprumut din cartierul Speran\u0163a au avut loc ateliere de lectur\u0103, cu participarea copiilor din zon\u0103.<\/p>\n\n\n\n<p><em>De<\/em> Ziua Na\u0163ional\u0103 a Lecturii <em>rememor\u0103m c\u0103 prin lectur\u0103 se transmite memoria colectiv\u0103 a omenirii, de aici \u015fi marea apreciere de care cartea \u015fi lectura s-au bucurat \u00eenc\u0103 de la \u00eenceputuri. Probabil nu exist\u0103 alte lucruri sau fenomene care s\u0103 fi fost mai elogiate dec\u00e2t cartea \u015fi pu\u0163ine sunt marile personalit\u0103\u0163i care s\u0103 nu fi p\u0103truns \u00een marile valori, ascunse printre pagini \u015fi s\u0103 nu fi trimis mesajul acestei pre\u0163uiri c\u0103tre urma\u015fi.<\/em><\/p>\n\n\n\n<p><em>Exist\u0103 mai multe v\u00e2rste ale lecturii, fiecare cu farmecul, beneficiile \u015fi provoc\u0103rile sale, care se dezvolt\u0103 odat\u0103 cu maturizarea fiec\u0103rui cititor, \u015fi care, se dezv\u0103luie de fiecare dat\u0103 acestuia \u00eentr-o alt\u0103 lumin\u0103 a g\u00e2ndirii.<\/em><\/p>\n\n\n\n<p><em>Lectura este un proces de comunicare, de transmitere de informa\u0163ii prin intermediul unui text, ce presupune \u015fi \u00een\u0163elegerea acestuia, reflec\u0163ia, decodarea mesajului \u015fi interpretarea lui<\/em>, a precizat Mihaela Mereu\u0163\u0103, director-manager al Bibliotecii Jude\u0163ene \u201eG.T. Kirileanu\u201d Neam\u0163.<\/p>\n\n\n\n<p><strong><em>Red.<\/em><\/strong><\/p>\n","protected":false},"excerpt":{"rendered":"<p>La ce este bun\u0103 lectura? Cui prodest? \u00eentreab\u0103 unii. De ce trebuie s\u0103-i t\u00e2mpim pe copiii no\u015ftri cu texte pe care noi \u00een\u015fine le-am studiat? se \u00eentreb\u0103 al\u0163ii. De ce trebuie s\u0103 mai citim c\u0103r\u0163i masive de Sadoveanu sau Rebreanu?&hellip;<\/p>\n<p class=\"more-link-p\"><a class=\"more-link\" href=\"http:\/\/www.slineamt.ro\/apostolul\/eveniment\/pe-15-februarie-o-sarbatoare-in-premiera-ziua-nationala-a-lecturii\/\">Read more &rarr;<\/a><\/p>\n","protected":false},"author":1,"featured_media":0,"comment_status":"open","ping_status":"closed","sticky":false,"template":"","format":"standard","meta":{"footnotes":""},"categories":[18,450],"tags":[],"class_list":["post-22298","post","type-post","status-publish","format-standard","hentry","category-eveniment","category-numarul-247"],"_links":{"self":[{"href":"http:\/\/www.slineamt.ro\/apostolul\/wp-json\/wp\/v2\/posts\/22298","targetHints":{"allow":["GET"]}}],"collection":[{"href":"http:\/\/www.slineamt.ro\/apostolul\/wp-json\/wp\/v2\/posts"}],"about":[{"href":"http:\/\/www.slineamt.ro\/apostolul\/wp-json\/wp\/v2\/types\/post"}],"author":[{"embeddable":true,"href":"http:\/\/www.slineamt.ro\/apostolul\/wp-json\/wp\/v2\/users\/1"}],"replies":[{"embeddable":true,"href":"http:\/\/www.slineamt.ro\/apostolul\/wp-json\/wp\/v2\/comments?post=22298"}],"version-history":[{"count":1,"href":"http:\/\/www.slineamt.ro\/apostolul\/wp-json\/wp\/v2\/posts\/22298\/revisions"}],"predecessor-version":[{"id":22300,"href":"http:\/\/www.slineamt.ro\/apostolul\/wp-json\/wp\/v2\/posts\/22298\/revisions\/22300"}],"wp:attachment":[{"href":"http:\/\/www.slineamt.ro\/apostolul\/wp-json\/wp\/v2\/media?parent=22298"}],"wp:term":[{"taxonomy":"category","embeddable":true,"href":"http:\/\/www.slineamt.ro\/apostolul\/wp-json\/wp\/v2\/categories?post=22298"},{"taxonomy":"post_tag","embeddable":true,"href":"http:\/\/www.slineamt.ro\/apostolul\/wp-json\/wp\/v2\/tags?post=22298"}],"curies":[{"name":"wp","href":"https:\/\/api.w.org\/{rel}","templated":true}]}}