{"id":22307,"date":"2022-02-24T08:04:31","date_gmt":"2022-02-24T08:04:31","guid":{"rendered":"http:\/\/www.slineamt.ro\/apostolul\/?p=22307"},"modified":"2022-02-24T08:04:31","modified_gmt":"2022-02-24T08:04:31","slug":"cum-se-trag-sforile-la-edusal","status":"publish","type":"post","link":"http:\/\/www.slineamt.ro\/apostolul\/viata-sindicala-imperative\/cum-se-trag-sforile-la-edusal\/","title":{"rendered":"Cum se trag sforile la EduSAL"},"content":{"rendered":"\n<div class=\"wp-block-image\"><figure class=\"alignleft size-large is-resized\"><a href=\"http:\/\/www.slineamt.ro\/apostolul\/wp-content\/uploads\/2022\/02\/01-ap247-foto1.jpg\"><img loading=\"lazy\" decoding=\"async\" src=\"http:\/\/www.slineamt.ro\/apostolul\/wp-content\/uploads\/2022\/02\/01-ap247-foto1-1024x669.jpg\" alt=\"\" class=\"wp-image-22308\" width=\"568\" height=\"371\" srcset=\"http:\/\/www.slineamt.ro\/apostolul\/wp-content\/uploads\/2022\/02\/01-ap247-foto1-1024x669.jpg 1024w, http:\/\/www.slineamt.ro\/apostolul\/wp-content\/uploads\/2022\/02\/01-ap247-foto1-300x196.jpg 300w, http:\/\/www.slineamt.ro\/apostolul\/wp-content\/uploads\/2022\/02\/01-ap247-foto1-768x502.jpg 768w, http:\/\/www.slineamt.ro\/apostolul\/wp-content\/uploads\/2022\/02\/01-ap247-foto1-1536x1003.jpg 1536w, http:\/\/www.slineamt.ro\/apostolul\/wp-content\/uploads\/2022\/02\/01-ap247-foto1-560x366.jpg 560w, http:\/\/www.slineamt.ro\/apostolul\/wp-content\/uploads\/2022\/02\/01-ap247-foto1-260x170.jpg 260w, http:\/\/www.slineamt.ro\/apostolul\/wp-content\/uploads\/2022\/02\/01-ap247-foto1-160x105.jpg 160w, http:\/\/www.slineamt.ro\/apostolul\/wp-content\/uploads\/2022\/02\/01-ap247-foto1.jpg 1920w\" sizes=\"auto, (max-width: 568px) 100vw, 568px\" \/><\/a><\/figure><\/div>\n\n\n\n<p>\u2022 Interviu cu dl. Gabriel Plosc\u0103, pre\u015fedintele Sindicatului din \u00cenv\u0103\u0163\u0103m\u00e2nt Neam\u0163<\/p>\n\n\n\n<p><em>\u2013 Domnule Gabriel Plosc\u0103, cu ce subiect dori\u0163i s\u0103 \u00eencepem convorbirea noastr\u0103 de ast\u0103zi?<\/em><\/p>\n\n\n\n<p>\u2013 M-am g\u00e2ndit s\u0103 v\u0103 propun s\u0103 discut\u0103m despre EduSAL, mai bine spus despre dictatura EduSal Soft, un program informatic pentru salarizarea din sistemul de \u00eenv\u0103\u0163\u0103m\u00e2nt. Aplica\u0163ia nu se refer\u0103 doar la salarii, ci cuprinde \u015fi module de eviden\u0163\u0103 a personalului sau realiz\u0103rii statelor de func\u0163ii. Este un instrument de lucru destul de complex, pentru c\u0103 \u015fi sistemul de \u00eenv\u0103\u0163\u0103m\u00e2nt este unul complex, dar un instrument util, at\u00e2t pentru noi c\u00e2t \u015fi pentru cei care fac aloca\u0163iile bugetare pentru salarizarea din \u00eenv\u0103\u0163\u0103m\u00e2nt.<\/p>\n\n\n\n<p><em>\u2013 \u015ei totu\u015fi ce v\u0103 determin\u0103 s\u0103 folosi\u0163i un determinativ at\u00e2t de grav \u2013 \u201edictatura\u201d EduSal?<\/em><\/p>\n\n\n\n<p>\u2013 Dup\u0103 cum se \u00eent\u00e2mpl\u0103 destul de des \u00een Rom\u00e2nia, lucrurile bune, instrumentele bune sunt deseori utilizate \u00een mod arbitrar, duc\u00e2nd p\u00e2n\u0103 la urm\u0103 la abuzuri. Abuzuri categoric dictate de puterea politic\u0103, ma\u015fina\u0163iuni de care \u201eeste nevoie\u201d pentru ca bugetul educa\u0163iei, niciodat\u0103 suficient, s\u0103 fie \u00eenglobat \u00een cifrele date prin bugetul de stat. Altfel spus, nevoile reale ale educa\u0163iei trebuie s\u0103 fie \u00eenghesuite \u00een acel pat al lui Procust care \u00eenseamn\u0103 aloca\u0163ia bugetar\u0103.<\/p>\n\n\n\n<p>Aceste probleme apar \u00een condi\u0163iile \u00een care cea care a creat \u015fi administreaz\u0103 programul informatic EduSal, firma SIVECO, o firm\u0103 rom\u00e2neasc\u0103 care a mai avut probleme de evaziune fiscal\u0103, prime\u015fte anumite dispozi\u0163ii verbale din partea finan\u0163atorului \u015fi de aici apar aceste abuzuri. \u00cen mod normal principiul EduSal ar trebui s\u0103 reflecte salarizarea pe baza legilor, a actelor normative \u00een vigoare. Numai c\u0103 legisla\u0163ia e nesocotit\u0103 pe baza unor dispozi\u0163ii niciodat\u0103 scrise.<\/p>\n\n\n\n<p><em>\u2013 Mai ave\u0163i ceva pe suflet c\u00e2nd rosti\u0163i cuv\u00e2ntul \u201edictatur\u0103\u201d?<\/em><\/p>\n\n\n\n<p>\u2013 Ar mai fi o alt\u0103 problem\u0103 care nu trebuie omis\u0103: \u00een momentul \u00een care apare o modificare \u00een salarizare printr-o dispozi\u0163ie legal\u0103, normal, ar trebui modificat\u0103 \u015fi aplica\u0163ia EduSal. Sindicatul a sesizat \u00een repetate r\u00e2nduri ca aceast\u0103 modificare s\u0103 vin\u0103 p\u00e2n\u0103 la sf\u00e2r\u015fitul lunii, pentru ca secretarii \u015fi contabilii s\u0103 aib\u0103 timp s\u0103 prelucreze datele, astfel \u00eenc\u00e2t pe data de 14 colegii no\u015ftri s\u0103-\u015fi g\u0103seasc\u0103 salariile pe carduri. Dar, \u00een ciuda acestor apeluri, de multe ori aceste noi variante sosesc pe data de 5 sau 6 ale lunii, ba mai mult uneori vin \u015fi cu gre\u015feli, sesizate tot de noi, cei din teritoriu&#8230; Cred c\u0103 trebuie mai mult\u0103 responsabilitate \u015fi lucrul acesta s-ar putea remedia dac\u0103 cei din minister ar fi mai fermi. Cei care \u0163in leg\u0103tura cu SIVECO, \u015fi \u015fefii lor, ar trebui s\u0103 se g\u00e2ndeasc\u0103 \u015fi la oamenii care trudesc la salarii, consum\u00e2nd timp \u015fi nervi, pentru ca apoi s\u0103 arunce totul la gunoi.<\/p>\n\n\n\n<p><em>\u2013 \u015ei cum v\u0103 explica\u0163i perpetuarea acestor situa\u0163ii abuzive?<\/em><\/p>\n\n\n\n<p>\u2013 C\u00e2nd vorbesc despre aceste abuzuri, \u015ftiu c\u0103 \u00een spatele lor este un personaj, un soi de p\u0103pu\u015far. \u015ei simt nevoia de a spune acest lucru grav, \u00een ideea c\u0103 afirma\u0163ia mea va avea un ecou, c\u0103 cineva se va sesiza \u015fi se vor pune \u00eentreb\u0103ri. Pe acest p\u0103pu\u015far \u00eel sim\u0163im dar din p\u0103cate nu avem dovezi foarte evidente, motiv pentru care nu \u00eei rostesc numele. Deocamdat\u0103&#8230; \u00een aceast\u0103 etap\u0103. Lucrurile acestea se \u015ftiu \u015fi sunt acceptate tacit la cel mai \u00eenalt nivel \u00een Ministerul Educa\u0163iei. Aceasta pentru c\u0103, dup\u0103 cum am mai spus, un astfel de personaj este \u201enecesar\u201d iar longevitatea lui \u00een func\u0163ia din minister ne arat\u0103 c\u0103 a fost realmente util tuturor mini\u015ftrilor pentru a strecura nevoile \u00eenv\u0103\u0163\u0103m\u00e2ntului \u00eentr-un buget nici pe departe \u00eendestul\u0103tor. Acesta este mecanismul care determin\u0103 aceste abuzuri.<\/p>\n\n\n\n<p><em>\u2013 Pentru ca lucrurile s\u0103 fie mai clare cititorilor no\u015ftri, a\u0163i vrea s\u0103 exemplifica\u0163i?<\/em><\/p>\n\n\n\n<p>\u2013 Spre exemplu ani de zile major\u0103rile salariale \u00een ceea ce prive\u015fte grada\u0163ia de merit, dirigin\u0163ia, major\u0103rile pentru \u015fcoli speciale, pentru clase simultane, pentru control financiar preventiv \u2013 nu au fost calculate la salariul \u00een plat\u0103 ci au r\u0103mas ancorate la nivelul din decembrie 2016. \u00cen cele din urm\u0103, datorit\u0103 faptului c\u0103 sindicatele din \u0163ar\u0103 au pornit ac\u0163iunile \u00een instan\u0163\u0103 \u2013 \u015fi sunt mii de asemenea ini\u0163iative \u2013 \u015fi d\u00e2ndu-\u015fi seama c\u0103 s-ar putea s\u0103-i coste mai mult datorit\u0103 dob\u00e2nzilor, prin Ordinul de Ministru 3993\/16 iunie 2021 ministerul a dat dispozi\u0163ie prin EduSal s\u0103 se ajung\u0103 la situa\u0163ia normal\u0103, adic\u0103 toate aceste drepturi s\u0103 fie calculate prin aplicare la salariul de baz\u0103 aflat \u00een plat\u0103.<\/p>\n\n\n\n<p><em>\u2013 Am \u00een\u0163eles totu\u015fi c\u0103 Ordinul de Ministru 3993\/ 16 iunie 2021 are o anumit\u0103 notorietate&#8230;<\/em><\/p>\n\n\n\n<div class=\"wp-block-image\"><figure class=\"alignright size-full\"><a href=\"http:\/\/www.slineamt.ro\/apostolul\/wp-content\/uploads\/2022\/02\/01-ap247-foto2.jpg\"><img loading=\"lazy\" decoding=\"async\" width=\"510\" height=\"272\" src=\"http:\/\/www.slineamt.ro\/apostolul\/wp-content\/uploads\/2022\/02\/01-ap247-foto2.jpg\" alt=\"\" class=\"wp-image-22309\" srcset=\"http:\/\/www.slineamt.ro\/apostolul\/wp-content\/uploads\/2022\/02\/01-ap247-foto2.jpg 510w, http:\/\/www.slineamt.ro\/apostolul\/wp-content\/uploads\/2022\/02\/01-ap247-foto2-300x160.jpg 300w, http:\/\/www.slineamt.ro\/apostolul\/wp-content\/uploads\/2022\/02\/01-ap247-foto2-260x139.jpg 260w, http:\/\/www.slineamt.ro\/apostolul\/wp-content\/uploads\/2022\/02\/01-ap247-foto2-160x85.jpg 160w\" sizes=\"auto, (max-width: 510px) 100vw, 510px\" \/><\/a><\/figure><\/div>\n\n\n\n<p>\u2013 Da, este celebru pentru noi. Dincolo de bucuria resim\u0163it\u0103 c\u00e2nd a intrat \u00een vigoare, \u015fi \u00een acesta s-a strecurat o eroare \u015fi anume la prevederea de la Articolul 2, referitoare la doctorat. De\u015fi Legea 153\/2017 spune clar ce drepturi au to\u0163i cei care \u015fi-au echivalat gradul I cu doctoratul \u00eenainte de 1 iulie 2017, O. M. \u00eei sanc\u0163ioneaz\u0103 f\u0103r\u0103 distinc\u0163ie pe to\u0163i, indiferent de perioada ob\u0163inerii titlului \u015ftiin\u0163ific de doctor. Aceasta \u00een condi\u0163iile \u00een care Articolul 15 din Constitu\u0163ia Rom\u00e2niei ne spune c\u0103 un astfel de Ordin nu se poate aplica retroactiv. Sigur c\u0103 putem discuta de ce exist\u0103 aceast\u0103 discriminare \u00eentre cei dinainte de 1 iulie 2017 \u015fi cei de dup\u0103, dar felul cum dispune O. M. este un abuz. Un alt abuz legat de doctorat care se face tot prin EduSal vizeaz\u0103 indemniza\u0163ia de doctorat, care este 50% din salariul minim pe economie. Salariul minim luat \u00een calcul ini\u0163ial a fost de 1900 lei, dar prin negocieri succesive nivelul actual este de 2550 lei, \u00eens\u0103 indemniza\u0163ia de doctorat a r\u0103mas la nivelul din 31 decembrie 2018, calculat\u0103 la salariul de 1900 lei. Aceasta deoarece aplica\u0163ia EduSal nu este actualizat\u0103, \u015fi asta datorit\u0103 p\u0103pu\u015farului sau celor care dicteaz\u0103 reguli chiar dac\u0103 acestea contravin legii.<\/p>\n\n\n\n<p><em>\u2013 Cum se \u00eenscriu tran\u015fele de vechime \u00een acest context?<\/em><\/p>\n\n\n\n<p>\u2013 Tran\u015fele de vechime reprezint\u0103 un alt exemplu. P\u00e2n\u0103 la aplicarea Legii 153\/2017, acestea mergeau p\u00e2n\u0103 la peste 40 de ani, pentru ca apoi ultima tran\u015f\u0103 s\u0103 fie stabilit\u0103 la peste 25 de ani. Astfel, colegii cu tran\u015fe mari de vechime au fost dezavantaja\u0163i. Hot\u0103r\u00e2rea Guvernului nr. 38\/2017 spune c\u0103 tran\u015fele trebuie s\u0103 se aplice ca \u00eenainte. Desigur, exist\u0103 foarte multe ac\u0163iuni \u00een justi\u0163ie \u015fi colegii mei au lucrat foarte mult pentru c\u0103 este o ac\u0163iune foarte laborioas\u0103 s\u0103 iei fiecare profesor \u015fi s\u0103 vezi dac\u0103 a fost dezavantajat sau nu. Am lucrat cu speciali\u015fti, am avut nevoie de un audit, a fost un consum de munc\u0103 extraordinar \u2013 \u015fi le mul\u0163umesc colegilor mei pe aceast\u0103 cale. Au fost cheltuieli foarte mari, fiindc\u0103 demersurile nu s-au f\u0103cut pe unitate \u015fcolar\u0103 ci pe fiecare om, cu situa\u0163ia lui specific\u0103. De\u015fi s-a revenit la situa\u0163ia corect\u0103, noi suntem \u00eenc\u0103 \u00een instan\u0163\u0103 pentru c\u0103 trebuie s\u0103 recuper\u0103m \u015fi sumele pierdute p\u00e2n\u0103 la aplicarea normal\u0103 a tran\u015felor de vechime, \u00een 2021.<\/p>\n\n\n\n<p>Se vorbe\u015fte acum despre o lege reparatorie. A\u015f vrea s\u0103 spun c\u0103 au mai fost cazuri \u00een care s-a recunoscut c\u0103 s-a furat din banii oamenilor ani de-a r\u00e2ndul, iar datoria noastr\u0103 este de a recupera sumele furate, s\u0103 le d\u0103m banii \u00eenapoi. Noi sper\u0103m s\u0103 apar\u0103 aceast\u0103 lege compensatorie, dar \u00eentreb\u0103rile r\u0103m\u00e2n. De ce trebuie s\u0103 ajungem \u00een instan\u0163\u0103 pentru o salarizare corect\u0103, c\u00e2nd salarizarea este prev\u0103zut\u0103 \u00een acte normative? De ce p\u0103pu\u015farul a f\u0103cut acest abuz? De ce a fost acceptat acest abuz?<\/p>\n\n\n\n<p><em>\u2013 De\u015fi este edificator ceea ce ne-a\u0163i relatat, cred c\u0103 totu\u015fi mai sunt \u015fi alte situa\u0163ii de remediat\u2026<\/em><\/p>\n\n\n\n<p>\u2013 Noi am c\u00e2\u015ftigat prin instan\u0163\u0103 \u015fi recuperarea sporului de stabilitate de 15% din salariul de baz\u0103 acordat personalului auxiliar de conducere (secretar \u015fef, contabil \u015fef). Trebuie doar puse \u00een practic\u0103 numai c\u0103 EduSalul nu permite. Deci prin EduSal se \u00eempiedic\u0103 punerea \u00een practic\u0103 a unei hot\u0103r\u00e2ri judec\u0103tore\u015fti. Cum s\u0103 avem \u00eencredere \u00eentr-un asemenea stat?<\/p>\n\n\n\n<p>S-au mai \u00eent\u00e2mplat \u015fi alte lucruri. Am avut \u015fi cazuri \u00een care de\u015fi s-au planificat concediile, de\u015fi oamenii aveau perioad\u0103 de activitate aprobat\u0103, s-a impus telefonic s\u0103 fie to\u0163i trecu\u0163i \u00een concediu. \u00cen caz contrar s-a trecut la amenin\u0163\u0103ri din partea ministerului c\u0103tre inspectorate (pe motiv c\u0103 vor avea probleme cu salariile) \u015fi de la inspectorate c\u0103tre \u015fcoli (pe motiv c\u0103 nu vor fi avizate statele de plat\u0103). S-a ajuns la situa\u0163ii hilare \u00een care directorii au fost nevoi\u0163i s\u0103-\u015fi roage angaja\u0163ii care au fost \u00een activitate s\u0103 se treac\u0103 \u00een concediu. Pentru ce? Iar\u0103\u015fi este vorba despre bani, pentru a nu se pl\u0103ti indemniza\u0163ia de hran\u0103. \u00cen acest hal s-a ajuns!<\/p>\n\n\n\n<p>Sau, mai sunt \u00eenc\u0103 restan\u0163e la plata hot\u0103r\u00e2rilor judec\u0103tore\u015fti. Nu s-au pl\u0103tit toate sumele pe dob\u00e2nzile legale ob\u0163inute \u00een instan\u0163\u0103. \u015ei acolo a fost o dubl\u0103 lupt\u0103 pentru c\u0103 mai \u00eent\u00e2i am c\u00e2\u015ftigat dreptul de dob\u00e2nd\u0103 \u015fi s-a \u00eencercat, tot prin Edusal, s\u0103 nu se pl\u0103teasc\u0103 dob\u00e2nda penalizatoare, care era ceva mai mare, ci cea remuneratorie, ceva mai mic\u0103. A trebuit s\u0103 mergem din nou \u00een instan\u0163\u0103 pentru a se stabili clar c\u0103 se va pl\u0103ti dob\u00e2nda penalizatoare. Pentru c\u0103 \u00een hot\u0103r\u00e2rea judec\u0103toreasc\u0103 scria \u201edob\u00e2nda legal\u0103\u201d \u015fi fiecare a \u00een\u0163eles ce a vrut. Ar trebui s\u0103 mai spunem c\u0103 au fost cazuri \u00een Neam\u0163 \u00een care prin auditul de la minister s-a \u00eencercat influen\u0163area (dar tot verbal) de a nu se aplica hot\u0103r\u00e2rea judec\u0103toreasc\u0103!<\/p>\n\n\n\n<p>Mai sunt persoane care nu \u015fi-au ridicat voucherele de vacan\u0163\u0103 din anul 2020. Noi am rugat \u015fcolile s\u0103 fac\u0103 demersuri c\u0103tre inspectoratele \u015fcolare \u015fi s\u0103 cear\u0103 sumele, inspectoratele au cerul la minister, dar circuitul s-a oprit aici. Au fost cazuri \u00een care acest personaj sinistru, adus \u00een discu\u0163ie ast\u0103zi, s-a l\u0103udat c\u0103 a f\u0103cut economii \u015fi banii s-au \u00eentors la buget. \u015ei iat\u0103 c\u0103 abuzurile continu\u0103. Dar \u015fi noi vom continua ac\u0163iunile noastre \u00een justi\u0163ie, sper\u00e2nd c\u0103 poate se observ\u0103 \u015fi se vor pune lucrurile \u00een ordine. EduSalul trebuie p\u0103strat pentru a face o salarizare corect\u0103 \u00een \u00eenv\u0103\u0163\u0103m\u00e2nt, \u0163in\u00e2nd cont de actele normative \u00een vigoare.<\/p>\n\n\n\n<p><strong><em>A consemnat Gianina BURUIAN\u0102<\/em><\/strong><\/p>\n","protected":false},"excerpt":{"rendered":"<p>\u2022 Interviu cu dl. Gabriel Plosc\u0103, pre\u015fedintele Sindicatului din \u00cenv\u0103\u0163\u0103m\u00e2nt Neam\u0163 \u2013 Domnule Gabriel Plosc\u0103, cu ce subiect dori\u0163i s\u0103 \u00eencepem convorbirea noastr\u0103 de ast\u0103zi? \u2013 M-am g\u00e2ndit s\u0103 v\u0103 propun s\u0103 discut\u0103m despre EduSAL, mai bine spus despre dictatura&hellip;<\/p>\n<p class=\"more-link-p\"><a class=\"more-link\" href=\"http:\/\/www.slineamt.ro\/apostolul\/viata-sindicala-imperative\/cum-se-trag-sforile-la-edusal\/\">Read more &rarr;<\/a><\/p>\n","protected":false},"author":1,"featured_media":0,"comment_status":"open","ping_status":"closed","sticky":false,"template":"","format":"standard","meta":{"footnotes":""},"categories":[11,450],"tags":[],"class_list":["post-22307","post","type-post","status-publish","format-standard","hentry","category-viata-sindicala-imperative","category-numarul-247"],"_links":{"self":[{"href":"http:\/\/www.slineamt.ro\/apostolul\/wp-json\/wp\/v2\/posts\/22307","targetHints":{"allow":["GET"]}}],"collection":[{"href":"http:\/\/www.slineamt.ro\/apostolul\/wp-json\/wp\/v2\/posts"}],"about":[{"href":"http:\/\/www.slineamt.ro\/apostolul\/wp-json\/wp\/v2\/types\/post"}],"author":[{"embeddable":true,"href":"http:\/\/www.slineamt.ro\/apostolul\/wp-json\/wp\/v2\/users\/1"}],"replies":[{"embeddable":true,"href":"http:\/\/www.slineamt.ro\/apostolul\/wp-json\/wp\/v2\/comments?post=22307"}],"version-history":[{"count":1,"href":"http:\/\/www.slineamt.ro\/apostolul\/wp-json\/wp\/v2\/posts\/22307\/revisions"}],"predecessor-version":[{"id":22310,"href":"http:\/\/www.slineamt.ro\/apostolul\/wp-json\/wp\/v2\/posts\/22307\/revisions\/22310"}],"wp:attachment":[{"href":"http:\/\/www.slineamt.ro\/apostolul\/wp-json\/wp\/v2\/media?parent=22307"}],"wp:term":[{"taxonomy":"category","embeddable":true,"href":"http:\/\/www.slineamt.ro\/apostolul\/wp-json\/wp\/v2\/categories?post=22307"},{"taxonomy":"post_tag","embeddable":true,"href":"http:\/\/www.slineamt.ro\/apostolul\/wp-json\/wp\/v2\/tags?post=22307"}],"curies":[{"name":"wp","href":"https:\/\/api.w.org\/{rel}","templated":true}]}}