{"id":22647,"date":"2022-05-27T08:50:58","date_gmt":"2022-05-27T08:50:58","guid":{"rendered":"http:\/\/www.slineamt.ro\/apostolul\/?p=22647"},"modified":"2022-05-27T08:50:58","modified_gmt":"2022-05-27T08:50:58","slug":"profesiile-de-asistent-medical-generalist-si-asistent-medical-de-farmacie-oportunitati-pentru-viitor","status":"publish","type":"post","link":"http:\/\/www.slineamt.ro\/apostolul\/pasi-spre-europa\/profesiile-de-asistent-medical-generalist-si-asistent-medical-de-farmacie-oportunitati-pentru-viitor\/","title":{"rendered":"Profesiile de asistent medical generalist \u015fi asistent medical de farmacie, oportunit\u0103\u0163i pentru viitor"},"content":{"rendered":"<div class=\"wp-block-image\">\n<figure class=\"alignleft size-full is-resized\"><a href=\"http:\/\/www.slineamt.ro\/apostolul\/wp-content\/uploads\/2022\/05\/17-ap250-foto1.jpg\"><img loading=\"lazy\" decoding=\"async\" src=\"http:\/\/www.slineamt.ro\/apostolul\/wp-content\/uploads\/2022\/05\/17-ap250-foto1.jpg\" alt=\"\" class=\"wp-image-22648\" width=\"419\" height=\"354\" srcset=\"http:\/\/www.slineamt.ro\/apostolul\/wp-content\/uploads\/2022\/05\/17-ap250-foto1.jpg 598w, http:\/\/www.slineamt.ro\/apostolul\/wp-content\/uploads\/2022\/05\/17-ap250-foto1-300x254.jpg 300w, http:\/\/www.slineamt.ro\/apostolul\/wp-content\/uploads\/2022\/05\/17-ap250-foto1-560x474.jpg 560w, http:\/\/www.slineamt.ro\/apostolul\/wp-content\/uploads\/2022\/05\/17-ap250-foto1-260x220.jpg 260w, http:\/\/www.slineamt.ro\/apostolul\/wp-content\/uploads\/2022\/05\/17-ap250-foto1-160x135.jpg 160w\" sizes=\"auto, (max-width: 419px) 100vw, 419px\" \/><\/a><\/figure>\n<\/div>\n\n\n<p>\u00cen contextul unei instabilit\u0103\u0163i socio-economice \u015fi al degrad\u0103rii st\u0103rii de s\u0103n\u0103tate a popula\u0163iei, se pare c\u0103 specializ\u0103rile de asistent medical generalist \u015fi asistent medical de farmacie constituie reale oportunit\u0103\u0163i de angajare \u015fi integrare pe pia\u0163a muncii din \u0163ara noastr\u0103 \u015fi din str\u0103in\u0103tate.<\/p>\n\n\n\n<p>Far\u0103 a urm\u0103ri vreo reclam\u0103 publicitar\u0103, \u00een cele ce urmeaz\u0103 v\u0103 voi prezenta, succint, c\u00e2teva aspecte ale unuia dintre furnizorii de preg\u0103tire \u015fi formare profesional\u0103 \u00een domeniul sanitar, \u015ecoala Postliceal\u0103 Sanitar\u0103 Piatra-Neam\u0163.<\/p>\n\n\n\n<p>Unitate de \u00eenv\u0103\u0163\u0103m\u00e2nt de stat, \u00eenfiin\u0163at\u0103 \u00een baza Hot\u0103r\u00e2rii de Guvern nr. 253 din 8 mai 1992 \u015fi acreditat\u0103 prin O.MECTS nr. 5.770\/2006, \u015ecoala Postliceal\u0103 Sanitar\u0103 Piatra-Neam\u0163 preg\u0103te\u015fte, pe durata a trei ani de studii, la zi, \u00een regim cu frecven\u0163\u0103, viitorii asisten\u0163i medicali pentru cele dou\u0103 specializ\u0103ri men\u0163ionate. Dup\u0103 absolvire, ace\u015ftia pot fructifica oportunit\u0103\u0163ile de angajare at\u00e2t \u00een \u0163ar\u0103 c\u00e2t \u015fi \u00een str\u0103in\u0103tate, calificarea ob\u0163inut\u0103 oferindu-le posibilitatea de a se angaja \u00een diverse unit\u0103\u0163i sanitare, spitale (pe orice sec\u0163ie de specialitate), clinici, cabinete medicale, medicin\u0103 \u015fcolar\u0103 etc.<\/p>\n\n\n\n<p>Conform art. 44 (9) din <em>Legea Educa\u0163iei Na\u0163ionale nr. 1\/2011<\/em> \u015fi art. 5 din O.M.E.C.T.S. nr. 5.346\/07.09.2011, au dreptul s\u0103 se \u00eenscrie la nivelul de \u00eenv\u0103\u0163\u0103m\u00e2nt postliceal absolven\u0163ii de liceu, cu sau f\u0103r\u0103 diplom\u0103 de bacalaureat ori echivalent\u0103.<\/p>\n\n\n\n<p>\u00cen prezent, \u015fcoala implementeaz\u0103, \u00een calitate de coordonator, dou\u0103 proiecte Erasmus+: <em>A Spot of Brightness<\/em>, 2020-1-RO01-KA102-079272 \u015fi <em>2021-1-RO01-KA121-VET-000011452<\/em>. Aceste proiecte, ca \u015fi proiectul <em>Top Nursing Skills<\/em>, 2016-1-RO01-K102-024350, implementat \u00een perioada 2016-2017, ofer\u0103 posibilitatea unui num\u0103r reprezentativ de elevi s\u0103 beneficieze de c\u00e2te 4-5 s\u0103pt\u0103m\u00e2ni de stagiu clinic (practic\u0103 de specialitate) la clinici din str\u0103in\u0103tate (Malaga, Spania). Astfel de schimburi de experien\u0163\u0103 sunt benefice nu doar elevilor \u015fi unit\u0103\u0163ii de \u00eenv\u0103\u0163\u0103m\u00e2nt, ci mai ales sistemului sanitar \u00een care viitorii asisten\u0163i medicali vor profesa.<\/p>\n\n\n\n<p>\u015ecoala Postliceal\u0103 Sanitar\u0103 Piatra-Neam\u0163 a ob\u0163inut Acreditarea Erasmus, Ac\u0163iunea Cheie 1, domeniul formare profesional\u0103 (VET) pentru perioada 2021-2027.<\/p>\n\n\n\n<p>\u015ecoala ofer\u0103 elevilor oportunit\u0103\u0163i de a beneficia de burse de studii \u015fi cursuri gratuite de limba german\u0103 oferite de <em>Openjob Line<\/em>, \u00eempreun\u0103 cu mobilit\u0103\u0163i externe de preg\u0103tire \u015fi formare profesional\u0103 \u00een cadrul proiectelor Erasmus+ \u015fi al altor astfel de proiecte.<\/p>\n\n\n\n<p>Dintre motivele pentru care merit\u0103 absolvirea unor astfel de calific\u0103ri, men\u0163ionez: faptul c\u0103 \u015ecoala Postliceal\u0103 Sanitar\u0103 Piatra-Neam\u0163 este o unitate de stat acreditat\u0103; acordarea unor burse de merit\/studiu pentru elevii merituo\u015fi; cadrele didactice profesioniste; calitatea form\u0103rii profesionale constituie obiectivul principal al unit\u0103\u0163ii; stagiile de preg\u0103tire practic\u0103 se desf\u0103\u015foar\u0103 \u00een Spitalul Jude\u0163ean de Urgen\u0163\u0103 Piatra-Neam\u0163, clinici private, cabinete medicale, lan\u0163uri cunoscute de farmacii \u015fi companii farmaceutice; dot\u0103rile corespunz\u0103toare (o sal\u0103 modern\u0103 de nursing, un cabinet fonic pentru studiul limbilor moderne, dou\u0103 laboratoare de informatic\u0103, o bibliotec\u0103 de specialitate); activit\u0103\u0163ile educative derulate \u00een parteneriat cu institu\u0163ii de prestigiu din \u0163ar\u0103 \u015fi din str\u0103in\u0103tate; schimburile de experien\u0163\u0103 \u015fi formare profesional\u0103 \u00een cadrul proiectelor Erasmus+; parteneriatele interna\u0163ionale \u00een implementarea unor proiecte cu Spania, Turcia, Fran\u0163a, Republica Moldova, existen\u0163a locurilor finan\u0163ate din bugetul de stat etc.<\/p>\n\n\n\n<p><strong><em>Prof. dr. Mihai FLOROAIA<\/em><\/strong><\/p>\n","protected":false},"excerpt":{"rendered":"<p>\u00cen contextul unei instabilit\u0103\u0163i socio-economice \u015fi al degrad\u0103rii st\u0103rii de s\u0103n\u0103tate a popula\u0163iei, se pare c\u0103 specializ\u0103rile de asistent medical generalist \u015fi asistent medical de farmacie constituie reale oportunit\u0103\u0163i de angajare \u015fi integrare pe pia\u0163a muncii din \u0163ara noastr\u0103 \u015fi&hellip;<\/p>\n<p class=\"more-link-p\"><a class=\"more-link\" href=\"http:\/\/www.slineamt.ro\/apostolul\/pasi-spre-europa\/profesiile-de-asistent-medical-generalist-si-asistent-medical-de-farmacie-oportunitati-pentru-viitor\/\">Read more &rarr;<\/a><\/p>\n","protected":false},"author":1,"featured_media":0,"comment_status":"open","ping_status":"closed","sticky":false,"template":"","format":"standard","meta":{"footnotes":""},"categories":[9,453],"tags":[],"class_list":["post-22647","post","type-post","status-publish","format-standard","hentry","category-pasi-spre-europa","category-numarul-250"],"_links":{"self":[{"href":"http:\/\/www.slineamt.ro\/apostolul\/wp-json\/wp\/v2\/posts\/22647","targetHints":{"allow":["GET"]}}],"collection":[{"href":"http:\/\/www.slineamt.ro\/apostolul\/wp-json\/wp\/v2\/posts"}],"about":[{"href":"http:\/\/www.slineamt.ro\/apostolul\/wp-json\/wp\/v2\/types\/post"}],"author":[{"embeddable":true,"href":"http:\/\/www.slineamt.ro\/apostolul\/wp-json\/wp\/v2\/users\/1"}],"replies":[{"embeddable":true,"href":"http:\/\/www.slineamt.ro\/apostolul\/wp-json\/wp\/v2\/comments?post=22647"}],"version-history":[{"count":1,"href":"http:\/\/www.slineamt.ro\/apostolul\/wp-json\/wp\/v2\/posts\/22647\/revisions"}],"predecessor-version":[{"id":22649,"href":"http:\/\/www.slineamt.ro\/apostolul\/wp-json\/wp\/v2\/posts\/22647\/revisions\/22649"}],"wp:attachment":[{"href":"http:\/\/www.slineamt.ro\/apostolul\/wp-json\/wp\/v2\/media?parent=22647"}],"wp:term":[{"taxonomy":"category","embeddable":true,"href":"http:\/\/www.slineamt.ro\/apostolul\/wp-json\/wp\/v2\/categories?post=22647"},{"taxonomy":"post_tag","embeddable":true,"href":"http:\/\/www.slineamt.ro\/apostolul\/wp-json\/wp\/v2\/tags?post=22647"}],"curies":[{"name":"wp","href":"https:\/\/api.w.org\/{rel}","templated":true}]}}