{"id":22650,"date":"2022-05-27T08:53:21","date_gmt":"2022-05-27T08:53:21","guid":{"rendered":"http:\/\/www.slineamt.ro\/apostolul\/?p=22650"},"modified":"2022-05-27T08:53:21","modified_gmt":"2022-05-27T08:53:21","slug":"valori-nationale-in-context-european","status":"publish","type":"post","link":"http:\/\/www.slineamt.ro\/apostolul\/pasi-spre-europa\/valori-nationale-in-context-european\/","title":{"rendered":"Valori na\u0163ionale \u00een context european"},"content":{"rendered":"\n<p><\/p>\n\n\n\n<p>De Ziua Europei, Universitatea Pedagogic\u0103 de Stat \u201eIon Creang\u0103\u201d din Chi\u015fin\u0103u (UPSC) a fost gazda unui eveniment literar-artistic, \u00een cadrul c\u0103ruia Olimpicii la Limba \u015fi literatura rom\u00e2n\u0103 \u015fi-au dat m\u00e2na cu laurea\u0163ii concursului universitar \u201eFii Ambasador UPSC!\u201d.<\/p>\n\n\n\n<p>La evenimentul de premiere, desf\u0103\u015furat sub genericul \u201eValori na\u0163ionale \u00een context european\u201d, au participat peste 200 de elevi \u015fi profesori din institu\u0163iile de \u00eenv\u0103\u0163\u0103m\u00e2nt general din Republica Moldova \u015fi Rom\u00e2nia, \u00eenving\u0103tori ai Olimpiadei Universitare la Limba \u015fi literatura rom\u00e2n\u0103, edi\u0163ia anului 2022. Este pentru prima oar\u0103 c\u00e2nd Olimpiada a fost organizat\u0103 \u00een format na\u0163ional, integr\u00e2nd \u00een concurs \u015fi elevi performan\u0163i din Cluj-Napoca, Bucure\u015fti, Slatina, Suceava, T\u00e2rgu Neam\u0163, Vaslui, Ia\u015fi.<\/p>\n\n\n\n<p>Cinci trofee cu marca Premiul Mare \u015fi cinci carnete de student, \u00eenm\u00e2nate autorilor celor mai bune lucr\u0103ri din concurs, au pus \u00een valoare performan\u0163ele olimpicilor \u015fi au bucurat inima celor prezen\u0163i la eveniment. \u015eapte premii I, zece premii II, 15 premii III \u015fi 69 de men\u0163iuni au adeverit standardul de calitate \u00eentr-o concuren\u0163\u0103 fireasc\u0103 \u015fi echitabil\u0103 de evaluare a competen\u0163elor lingvistice \u015fi literare.<\/p>\n\n\n\n<p>Av\u00e2ndu-i drept invita\u0163i speciali pe promotorii valorilor na\u0163ionale, compozitorul-academician Eugen DOGA \u015fi poetul-academician Ion HAD\u00c2RC\u0102, absolvent al Universit\u0103\u0163ii Pedagogice de Stat \u201eIon Creang\u0103\u201d, evenimentul va r\u0103m\u00e2ne \u00een amintirea fiec\u0103rui participant ca o manifestare de celebrare a performan\u0163elor lingvistice \u015fi literar-artistice.<\/p>\n\n\n\n<p><strong><em>Red.<\/em><\/strong><\/p>\n","protected":false},"excerpt":{"rendered":"<p>De Ziua Europei, Universitatea Pedagogic\u0103 de Stat \u201eIon Creang\u0103\u201d din Chi\u015fin\u0103u (UPSC) a fost gazda unui eveniment literar-artistic, \u00een cadrul c\u0103ruia Olimpicii la Limba \u015fi literatura rom\u00e2n\u0103 \u015fi-au dat m\u00e2na cu laurea\u0163ii concursului universitar \u201eFii Ambasador UPSC!\u201d. La evenimentul de&hellip;<\/p>\n<p class=\"more-link-p\"><a class=\"more-link\" href=\"http:\/\/www.slineamt.ro\/apostolul\/pasi-spre-europa\/valori-nationale-in-context-european\/\">Read more &rarr;<\/a><\/p>\n","protected":false},"author":1,"featured_media":0,"comment_status":"open","ping_status":"closed","sticky":false,"template":"","format":"standard","meta":{"footnotes":""},"categories":[9,453],"tags":[],"class_list":["post-22650","post","type-post","status-publish","format-standard","hentry","category-pasi-spre-europa","category-numarul-250"],"_links":{"self":[{"href":"http:\/\/www.slineamt.ro\/apostolul\/wp-json\/wp\/v2\/posts\/22650","targetHints":{"allow":["GET"]}}],"collection":[{"href":"http:\/\/www.slineamt.ro\/apostolul\/wp-json\/wp\/v2\/posts"}],"about":[{"href":"http:\/\/www.slineamt.ro\/apostolul\/wp-json\/wp\/v2\/types\/post"}],"author":[{"embeddable":true,"href":"http:\/\/www.slineamt.ro\/apostolul\/wp-json\/wp\/v2\/users\/1"}],"replies":[{"embeddable":true,"href":"http:\/\/www.slineamt.ro\/apostolul\/wp-json\/wp\/v2\/comments?post=22650"}],"version-history":[{"count":1,"href":"http:\/\/www.slineamt.ro\/apostolul\/wp-json\/wp\/v2\/posts\/22650\/revisions"}],"predecessor-version":[{"id":22651,"href":"http:\/\/www.slineamt.ro\/apostolul\/wp-json\/wp\/v2\/posts\/22650\/revisions\/22651"}],"wp:attachment":[{"href":"http:\/\/www.slineamt.ro\/apostolul\/wp-json\/wp\/v2\/media?parent=22650"}],"wp:term":[{"taxonomy":"category","embeddable":true,"href":"http:\/\/www.slineamt.ro\/apostolul\/wp-json\/wp\/v2\/categories?post=22650"},{"taxonomy":"post_tag","embeddable":true,"href":"http:\/\/www.slineamt.ro\/apostolul\/wp-json\/wp\/v2\/tags?post=22650"}],"curies":[{"name":"wp","href":"https:\/\/api.w.org\/{rel}","templated":true}]}}