{"id":22670,"date":"2022-05-27T09:33:21","date_gmt":"2022-05-27T09:33:21","guid":{"rendered":"http:\/\/www.slineamt.ro\/apostolul\/?p=22670"},"modified":"2022-05-27T09:33:21","modified_gmt":"2022-05-27T09:33:21","slug":"trecutul-de-langa-noi-corul-invatatorilor-gavriil-galinescu","status":"publish","type":"post","link":"http:\/\/www.slineamt.ro\/apostolul\/eveniment\/trecutul-de-langa-noi-corul-invatatorilor-gavriil-galinescu\/","title":{"rendered":"Trecutul de l\u00e2ng\u0103 noi: Corul \u00cenv\u0103\u0163\u0103torilor \u201eGavriil Galinescu\u201d"},"content":{"rendered":"<div class=\"wp-block-image\">\n<figure class=\"alignleft size-full is-resized\"><a href=\"http:\/\/www.slineamt.ro\/apostolul\/wp-content\/uploads\/2022\/05\/10-ap250-foto1.jpg\"><img loading=\"lazy\" decoding=\"async\" src=\"http:\/\/www.slineamt.ro\/apostolul\/wp-content\/uploads\/2022\/05\/10-ap250-foto1.jpg\" alt=\"\" class=\"wp-image-22671\" width=\"277\" height=\"366\" srcset=\"http:\/\/www.slineamt.ro\/apostolul\/wp-content\/uploads\/2022\/05\/10-ap250-foto1.jpg 229w, http:\/\/www.slineamt.ro\/apostolul\/wp-content\/uploads\/2022\/05\/10-ap250-foto1-227x300.jpg 227w, http:\/\/www.slineamt.ro\/apostolul\/wp-content\/uploads\/2022\/05\/10-ap250-foto1-160x211.jpg 160w\" sizes=\"auto, (max-width: 277px) 100vw, 277px\" \/><\/a><\/figure>\n<\/div>\n\n\n<p>\u2022 Corul Sindicatului \u00cenv\u0103\u0163\u0103m\u00e2nt din Piatra-Neam\u0163, 120 de ani de glorie<\/p>\n\n\n\n<p>Acum dou\u0103sprezece decenii, odat\u0103 cu \u00eencerc\u0103rile de organizare ale corpului didactic din Rom\u00e2nia, Corul Sindicatului \u00cenv\u0103\u0163\u0103m\u00e2nt din Piatra-Neam\u0163 \u00ee\u015fi \u00eenscria numele \u00eentre primele ap\u0103rute \u00een \u0163ar\u0103, activitatea sa prodigioas\u0103 f\u0103c\u00e2ndu-l rapid cunoscut pe plan na\u0163ional. \u00cen perioada de \u00eenceput, ansamblul coral de la Piatra-Neam\u0163 a avut un sus\u0163in\u0103tor de seam\u0103 \u00een persoana lui Spiru Haret, considerat cel mai bun ministru al \u00eenv\u0103\u0163\u0103m\u00e2ntului din toate timpurile.<\/p>\n\n\n\n<p>\u201e<strong>Documentar, momentul \u00eenfiin\u0163\u0103rii corului, este ilustrat prin circulara nr. 985 din 9 aprilie 1902 (dosar 521, fila 107), emis\u0103 la 18 aprilie 1902, cu prilejul conferin\u0163ei generale a \u00eenv\u0103\u0163\u0103torilor din Piatra-Neam\u0163. Portul na\u0163ional e obligatoriu pentru to\u0163i \u00eenv\u0103\u0163\u0103torii, inclusiv cori\u015ftii<\/strong>\u201d, dup\u0103 cum reiese din volumul \u201eV\u00e2rstele c\u00e2ntecului\u201d, autori Valentin Ciuc\u0103, George Grigoric\u0103, Teofan Macovei, ap\u0103rut \u00een 1972, cu ocazia \u00eemplinirii a 70 de ani de la \u00eenfiin\u0163are.<\/p>\n\n\n\n<p>\u00centemeietorul corului a fost apreciatul \u00eenv\u0103\u0163\u0103tor \u015fi revizor \u015fcolar Gheorghe Nicolau (n. 1858, comuna Rom\u00e2ni-Neam\u0163 \u2013 d. 1925, Piatra-Neam\u0163), director al \u015ecolii primare de b\u0103ie\u0163i nr. 3 din cartierul M\u0103r\u0103\u0163ei, ast\u0103zi \u015ecoala Gimnazial\u0103 nr. 2, publicist \u015fi deputat de Neam\u0163, personalitate marcant\u0103 a vie\u0163ii culturale de la noi.<\/p>\n\n\n\n<p>Cu ocazia \u00eemplinirii a 70 de ani de la \u00eenfiin\u0163are, \u00een 1972, publicul pietrean a urm\u0103rit patru spectacole corale, la care \u015fi-au dat concursul, \u00een afar\u0103 de forma\u0163ia s\u0103rb\u0103torit\u0103, alte dou\u0103sprezece grup\u0103ri corale \u015fi camerale din \u015fapte jude\u0163e ale \u0163\u0103rii (Arad, Bac\u0103u, Boto\u015fani, Br\u0103ila, Ia\u015fi, Ploie\u015fti \u015fi T\u00e2rgovi\u015fte), \u00eentre care se remarca prezen\u0163a prestigiosului cor al Filarmonicii de Stat din Ia\u015fi \u201eGavriil Muzicescu\u201d.<\/p>\n\n\n\n<p>\u201e<strong>Desf\u0103\u015furate la Casa de Cultur\u0103 a Sindicatelor, manifest\u0103rile au programat, \u00een deschidere, un simpozion cu tema <em>Rolul educativ al muzicii corale rom\u00e2ne\u015fti<\/em>. Au sus\u0163inut comunic\u0103ri prof. univ. George Pa\u015fcu, prof. Dora-Maria David, prof. Vasile Vasile, prof. Theodor Macarie, prof. Petru Cazacu \u015fi prof. George Grigoric\u0103. Iubitorii muzicii corale au cinstit bogatele tradi\u0163ii artistice ale forma\u0163iei pietrene, rezultatele de valoare \u00eenregistrate \u00een cadrul mi\u015fc\u0103rii artistice de amatori. (&#8230;) Cuvinte calde, emo\u0163ionante, aprecieri elogioase au rostit \u015fi Elena Spr\u00e2ncean\u0103 \u015fi Teofan Macovei, vechi membri ai corului s\u0103rb\u0103torit<\/strong>\u201d. (Ziarul <em>Ceahl\u0103ul<\/em>, s\u00e2mb\u0103t\u0103, 8 aprilie 1972).<\/p>\n\n\n\n<p><strong>\u2022 George Grigoric\u0103, dirijorul cu har<\/strong><\/p>\n\n\n\n<p>N\u0103scut pentru muzic\u0103, dirijorul George Grigoric\u0103 \u015ftia s\u0103 spun\u0103 totul din priviri. Profesor de excep\u0163ie, un excelent artist cu har, care \u015ftia cum s\u0103 \u00eendrume, \u015ftia ce s\u0103 dea cori\u015ftilor ca s\u0103 poat\u0103 deveni ei \u00een\u015fi\u015fi arti\u015fti, acesta s-a bucurat de aprecierea unanim\u0103 a elevilor \u015fi a cadrelor didactice. <em>\u00cen anul 1963 am preluat corul \u00een mod oficial, dar am fost \u015fi eu corist, la vocea de bariton, \u00eencep\u00e2nd cu anul 1960. Apoi, din 1962 am \u00eenceput s\u0103 dirijez, al\u0103turi de profesorul Constantin Alexandrescu. Ani de-a r\u00e2ndul, Corul \u00cenv\u0103\u0163\u0103torilor din Piatra-Neam\u0163 a fost prezent la majoritatea manifest\u0103rilor artistice desf\u0103\u015furate at\u00e2t pe plan local, c\u00e2t \u015fi \u00een \u0163ar\u0103<\/em>. (Ziarul <em>Ceahl\u0103ul<\/em>, Irina Nastasiu, luni, 13 mai 2002).<\/p>\n\n\n\n<p>Om de cultur\u0103 cum rar mai g\u0103se\u015fti azi, George Grigoric\u0103 a trecut la cele ve\u015fnice \u00een noiembrie 2018. El \u015fi-a dedicat 42 de ani acestui cor. \u201e<strong>Facem totul din pl\u0103cere<\/strong>\u201d, spunea George Grigoric\u0103, dup\u0103 ce Corul Sindicatului \u00cenv\u0103\u0163\u0103m\u00e2nt a c\u00e2\u015ftigat locul I la Concursul Republican al Arti\u015ftilor Amatori din 1971.<\/p>\n\n\n\n<p><em>\u00cei d\u0103ruiesc corului mult din puterea mea de munc\u0103. Asta \u00eenseamn\u0103 pentru mine o \u015fcoal\u0103, un exerci\u0163iu larg al profesiunii. Dar mai ales un act de con\u015ftiin\u0163\u0103 \u015fi d\u0103ruire, un act de cultur\u0103, pe care fiecare dintre cei o sut\u0103 de oameni \u00eel des\u0103v\u00e2r\u015fesc f\u0103r\u0103 a fi necesar s\u0103-\u015fi explice asta. Am \u00eenchegat \u00eempreun\u0103 o forma\u0163ie coral\u0103 care nu trece neobservat\u0103<\/em>. (Ziarul <em>Ceahl\u0103ul<\/em>, Viorel Tudose, mar\u0163i, 11 mai 1971)<\/p>\n\n\n<div class=\"wp-block-image\">\n<figure class=\"alignright size-full is-resized\"><a href=\"http:\/\/www.slineamt.ro\/apostolul\/wp-content\/uploads\/2022\/05\/10-ap250-foto2.jpg\"><img loading=\"lazy\" decoding=\"async\" src=\"http:\/\/www.slineamt.ro\/apostolul\/wp-content\/uploads\/2022\/05\/10-ap250-foto2.jpg\" alt=\"\" class=\"wp-image-22672\" width=\"446\" height=\"304\" srcset=\"http:\/\/www.slineamt.ro\/apostolul\/wp-content\/uploads\/2022\/05\/10-ap250-foto2.jpg 680w, http:\/\/www.slineamt.ro\/apostolul\/wp-content\/uploads\/2022\/05\/10-ap250-foto2-300x204.jpg 300w, http:\/\/www.slineamt.ro\/apostolul\/wp-content\/uploads\/2022\/05\/10-ap250-foto2-560x381.jpg 560w, http:\/\/www.slineamt.ro\/apostolul\/wp-content\/uploads\/2022\/05\/10-ap250-foto2-260x177.jpg 260w, http:\/\/www.slineamt.ro\/apostolul\/wp-content\/uploads\/2022\/05\/10-ap250-foto2-160x109.jpg 160w\" sizes=\"auto, (max-width: 446px) 100vw, 446px\" \/><\/a><\/figure>\n<\/div>\n\n\n<p>\u00cen 1992, la 90 de ani de la \u00eenfiin\u0163are, \u00een cadrul festivit\u0103\u0163ilor omagiale, a fost organizat un concert coral la care au participat ansamblurile: <em>Voces Bucovinae<\/em> din Suceava, <em>Pastorala<\/em> din Foc\u015fani \u015fi <em>Sem\u0103n\u0103torul<\/em> din Bie\u015fti, Orhei (Republica Moldova). Tot atunci, corul a primit numele reputatului compozitor \u015fi folclorist nem\u0163ean Gavriil Galinescu. <strong>Func\u0163ion\u00e2nd sub egida Sindicatului \u00cenv\u0103\u0163\u0103m\u00e2nt Neam\u0163, Corul <em>Gavriil Galinescu<\/em> poart\u0103 cu sine tradi\u0163ia unor genera\u0163ii \u00eentregi de dasc\u0103li, iubitori de art\u0103 \u015fi popularizatori de acte culturale<\/strong>.<\/p>\n\n\n\n<p>La 26 mai 2002, Teatrul Tineretului a g\u0103zduit concertul omagial dedicat unui VEAC de la \u00eenfiin\u0163are. \u00cenainte cu o zi, la Consiliul Jude\u0163ean a avut loc o \u00eent\u00e2lnire de suflet \u00eentre fo\u015ftii \u015fi actualii cori\u015fti. Au fost invitate corurile <em>George Enescu<\/em> (Boto\u015fani), <em>Camerata<\/em> (la\u015fi) \u015fi <em>Atheneum<\/em> (Bac\u0103u). Cu aceea\u015fi ocazie, a ap\u0103rut \u015fi monografia corului \u201eGavriil Galinescu\u201d, intitulat\u0103 \u201e<strong>S\u0103-\u0163i r\u0103m\u00e2n\u0103 bucuria&#8230;<\/strong>\u201d<\/p>\n\n\n\n<p><em>Aceasta este cea de-a patra monografie a Corului \u00cenv\u0103\u0163\u0103torilor din Piatra-Neam\u0163, cuprinz\u00e2nd date inedite, fotografii de arhiv\u0103, am\u0103nunte legate de activitatea corului, de-a lungul vremii.<\/em> (Ziarul <em>Ceahl\u0103ul<\/em>, Irina Nastasiu, luni, 13 mai 2002).<\/p>\n\n\n\n<p><em>\u00centr-o zi fatidic\u0103, aceast\u0103 baghet\u0103 va c\u0103dea<\/em>, <strong>spunea, premonitoriu, profesorul Grigoric\u0103, \u00een aceast\u0103 ultim\u0103 monografie care poart\u0103 semn\u0103tura sa<\/strong>. <em>Cine oare va veni s\u0103 o ridice?<\/em><\/p>\n\n\n\n<p><strong><u>\u2022 Amintiri, amintiri&#8230;<\/u><\/strong><\/p>\n\n\n\n<p>\u201eI-am rev\u0103zut adesea pe cei o sut\u0103. Pe scen\u0103; altcum. Celor mai mul\u0163i nu le vine \u00eentotdeauna la \u00eendem\u00e2n\u0103 s\u0103 plece de acas\u0103, la repeti\u0163ii. Dar o fac. \u00centre ei sunt mul\u0163i \u00eenv\u0103\u0163\u0103tori sau profesori pensionari care c\u00e2nt\u0103 de prin 1930. Teofan Macovei, Ioan Cr\u0103ciun, Gheorghe \u015eerban, Constantin Cuciuc, Gavril Chi\u0163u sunt doar c\u00e2teva nume. Particip\u0103ri la numeroase spectacole, concursuri tradi\u0163ionale&#8230; Un repertoriu foarte bogat, bine ales\u201d \u2013 <strong>jurnalistul<\/strong> <strong>Viorel Tudose<\/strong>.<\/p>\n\n\n\n<p>\u201e\u2026este vorba de b\u0103tr\u00e2na Moldova, de frumosul \u015fi pitorescul Piatra-Neam\u0163 de care m\u0103 leag\u0103 at\u00e2tea amintiri \u00eenc\u0103 din anii copil\u0103riei, de corul cadrelor didactice din acest ora\u015f de munte \u015fi pe deasupra de faptul c\u0103 dirijorul corului este fostul meu student George Grigoric\u0103, pe care-l stimez \u015fi pre\u0163uiesc pentru str\u0103daniile sale \u015fi pentru rezultatele artistice ob\u0163inute\u201d \u2013 <strong>D. D. Botez, maestru emerit al artei<\/strong>.<\/p>\n\n\n\n<p>\u201eCorul Gavriil Galinescu este o dovad\u0103 vie c\u0103 truda \u00eenainta\u015filor no\u015ftri nu a fost \u00een zadar, mai mult dec\u00e2t at\u00e2t, a devenit el \u00eensu\u015fi o valoare \u015fi un exemplu pentru genera\u0163iile viitoare\u201d \u2013 <strong>prof. univ. dr. Cristian Misievici<\/strong>.<\/p>\n\n\n\n<p>\u201eA fi \u00eentr-un asemenea cor e, deopotriv\u0103, o onoare \u015fi o bucurie. E ca \u015fi cum tu, simplu cet\u0103\u0163ean din Cetate, e\u015fti solidar cu ceilal\u0163i, iar vocea ta ad\u0103ugat\u0103 celorlalte devine c\u00e2ntec\u201d \u2013 <strong>prof. Lucian Strochi<\/strong>.<\/p>\n\n\n\n<p>\u201eAici era a doua familie a mea. Aici am cules ropote de aplauze la scen\u0103 deschis\u0103, aici am cunoscut satisfac\u0163ia muncii \u00eemplinite \u015fi tot aici s-au cimentat prietenii ce mai d\u0103inuie \u015fi ast\u0103zi\u201d \u2013 <strong>\u00eenv\u0103\u0163\u0103toarea Elena Spr\u00e2ncean\u0103<\/strong>.<\/p>\n\n\n\n<p>\u201eCorul Gavriil Galinescu este oaza noastr\u0103 de lini\u015fte, clipa de reg\u0103sire spiritual\u0103. Momentele petrecute \u00eempreun\u0103 ne-au \u00eenc\u0103rcat sufletul \u015fi ne-au dat puterea de a merge mai departe\u201d \u2013 <strong>\u00eenv\u0103\u0163\u0103toarele Elena Amariei<\/strong>, <strong>Monica Cosma<\/strong> \u015fi <strong>Ani\u015foara Sandu<\/strong>.<\/p>\n\n\n\n<p><strong><em>Violeta MO\u015eU<\/em><\/strong><\/p>\n","protected":false},"excerpt":{"rendered":"<p>\u2022 Corul Sindicatului \u00cenv\u0103\u0163\u0103m\u00e2nt din Piatra-Neam\u0163, 120 de ani de glorie Acum dou\u0103sprezece decenii, odat\u0103 cu \u00eencerc\u0103rile de organizare ale corpului didactic din Rom\u00e2nia, Corul Sindicatului \u00cenv\u0103\u0163\u0103m\u00e2nt din Piatra-Neam\u0163 \u00ee\u015fi \u00eenscria numele \u00eentre primele ap\u0103rute \u00een \u0163ar\u0103, activitatea sa prodigioas\u0103&hellip;<\/p>\n<p class=\"more-link-p\"><a class=\"more-link\" href=\"http:\/\/www.slineamt.ro\/apostolul\/eveniment\/trecutul-de-langa-noi-corul-invatatorilor-gavriil-galinescu\/\">Read more &rarr;<\/a><\/p>\n","protected":false},"author":1,"featured_media":0,"comment_status":"open","ping_status":"closed","sticky":false,"template":"","format":"standard","meta":{"footnotes":""},"categories":[18,453],"tags":[],"class_list":["post-22670","post","type-post","status-publish","format-standard","hentry","category-eveniment","category-numarul-250"],"_links":{"self":[{"href":"http:\/\/www.slineamt.ro\/apostolul\/wp-json\/wp\/v2\/posts\/22670","targetHints":{"allow":["GET"]}}],"collection":[{"href":"http:\/\/www.slineamt.ro\/apostolul\/wp-json\/wp\/v2\/posts"}],"about":[{"href":"http:\/\/www.slineamt.ro\/apostolul\/wp-json\/wp\/v2\/types\/post"}],"author":[{"embeddable":true,"href":"http:\/\/www.slineamt.ro\/apostolul\/wp-json\/wp\/v2\/users\/1"}],"replies":[{"embeddable":true,"href":"http:\/\/www.slineamt.ro\/apostolul\/wp-json\/wp\/v2\/comments?post=22670"}],"version-history":[{"count":1,"href":"http:\/\/www.slineamt.ro\/apostolul\/wp-json\/wp\/v2\/posts\/22670\/revisions"}],"predecessor-version":[{"id":22673,"href":"http:\/\/www.slineamt.ro\/apostolul\/wp-json\/wp\/v2\/posts\/22670\/revisions\/22673"}],"wp:attachment":[{"href":"http:\/\/www.slineamt.ro\/apostolul\/wp-json\/wp\/v2\/media?parent=22670"}],"wp:term":[{"taxonomy":"category","embeddable":true,"href":"http:\/\/www.slineamt.ro\/apostolul\/wp-json\/wp\/v2\/categories?post=22670"},{"taxonomy":"post_tag","embeddable":true,"href":"http:\/\/www.slineamt.ro\/apostolul\/wp-json\/wp\/v2\/tags?post=22670"}],"curies":[{"name":"wp","href":"https:\/\/api.w.org\/{rel}","templated":true}]}}