{"id":22674,"date":"2022-05-27T09:36:18","date_gmt":"2022-05-27T09:36:18","guid":{"rendered":"http:\/\/www.slineamt.ro\/apostolul\/?p=22674"},"modified":"2022-05-27T09:36:18","modified_gmt":"2022-05-27T09:36:18","slug":"constantin-munteanu-simt-ca-trebuie-sa-fiu-sincer-cu-pagina-alba-si-prin-ea-cu-cititorii","status":"publish","type":"post","link":"http:\/\/www.slineamt.ro\/apostolul\/cronica-literara\/constantin-munteanu-simt-ca-trebuie-sa-fiu-sincer-cu-pagina-alba-si-prin-ea-cu-cititorii\/","title":{"rendered":"Constantin Munteanu: \u201eSimt c\u0103 trebuie s\u0103 fiu sincer cu pagina alb\u0103, \u015fi, prin ea, cu cititorii\u201d"},"content":{"rendered":"<div class=\"wp-block-image\">\n<figure class=\"alignleft size-full is-resized\"><a href=\"http:\/\/www.slineamt.ro\/apostolul\/wp-content\/uploads\/2022\/05\/09-ap250-foto1.jpg\"><img loading=\"lazy\" decoding=\"async\" src=\"http:\/\/www.slineamt.ro\/apostolul\/wp-content\/uploads\/2022\/05\/09-ap250-foto1.jpg\" alt=\"\" class=\"wp-image-22676\" width=\"343\" height=\"426\" srcset=\"http:\/\/www.slineamt.ro\/apostolul\/wp-content\/uploads\/2022\/05\/09-ap250-foto1.jpg 366w, http:\/\/www.slineamt.ro\/apostolul\/wp-content\/uploads\/2022\/05\/09-ap250-foto1-242x300.jpg 242w, http:\/\/www.slineamt.ro\/apostolul\/wp-content\/uploads\/2022\/05\/09-ap250-foto1-260x323.jpg 260w, http:\/\/www.slineamt.ro\/apostolul\/wp-content\/uploads\/2022\/05\/09-ap250-foto1-160x198.jpg 160w\" sizes=\"auto, (max-width: 343px) 100vw, 343px\" \/><\/a><\/figure>\n<\/div>\n\n\n<p><strong>Dialogul care urmeaz\u0103 a fost provocat de un nou roman semnat de cunoscutul scriitor Constantin Munteanu, Tamara \u015fi demonii, vol. I \u2013 Demonul iubirii; vol. II \u2013 Demonul Puterii, a ap\u0103rut recent la Editura Cetatea Doamnei din Piatra-Neam\u0163. Autor de romane, piese de teatru, de scenarii cinematografice, prozatorul Constantin Munteanu \u015fi-a sus\u0163inut talentul printr-o munc\u0103 istovitoare \u015fi con\u015ftient\u0103. Scriitor cu demnitate, care a trecut prin via\u0163\u0103 onest, consider\u0103 c\u0103 succesul vine atunci c\u00e2nd cititorul se reg\u0103se\u015fte m\u0103car pu\u0163in \u00een cele scrise.<\/strong><\/p>\n\n\n\n<p><em>\u2013 Noul dumneavoastr\u0103 roman are acela\u015fi personaj de prim-plan, Mihai Vl\u0103deanu, pilonul central, a\u015f spune, al universului operei lui Constantin Munteanu. S\u0103 d\u0103m crezare lui Andr\u00e9 Gide? Cei mai prolifici scriitori au scris o singur\u0103 carte, cartea vie\u0163ii lor?<\/em><\/p>\n\n\n\n<p>\u2013 Eu am \u00eembun\u0103t\u0103\u0163it \u00eentotdeauna citatul, spun\u00e2nd \u201ecartea universului lor\u201d. De altfel, Mihai Vl\u0103deanu, eul interior al autorului, ceea ce to\u0163i numesc generic alter ego, \u00eemi d\u0103 prilejul, ca scriitor, s\u0103 traversez lumea \u00een care am tr\u0103it \u015fi despre care depun m\u0103rturie, ne\u00eenregimentat. Trebuie s\u0103 precizez c\u0103 eu, ca scriitor, am pornit \u00een siajul tinerilor furio\u015fi englezi, care mi-au marcat tinere\u0163ea. \u00cen special John Osborne, cu <em>Prive\u015fte \u00eenapoi cu m\u00e2nie<\/em>, pies\u0103 din care am re\u0163inut, ca pe un far c\u0103l\u0103uzitor, expresia: s\u0103 scriu cu fl\u0103c\u0103ri de un kilometru, de aceea am \u015fi fost primit cu bra\u0163ele deschise prin redac\u0163iile de Teatru ale TVR-ului, Radioului \u015fi ale diferitor teatre profesioniste, c\u0103rora le trimiteam piesele mele. Aduceam un suflu nou, doar c\u0103 cenzura t\u0103ia pe r\u00e2nd lungimea fl\u0103c\u0103rii, ajuns\u0103 mai totdeauna o p\u00e2lp\u00e2ire, de nu-mi mai recuno\u015fteam opera, a\u015fa c-o uitam \u00een vreun sertar, ori o aruncam.<\/p>\n\n\n\n<p><em>\u2013 Care sunt c\u0103ile prin care v\u0103 apropia\u0163i de un personaj? Vede\u0163i personajul, v\u0103 imagina\u0163i cum se mi\u015fc\u0103, cum g\u00e2nde\u015fte, cum vorbe\u015fte, ce ritm interior are?<\/em><\/p>\n\n\n\n<p>\u2013 Pornesc, de obicei, de la o \u00eent\u00e2mplare, apoi, pe m\u0103sur\u0103 ce faptele se contureaz\u0103, le leg ori le inserez ac\u0163iunilor din romanele precedente; de aceea toate romanele mele constituie epopeea unor personaje, cu Mihai Vl\u0103deanu \u00een prim-plan. Este m\u0103rturia mea despre secolul prin care am trecut.<\/p>\n\n\n\n<p><em>\u2013 Cariera dumneavoastr\u0103 se compune dintr-un mozaic de experien\u0163e, care par s\u0103 nu aib\u0103 nici o leg\u0103tur\u0103 \u00eentre ele \u2013 \u015fi totu\u015fi, la o privire mai p\u0103trunz\u0103toare, se dezv\u0103luie ca fiind complementare.<\/em><\/p>\n\n\n\n<p>\u2013 A\u0163i intuit excelent: mozaicul de experien\u0163e a \u015flefuit diamantul, ori m\u0103car piatra pre\u0163ioas\u0103 a vie\u0163ii personajului Mihai Vl\u0103deanu, a universului s\u0103u, at\u00e2t exterior, dar mai cu seam\u0103 cel sufletesc, ce-i d\u0103 verticalitatea dorit\u0103 de autor.<\/p>\n\n\n\n<p><em>\u2013 De obicei, scrie\u0163i despre persoanele pe care le \u015fti\u0163i?<\/em><\/p>\n\n\n\n<p>\u2013 De la persoanele \u00eent\u00e2lnite, dac\u0103 au avut ceva aparte, am luat ceea ce mi s-a p\u0103rut a avea valoare literar\u0103, spre a o zidi \u00een cele compuse de mine la masa de scris.<\/p>\n\n\n\n<p><em>\u2013 Cum sunt cititorii de ast\u0103zi? V\u0103 g\u00e2ndi\u0163i la ei c\u00e2nd scrie\u0163i?<\/em><\/p>\n\n\n\n<p>\u2013 Greu de spus cum sunt; lumea este acaparat\u0103 de audio-vizual, \u00een special de cel de slab\u0103 calitate, cu crainici de \u015ftiri cu o vorbire apocaliptic\u0103. La \u00eentrebarea aceasta r\u0103spunsul corect \u00eel pot da profesorii de Rom\u00e2n\u0103, de pe m\u00e2na c\u0103rora ies viitorii \u201ecet\u0103\u0163eni\u201d ai \u0163\u0103rii, ai lumii, c\u0103 acei pleca\u0163i peste hotare n-or duce to\u0163i pe t\u0103lpi colbul \u0163\u0103rii, dar lumina din sufletul lor, s\u0103dit\u0103 prin lectur\u0103, cu siguran\u0163\u0103! De aceea m\u0103 str\u0103duiesc s\u0103 le spun adev\u0103rul celor care m\u0103 vor citi.<\/p>\n\n\n\n<p><em>\u2013 De ce ave\u0163i nevoie ca s\u0103 scrie\u0163i?<\/em><\/p>\n\n\n\n<p>\u2013 De inspira\u0163ie, mai \u00eent\u00e2i, de dragostea pentru pagina alb\u0103 c\u0103reia s\u0103-i d\u0103ruiesc subiectul, de lini\u015ftea ori tumultul crea\u0163iei \u015fi, \u00een final, de ceva bani, s\u0103-mi public c\u0103r\u0163ile. Vremea c\u00e2nd c\u00e2\u015ftigai ceva, m\u0103car c\u00e2t s\u0103 acopere costul h\u00e2rtiei de scris \u015fi costul dactilografierii, a apus cam de pe la mijlocul anilor \u201990, c\u00e2nd dragostea de carte a intrat \u00een uitare.<\/p>\n\n\n\n<p><em>\u2013 V\u0103 place s\u0103 v\u0103 reciti\u0163i c\u0103r\u0163ile?<\/em><\/p>\n\n\n\n<p>\u2013 Da. S\u0103 pot exclama versul lui Minulescu: \u201eM-am reg\u0103sit, ce dor mi-era de mine\u201d \u015fi s\u0103 nu gre\u015fesc \u00een conectarea\/inserarea noului roman \u00een curgerea fluviului celor scrise de mine anterior.<\/p>\n\n\n\n<p><em>\u2013 Succesul, \u00een cazul unui prozator, e un cuv\u00e2nt-giruet\u0103?<\/em><\/p>\n\n\n\n<p>\u2013 Succesul vine c\u00e2nd cititorul se reg\u0103se\u015fte m\u0103car pu\u0163in \u00een cele scrise. Iar eu am avut destule momente de bucurie, create de p\u0103rerea celor ce mi-au citit c\u0103r\u0163ile. Pot trece la capitolul \u201esucces\u201d faptul c\u0103, dup\u0103 prima mea pies\u0103 de teatru, <em>Iubirea mea cu zurg\u0103l\u0103i<\/em>, premiat\u0103 \u00een decembrie 1972 la concursul de teatru TV pentru Televiziune, transmis\u0103 \u00een martie 1973, cu cea mai bun\u0103 pres\u0103 \u00een revistele literare de mare audien\u0163\u0103 ale vremii, am fost dat disponibil cu preaviz \u2013 cred c\u0103 singurul \u2013 din S\u0103vine\u015fti, cu prilejul restructur\u0103rile din prim\u0103vara acelui an. Apoi, apari\u0163ia romanului <em>Ziua magnoliilor viscolite<\/em> la Cartea Rom\u00e2neasc\u0103, condus\u0103 la acea vreme de Marin Preda, 1979, a prilejuit o lansare \u00een sala de festivit\u0103\u0163i a CFS-ului S\u0103vine\u015fti, ocazie cu care, o doamn\u0103 din elita \u201edoamnelor\u201d din uzin\u0103, a luat cuv\u00e2ntul \u201epartinic\u201d, acuz\u00e2nd romanul c\u0103 \u201enu-i reprezentativ pentru realiz\u0103rile \u015fi succesele uzinei\u201d. Norocul meu a fost semnul discret s\u0103 m\u0103 ab\u0163in de la orice replic\u0103 al oamenilor de cultur\u0103 Valentin Ciuc\u0103 \u015fi Constantin Tom\u015fa, care au luat imediat cuv\u00e2ntul, preciz\u00e2nd c\u0103 S\u0103vine\u015ftiul se reg\u0103se\u015fte foarte bine \u00een monografia ce tocmai ap\u0103ruse. Iar mai t\u00e2rziu, Valentin Ciuc\u0103 a scris \u00een prefa\u0163a la edi\u0163ia a doua a romanului, \u00een 2010, la Editura Junimea: \u201ePeste ani, singura m\u0103rturie real\u0103 despre Citadela chimiei rom\u00e2ne\u015fti va fi reconstituit\u0103 doar din paginile romanelor scriitorului nem\u0163ean.\u201d<\/p>\n\n\n\n<p><em>\u2013 Cu c\u00e2t \u00eenaint\u0103m \u00een v\u00e2rst\u0103, lupta se d\u0103 tot mai mult cu noi \u00een\u015fine? Sim\u0163i\u0163i a\u015fa?<\/em><\/p>\n\n\n\n<p>\u2013 Evident! Simt c\u0103 trebuie s\u0103 fiu sincer cu pagina alb\u0103 \u015fi, prin ea, cu cititorii.<\/p>\n\n\n\n<p><em>\u2013 \u00cen cazul dumneavoastr\u0103, c\u00e2nd apare adev\u0103ratul text, la prima scriere, la a doua\u2026?<\/em><\/p>\n\n\n\n<p>\u2013 Pe la o treime din roman, \u00een timpul scrierii, \u00eemi este conturat deja finalul, pe la jum\u0103tate, destinul personajelor iar la final, este gata conturat. Urmeaz\u0103 anii de cizelare, de \u00eembog\u0103\u0163ire a caracterelor, implicarea ac\u0163iunilor \u00een conturarea ori \u00eembog\u0103\u0163irea altor ac\u0163iuni \u2013 foarte rar m\u0103 v\u0103d nevoit s\u0103 recitesc fragmente din romanele mai vechi, s\u0103 nu fac gafe. Spre exemplu, \u00een prezentul roman am inserat un fragment din primul meu roman, <em>Amintiri din Cartierul Lenin<\/em>, scris \u00een 1971, dar publicat abia \u00een urm\u0103 cu 2-3 ani, pentru c\u0103 ac\u0163iunea acelui fragment se petrecea \u015fi avea un ecou, mai mic, e drept, \u00een \u201eTamara \u015fi demonii\u201d.<\/p>\n\n\n\n<p><em>\u2013 Ce sunt traumele crea\u0163iei? V-a\u0163i confruntat cu ele?<\/em><\/p>\n\n\n\n<p>\u2013 \u00centr-un fel, am r\u0103spuns mai sus, r\u0103spuns la care trebuie ad\u0103ugat efortul de la masa de scris, chinul \u00eendelungat de-a g\u0103si \u201ecuv\u00e2ntul ce exprim\u0103 adev\u0103rul\u201d, dimine\u0163ile \u00een care m\u0103 ridicam de la masa de scris \u015fi trebuia s\u0103 plec la uzin\u0103. \u00cen plus, ori \u00een primul r\u00e2nd, \u2013 \u015fi am ceva semne \u2013 \u015ftiu c\u0103 nici demnitarilor locali nu le convenea ceea ce scriam, ei fiind \u00eenv\u0103\u0163a\u0163i cu laudele de\u015f\u0103n\u0163ate din ziare. Privirea acid\u0103 ori m\u0103car critic\u0103 nu era admis\u0103 nici \u00een \u015fedin\u0163ele de partid. A o face \u00een literatur\u0103, era deja o crim\u0103 de lezmajestate. Lezmajestate de partid (r\u00e2de!).<\/p>\n\n\n\n<p><em>\u2013 Destui speciali\u015fti consider\u0103 c\u0103 actualul \u201eboom\u201d informa\u0163ional este mai degrab\u0103 un neajuns, c\u0103 una dintre cele mai uzuale gre\u015feli este a crede tot ce cite\u015fti. Cum select\u0103m esen\u0163ialul?<\/em><\/p>\n\n\n\n<p>\u2013 Vina porne\u015fte de la degringolada din \u00cenv\u0103\u0163\u0103m\u00e2nt, este \u015fi a presei literare \u015fi ajunge, ca un bulg\u0103re de z\u0103pad\u0103, la programul haotic \u015fi de slab\u0103 calitate a televiziunilor \u2013 opiu pentru popor, vorba lui Marx \u2013, ce m\u0103n\u00e2nc\u0103 orice f\u0103r\u00e2m\u0103 de timp liber a oamenilor \u2013 un tranchilizant dat pentru a adormi vigilen\u0163a oamenilor c\u0103rora li se fur\u0103 Patria. A\u0163i auzit ceva negociere despre Cultura Rom\u00e2niei la intrarea \u00een UE? Eu, nu! Adesea \u00eemi recit poezia lui George Co\u015fbuc, <em>Noi vrem p\u0103m\u00e2nt!<\/em>, mai cu seam\u0103 versul: <em>Pe fete ni le ceri<\/em>, dar tare m\u0103 tem c\u0103 se poate ajunge \u015fi la<em>: De-avem un cimitir \u00een sat<\/em>,\/ <em>Ni-l face\u0163i lan, noi, boi \u00een jug<\/em>\u2026<\/p>\n\n\n\n<p><em>\u2013 Mai este literatura absolut indispensabil\u0103 oamenilor?<\/em><\/p>\n\n\n\n<p>\u2013 Desigur! Din Antichitate, de la scriitorul Teren\u0163iu \u015ftim c\u0103 Scripta manent, iar mai de cur\u00e2nd, cu vreo jum\u0103tate de secol \u00een urm\u0103, Tudor Mu\u015fatescu spunea: \u201eC\u00e2nd c\u0103r\u0163ile se v\u00e2nd greu, oamenii se v\u00e2nd u\u015for, iar \u0163ara se d\u0103 pe degeaba\u201d.<\/p>\n\n\n\n<p><em>\u2013 Acum, c\u00e2nd a\u0163i plecat definitiv din Piatra-Neam\u0163, s\u0103 fi\u0163i al\u0103turi de copii \u015fi de ajutor nepo\u0163ilor, n-o s\u0103 v\u0103 fie dor de Teatrul Tineretului?<\/em><\/p>\n\n\n\n<p>\u2013 TT nici nu cred c\u0103 \u015ftie c\u0103 are c\u00e2\u0163iva dramaturgi de valoare \u00een ora\u015f \u2013 e poate singurul teatru din \u0163ar\u0103 care nu a promovat niciun \u201eautor local\u201d, citatul din Biblie i se potrive\u015fte de minune \u015fi acum.<\/p>\n\n\n\n<p><em>\u2013 Cum v\u0103 sim\u0163i\u0163i acum, ca \u201ebucure\u015ftean\u201d?<\/em><\/p>\n\n\n\n<p>\u2013 Ca la 76 de ani, \u00een plin\u0103 pandemie&#8230; Nostalgic dup\u0103 anul 1969, anul termin\u0103rii facult\u0103\u0163ii, c\u00e2nd plecam din capital\u0103 fericit c\u0103 v\u0103zusem mai toate piesele de teatru de pe scenele ei, mai toate filmele ce intraser\u0103 pe ecranele bucure\u015ftene, c\u0103 frecventasem cu drag <em>Cenaclul Labi\u015f<\/em>, c\u0103 scrisesem c\u00e2teva piese de teatru care \u00eemi deschiseser\u0103 u\u015fi la secretariatele literare ale unor teatre mari&#8230; Nostalgic dup\u0103 lecturile de atunci, dup\u0103 cursurile unor mari profesori de la Facultatea de Litere, dup\u0103 gustul libert\u0103\u0163ii descoperit de un fost elev venit din Ia\u015fi, de la Liceul Internat \u201eCostache Negruzzi\u201d, de unde se putea ie\u015fi \u00een ora\u015f numai cu bilet de voie&#8230;<\/p>\n\n\n\n<p>(<strong>N.R.<\/strong> \u2013 Lipsa spa\u0163iului ne-a silit s\u0103 renun\u0163\u0103m din o bun\u0103 parte a acestui dialog. Interviul integral poate fi citit pe adresa \u2013 http:\/\/dordeneamt.ro\/2021\/12\/06\/constantin-munteanu-scriitor-simt-ca-trebuie-sa-fiu-sincer-cu-pagina-alb\u0103.)<\/p>\n\n\n\n<p><strong><em>A consemnat Violeta MO\u015eU<\/em><\/strong><\/p>\n","protected":false},"excerpt":{"rendered":"<p>Dialogul care urmeaz\u0103 a fost provocat de un nou roman semnat de cunoscutul scriitor Constantin Munteanu, Tamara \u015fi demonii, vol. I \u2013 Demonul iubirii; vol. II \u2013 Demonul Puterii, a ap\u0103rut recent la Editura Cetatea Doamnei din Piatra-Neam\u0163. Autor de&hellip;<\/p>\n<p class=\"more-link-p\"><a class=\"more-link\" href=\"http:\/\/www.slineamt.ro\/apostolul\/cronica-literara\/constantin-munteanu-simt-ca-trebuie-sa-fiu-sincer-cu-pagina-alba-si-prin-ea-cu-cititorii\/\">Read more &rarr;<\/a><\/p>\n","protected":false},"author":1,"featured_media":0,"comment_status":"open","ping_status":"closed","sticky":false,"template":"","format":"standard","meta":{"footnotes":""},"categories":[16,453],"tags":[],"class_list":["post-22674","post","type-post","status-publish","format-standard","hentry","category-cronica-literara","category-numarul-250"],"_links":{"self":[{"href":"http:\/\/www.slineamt.ro\/apostolul\/wp-json\/wp\/v2\/posts\/22674","targetHints":{"allow":["GET"]}}],"collection":[{"href":"http:\/\/www.slineamt.ro\/apostolul\/wp-json\/wp\/v2\/posts"}],"about":[{"href":"http:\/\/www.slineamt.ro\/apostolul\/wp-json\/wp\/v2\/types\/post"}],"author":[{"embeddable":true,"href":"http:\/\/www.slineamt.ro\/apostolul\/wp-json\/wp\/v2\/users\/1"}],"replies":[{"embeddable":true,"href":"http:\/\/www.slineamt.ro\/apostolul\/wp-json\/wp\/v2\/comments?post=22674"}],"version-history":[{"count":1,"href":"http:\/\/www.slineamt.ro\/apostolul\/wp-json\/wp\/v2\/posts\/22674\/revisions"}],"predecessor-version":[{"id":22677,"href":"http:\/\/www.slineamt.ro\/apostolul\/wp-json\/wp\/v2\/posts\/22674\/revisions\/22677"}],"wp:attachment":[{"href":"http:\/\/www.slineamt.ro\/apostolul\/wp-json\/wp\/v2\/media?parent=22674"}],"wp:term":[{"taxonomy":"category","embeddable":true,"href":"http:\/\/www.slineamt.ro\/apostolul\/wp-json\/wp\/v2\/categories?post=22674"},{"taxonomy":"post_tag","embeddable":true,"href":"http:\/\/www.slineamt.ro\/apostolul\/wp-json\/wp\/v2\/tags?post=22674"}],"curies":[{"name":"wp","href":"https:\/\/api.w.org\/{rel}","templated":true}]}}