{"id":22678,"date":"2022-05-27T10:07:51","date_gmt":"2022-05-27T10:07:51","guid":{"rendered":"http:\/\/www.slineamt.ro\/apostolul\/?p=22678"},"modified":"2022-05-27T10:07:51","modified_gmt":"2022-05-27T10:07:51","slug":"calatorii-abilitare-prin-explorarea-patrimoniului-cultural","status":"publish","type":"post","link":"http:\/\/www.slineamt.ro\/apostolul\/viata-sindicala-imperative\/calatorii-abilitare-prin-explorarea-patrimoniului-cultural\/","title":{"rendered":"C\u0103l\u0103torii \u2013 Abilitare prin explorarea patrimoniului cultural"},"content":{"rendered":"<div class=\"wp-block-image\">\n<figure class=\"alignleft size-full is-resized\"><a href=\"http:\/\/www.slineamt.ro\/apostolul\/wp-content\/uploads\/2022\/05\/08-ap250-foto1.jpg\"><img loading=\"lazy\" decoding=\"async\" src=\"http:\/\/www.slineamt.ro\/apostolul\/wp-content\/uploads\/2022\/05\/08-ap250-foto1.jpg\" alt=\"\" class=\"wp-image-22679\" width=\"346\" height=\"342\" srcset=\"http:\/\/www.slineamt.ro\/apostolul\/wp-content\/uploads\/2022\/05\/08-ap250-foto1.jpg 306w, http:\/\/www.slineamt.ro\/apostolul\/wp-content\/uploads\/2022\/05\/08-ap250-foto1-300x296.jpg 300w, http:\/\/www.slineamt.ro\/apostolul\/wp-content\/uploads\/2022\/05\/08-ap250-foto1-260x257.jpg 260w, http:\/\/www.slineamt.ro\/apostolul\/wp-content\/uploads\/2022\/05\/08-ap250-foto1-160x158.jpg 160w\" sizes=\"auto, (max-width: 346px) 100vw, 346px\" \/><\/a><\/figure>\n<\/div>\n\n\n<p>\u00cen perioada 01.09.2020 \u2013 31.08.2022, se deruleaz\u0103 proiectul <strong>Erasmus + <em>Journeys \u2013 Empowerment through Exploration of Cultural Heritage (C\u0103l\u0103torii \u2013 Abilitare prin explorarea patrimoniului cultural)<\/em><\/strong>, \u00een care <strong>Sindicatul Lucr\u0103torilor Liberi din \u00cenv\u0103\u0163\u0103m\u00e2nt \u015fi Cercetare \u015etiin\u0163ific\u0103 Neam\u0163<\/strong> este partener al\u0103turi de organiza\u0163ii din alte patru \u0163\u0103ri: <strong>The Ubele Initiative<\/strong> (UK), care este \u015fi coordonator, <strong>Drustvo Bodi <\/strong>svetloba (Slovenia), <strong>Stichting <\/strong>Interlock (Olanda) \u015fi <strong>Istanbul Medeniyet <\/strong>University (Turcia).<\/p>\n\n\n\n<p><strong>Scopul proiectului:<\/strong><\/p>\n\n\n\n<p>Implicarea educatorilor\/formatorilor, lucr\u0103torilor de tineret \u015fi liderilor \u00een explorarea <strong>diversit\u0103\u0163ii europene<\/strong> privind mo\u015ftenirea cultural\u0103 \u015fi tradi\u0163iile, oferind sentimentul de apartenen\u0163\u0103 prin recunoa\u015fterea \u015fi aprecierea diversit\u0103\u0163ii popula\u0163iilor care tr\u0103iesc \u00een UE.<\/p>\n\n\n\n<p>\u00cemp\u0103rt\u0103\u015firea cuno\u015ftin\u0163elor \u015fi informa\u0163iilor pe scar\u0103 larg\u0103 despre artefactele, locurile, spa\u0163iile \u015fi pove\u015ftile care constituie patrimoniul cultural semnificativ din cele cinci ora\u015fe care fac obiectul proiectului.<\/p>\n\n\n\n<p><strong>Beneficiarii<\/strong> proiectului sunt p\u0103r\u0163ile care vor utiliza produsele realizate \u00een urma acestuia \u015fi c\u0103tre care va fi direc\u0163ionat\u0103 \u00eenv\u0103\u0163area sus\u0163inut\u0103 de educatorii\/formatorii, lucr\u0103torii de tineret \u015fi liderii, ce \u00ee\u015fi vor folosi competen\u0163ele \u00een transmiterea informa\u0163iilor acumulate privind mo\u015ftenirea cultural\u0103.<\/p>\n\n\n<div class=\"wp-block-image\">\n<figure class=\"alignright size-full is-resized\"><a href=\"http:\/\/www.slineamt.ro\/apostolul\/wp-content\/uploads\/2022\/05\/08-ap250-foto2.jpg\"><img loading=\"lazy\" decoding=\"async\" src=\"http:\/\/www.slineamt.ro\/apostolul\/wp-content\/uploads\/2022\/05\/08-ap250-foto2.jpg\" alt=\"\" class=\"wp-image-22680\" width=\"555\" height=\"377\" srcset=\"http:\/\/www.slineamt.ro\/apostolul\/wp-content\/uploads\/2022\/05\/08-ap250-foto2.jpg 605w, http:\/\/www.slineamt.ro\/apostolul\/wp-content\/uploads\/2022\/05\/08-ap250-foto2-300x204.jpg 300w, http:\/\/www.slineamt.ro\/apostolul\/wp-content\/uploads\/2022\/05\/08-ap250-foto2-560x380.jpg 560w, http:\/\/www.slineamt.ro\/apostolul\/wp-content\/uploads\/2022\/05\/08-ap250-foto2-260x177.jpg 260w, http:\/\/www.slineamt.ro\/apostolul\/wp-content\/uploads\/2022\/05\/08-ap250-foto2-160x109.jpg 160w\" sizes=\"auto, (max-width: 555px) 100vw, 555px\" \/><\/a><\/figure>\n<\/div>\n\n\n<p><strong>Programul<\/strong> de livrare cuprinde: vizite de studiu, derularea atelierelor de lucru prin activit\u0103\u0163i non-formale\/formale, schimburi de bune practici, situa\u0163ii de \u00eenv\u0103\u0163are \u015fi \u00eemp\u0103rt\u0103\u015fire a cuno\u015ftin\u0163elor despre culturile locale \u015fi comunit\u0103\u0163ile din \u0163\u0103rile respective, precum \u015fi \u00een\u0163elegerea \u015fi aprecierea turismului \u015fi patrimoniului cultural.<\/p>\n\n\n\n<p>Produsele rezultate \u00een urma derul\u0103rii activit\u0103\u0163ilor din proiect sunt:<\/p>\n\n\n\n<p>&#8211; un <strong>set de instrumente<\/strong> (<strong>Ghid de activit\u0103\u0163i non-formale<\/strong> din domeniul educa\u0163iei incluzive) care exploreaz\u0103 cultura \u015fi patrimoniul cultural. Pentru a realiza un produs de calitate, to\u0163i partenerii \u015fi-au adus contribu\u0163ia la dezvoltarea \u015fi testarea acestuia.<\/p>\n\n\n\n<p>&#8211; o <strong>hart\u0103 digital\u0103<\/strong> care surprinde aspecte ce \u0163in de mo\u015ftenirea cultural\u0103 antic\u0103, de conservarea \u015fi promovarea comunit\u0103\u0163ilor vizate din Marea Britanie (comunitatea afro-caraibian\u0103), Olanda (comunitatea surinamez\u0103, indonezian\u0103 \u015fi antileean\u0103 \u00een Amsterdam), Rom\u00e2nia (comunitatea rom\u0103), Slovenia (comunitatea indo-javanez\u0103) \u015fi Turcia (comunitatea afro-turc\u0103).<\/p>\n\n\n\n<p>&#8211; o <strong>aplica\u0163ie mobil\u0103<\/strong> legat\u0103 prin con\u0163inut de harta digital\u0103.<\/p>\n\n\n\n<p>Din nefericire, restric\u0163iile impuse \u00een cadrul contextului pandemic nu au f\u0103cut posibile \u00eent\u00e2lnirile \u00eentre parteneri p\u00e2n\u0103 acum, dec\u00e2t \u00een mediul virtual, fapt care a \u00eengreunat comunicarea, dar nu a f\u0103cut-o imposibil\u0103.<\/p>\n\n\n\n<p>&nbsp;Con\u0163inutul <em>Ghidului de activit\u0103\u0163i<\/em> a fost realizat prin contribu\u0163ia tuturor partenerilor \u015fi a fost pus \u00een practic\u0103 \u00een cadrul primei vizite de studiu, din Amsterdam (Olanda), care a avut loc \u00een perioada 10-16 mai 2022. A fost o oportunitate grozav\u0103 pentru realizarea unui <strong>schimb eficient de bune practici<\/strong>, pentru colaborarea \u00een cadrul <strong>atelierelor de lucru<\/strong> \u015fi <strong>\u00eemp\u0103rt\u0103\u015firea cuno\u015ftin\u0163elor<\/strong> ce \u0163in de mo\u015ftenirea cultural\u0103 a diverselor popula\u0163ii\/ comunit\u0103\u0163i la care proiectul face referire.<\/p>\n\n\n<div class=\"wp-block-image\">\n<figure class=\"alignleft size-full\"><a href=\"http:\/\/www.slineamt.ro\/apostolul\/wp-content\/uploads\/2022\/05\/08-ap250-foto3.jpg\"><img loading=\"lazy\" decoding=\"async\" width=\"340\" height=\"454\" src=\"http:\/\/www.slineamt.ro\/apostolul\/wp-content\/uploads\/2022\/05\/08-ap250-foto3.jpg\" alt=\"\" class=\"wp-image-22681\" srcset=\"http:\/\/www.slineamt.ro\/apostolul\/wp-content\/uploads\/2022\/05\/08-ap250-foto3.jpg 340w, http:\/\/www.slineamt.ro\/apostolul\/wp-content\/uploads\/2022\/05\/08-ap250-foto3-225x300.jpg 225w, http:\/\/www.slineamt.ro\/apostolul\/wp-content\/uploads\/2022\/05\/08-ap250-foto3-260x347.jpg 260w, http:\/\/www.slineamt.ro\/apostolul\/wp-content\/uploads\/2022\/05\/08-ap250-foto3-160x214.jpg 160w\" sizes=\"auto, (max-width: 340px) 100vw, 340px\" \/><\/a><\/figure>\n<\/div>\n\n\n<p>Ora\u015ful Amsterdam este un cadru elocvent de existen\u0163\u0103 a incluziunii sociale \u015fi a respectului pentru diversitate, \u00eentruc\u00e2t din aproape 750.000 de locuitori, convie\u0163uiesc reprezentan\u0163i a 120-125 de na\u0163ionalit\u0103\u0163i. Multiculturalitatea \u015fi interculturalitatea sunt tr\u0103s\u0103turile esen\u0163iale ale acestui ora\u015f. Comunitatea surinamez\u0103 a fost \u00een centrul aten\u0163iei participan\u0163ilor, pornind de la istoria acesteia prezentat\u0103 de <strong>prof. dr. Rosemarie Hoefte<\/strong> (istoric \u015fi surinamist), de la Universitatea din Amsterdam, p\u00e2n\u0103 la vizite \u015fi \u00eemp\u0103rt\u0103\u015firea direct\u0103 a elementelor ce \u0163in de mo\u015ftenirea cultural\u0103 (pove\u015fti spuse de reprezentan\u0163i ai comunit\u0103\u0163ii, vizite la muzee \u015fi incursiuni \u00een restaurantele cu specific surinamez).<\/p>\n\n\n\n<p>Leg\u0103tura antic\u0103 indonezian\u0103 cu Europa \u015fi contactul sloveno-indonezian a fost subiectul prezent\u0103rii colegului sloven \u2013 <strong>prof. Robin Dewa<\/strong>, (Dru\u0161tvo Bodi svetloba), iar leg\u0103tura dintre mo\u015ftenirea cultural\u0103 \u015fi turism a fost prezentat\u0103 de colegii de la <strong>IM University \u2013 Turcia<\/strong>.<\/p>\n\n\n\n<p>P\u00e2n\u0103 la urm\u0103toarea vizit\u0103 de studiu, care va avea loc \u00een Rom\u00e2nia, \u00een luna iulie a acestui an, participan\u0163ii vor multiplica informa\u0163iile primite, vor \u00eemp\u0103rt\u0103\u015fi cuno\u015ftin\u0163ele cuprinse \u00een <strong>Ghidul de activit\u0103\u0163i<\/strong>, prin realizarea de sesiuni de formare la nivel local, vor cerceta \u015fi vor acumula date ce vor fi utilizate ulterior la conceperea <strong>h\u0103r\u0163ii digitale<\/strong> \u015fi a <strong>aplica\u0163iei mobile<\/strong>.<\/p>\n\n\n\n<p>Cu to\u0163ii suntem trec\u0103tori \u00een aceast\u0103 lume, important este s\u0103 avem o <em>C\u0103l\u0103torie<\/em> frumoas\u0103, din care s\u0103 \u00eenv\u0103\u0163\u0103m \u015fi \u00een urma c\u0103reia s\u0103 evolu\u0103m. Acest proiect ne \u00eendeamn\u0103 la o <strong><em>c\u0103l\u0103torie<\/em><\/strong> \u00een alte \u0163\u0103ri \u015fi culturi, explor\u00e2nd diversitatea, dar totodat\u0103 eviden\u0163iind similaritatea dintre oameni \u015fi faptul c\u0103 suntem cu to\u0163ii conecta\u0163i \u00eentr-un fel sau altul.<\/p>\n\n\n\n<p><strong><em>Prof. Ramona-Mihaela RO\u015eU<\/em><\/strong><\/p>\n","protected":false},"excerpt":{"rendered":"<p>\u00cen perioada 01.09.2020 \u2013 31.08.2022, se deruleaz\u0103 proiectul Erasmus + Journeys \u2013 Empowerment through Exploration of Cultural Heritage (C\u0103l\u0103torii \u2013 Abilitare prin explorarea patrimoniului cultural), \u00een care Sindicatul Lucr\u0103torilor Liberi din \u00cenv\u0103\u0163\u0103m\u00e2nt \u015fi Cercetare \u015etiin\u0163ific\u0103 Neam\u0163 este partener al\u0103turi de&hellip;<\/p>\n<p class=\"more-link-p\"><a class=\"more-link\" href=\"http:\/\/www.slineamt.ro\/apostolul\/viata-sindicala-imperative\/calatorii-abilitare-prin-explorarea-patrimoniului-cultural\/\">Read more &rarr;<\/a><\/p>\n","protected":false},"author":1,"featured_media":0,"comment_status":"open","ping_status":"closed","sticky":false,"template":"","format":"standard","meta":{"footnotes":""},"categories":[11,453],"tags":[],"class_list":["post-22678","post","type-post","status-publish","format-standard","hentry","category-viata-sindicala-imperative","category-numarul-250"],"_links":{"self":[{"href":"http:\/\/www.slineamt.ro\/apostolul\/wp-json\/wp\/v2\/posts\/22678","targetHints":{"allow":["GET"]}}],"collection":[{"href":"http:\/\/www.slineamt.ro\/apostolul\/wp-json\/wp\/v2\/posts"}],"about":[{"href":"http:\/\/www.slineamt.ro\/apostolul\/wp-json\/wp\/v2\/types\/post"}],"author":[{"embeddable":true,"href":"http:\/\/www.slineamt.ro\/apostolul\/wp-json\/wp\/v2\/users\/1"}],"replies":[{"embeddable":true,"href":"http:\/\/www.slineamt.ro\/apostolul\/wp-json\/wp\/v2\/comments?post=22678"}],"version-history":[{"count":1,"href":"http:\/\/www.slineamt.ro\/apostolul\/wp-json\/wp\/v2\/posts\/22678\/revisions"}],"predecessor-version":[{"id":22682,"href":"http:\/\/www.slineamt.ro\/apostolul\/wp-json\/wp\/v2\/posts\/22678\/revisions\/22682"}],"wp:attachment":[{"href":"http:\/\/www.slineamt.ro\/apostolul\/wp-json\/wp\/v2\/media?parent=22678"}],"wp:term":[{"taxonomy":"category","embeddable":true,"href":"http:\/\/www.slineamt.ro\/apostolul\/wp-json\/wp\/v2\/categories?post=22678"},{"taxonomy":"post_tag","embeddable":true,"href":"http:\/\/www.slineamt.ro\/apostolul\/wp-json\/wp\/v2\/tags?post=22678"}],"curies":[{"name":"wp","href":"https:\/\/api.w.org\/{rel}","templated":true}]}}