{"id":22683,"date":"2022-05-27T10:11:04","date_gmt":"2022-05-27T10:11:04","guid":{"rendered":"http:\/\/www.slineamt.ro\/apostolul\/?p=22683"},"modified":"2022-05-27T10:11:04","modified_gmt":"2022-05-27T10:11:04","slug":"un-eveniment-care-va-marca-evolutia-scolii-nemtene-congresul-international-al-cadrelor-didactice-din-romania-si-al-cadrelor-didactice-de-etnie-romana-de-peste-hotare-se-va-desfasura-la-piatra-neamt","status":"publish","type":"post","link":"http:\/\/www.slineamt.ro\/apostolul\/eveniment\/un-eveniment-care-va-marca-evolutia-scolii-nemtene-congresul-international-al-cadrelor-didactice-din-romania-si-al-cadrelor-didactice-de-etnie-romana-de-peste-hotare-se-va-desfasura-la-piatra-neamt\/","title":{"rendered":"Un eveniment care va marca evolu\u0163ia \u015fcolii nem\u0163ene: Congresul Interna\u0163ional al Cadrelor Didactice din Rom\u00e2nia \u015fi al Cadrelor Didactice de Etnie Rom\u00e2n\u0103 de peste Hotare se va desf\u0103\u015fura la Piatra-Neam\u0163, \u00een perioada 25-28 iulie 2022"},"content":{"rendered":"\n<p><\/p>\n\n\n\n<p><strong>Asocia\u0163ia \u00cenv\u0103\u0163\u0103torilor din jude\u0163ul Neam\u0163 va organiza, pentru prima dat\u0103 la Piatra-Neam\u0163, un Congres Interna\u0163ional al Cadrelor Didactice din Rom\u00e2nia \u015fi al Cadrelor Didactice de Etnie Rom\u00e2n\u0103 de peste Hotare, \u00een perioada 25-28 iulie, cu participarea a peste 200 de cadre didactice, din Rom\u00e2nia, Republica Moldova, Ucraina, Serbia, Ungaria. Este \u015fi al 44-lea Congres al Asocia\u0163iei Generale a \u00cenv\u0103\u0163\u0103torilor din Rom\u00e2nia (AGIRo)<\/strong>.<\/p>\n\n\n\n<p>&nbsp;Suntem bucuro\u015fi s\u0103 organiz\u0103m acest Congres \u00een anul c\u00e2nd Asocia\u0163ia \u00cenv\u0103\u0163\u0103torilor din jude\u0163ul Neam\u0163 \u00eempline\u015fte 110 de la \u00eenfiin\u0163are (1912). Va fi o \u00eent\u00e2lnire constructiv\u0103, o activitate prin care s\u0103 prob\u0103m competen\u0163a \u015fi d\u0103ruirea noastr\u0103 profesional\u0103. Dorim ca pentru to\u0163i participan\u0163ii la Congresul din Neam\u0163 s\u0103 fie \u015fi o (re)\u00eent\u00e2lnire de suflet, o revedere revigorant\u0103, <em>care s\u0103 ne permit\u0103<\/em>, a\u015fa cum spunea regretatul nostru pre\u015fedinte, profesorul Gheorghe Amaicei, <em>s\u0103 ne \u00eenc\u0103rc\u0103m inimile cu bucurii \u015fi s\u0103n\u0103tate, pentru activitatea noastr\u0103 viitoare<\/em>.<\/p>\n\n\n\n<p>&nbsp;Invita\u0163ii, educatoare, \u00eenv\u0103\u0163\u0103tori \u015fi profesori, vor sosi la Piatra-Neam\u0163 \u00een ziua de 25 iulie \u015fi vor fi g\u0103zdui\u0163i \u00een campusul Colegiului \u201eGheorghe Cartianu\u201d.<\/p>\n\n\n\n<p>&nbsp;A doua zi vor avea loc \u015fedin\u0163a \u00een plen \u015fi deschiderea lucr\u0103rilor acestui congres \u00een prezen\u0163a oficialit\u0103\u0163ilor locale dar \u015fi a unor invita\u0163i de la Ministerul Educa\u0163iei \u015fi F.S.L.I.<\/p>\n\n\n\n<p>&nbsp;\u00cen ziua de 27 iulie vom porni spre T\u00e2rgu Neam\u0163, poposind la M\u0103n\u0103stirea Agapia, Humule\u015fti, \u015ecoala Gimnazial\u0103 V\u00e2n\u0103tori, Seminarul Teologic Ortodox \u201eVeniamin Costachi\u201d, M\u0103n\u0103stirea Neam\u0163, Parcul Natural V\u00e2n\u0103tori-Neam\u0163.<\/p>\n\n\n\n<p>&nbsp;Programul va cuprinde, cursuri\/ateliere de formare \u015fi work-shopuri organizate de Universitatea \u201eVasile Alecsandri\u201d din Bac\u0103u, Inspectoratul \u015ecolar Jude\u0163ean Neam\u0163, de Casa Corpului Didactic (CCD) Neam\u0163, pe teme de actualitate didactic\u0103.<\/p>\n\n\n\n<p>&nbsp;Leon Mrejeriu, primul pre\u015fedinte al Asocia\u0163iei \u00cenv\u0103\u0163\u0103torilor din jude\u0163ul Neam\u0163, caracteriza \u0163inutul Neam\u0163ului ca fiind <em>unul de credin\u0163\u0103, vitejie, de c\u0103rtur\u0103rie \u015fi de art\u0103<\/em>. Avem convingerea c\u0103 vom ar\u0103ta tuturor invita\u0163ilor la Congres c\u0103 aceste \u00eensu\u015firi nu au disp\u0103rut; supravie\u0163uiesc \u015fi datorit\u0103 nou\u0103, dasc\u0103lii de ast\u0103zi.<\/p>\n\n\n\n<p>&nbsp;Consiliul Director al Asocia\u0163iei \u00cenv\u0103\u0163\u0103torilor din Neam\u0163 \u00eei invit\u0103 pe to\u0163i membrii Asocia\u0163iei, pe colegii inspectori \u015fcolari, directori, \u00eenv\u0103\u0163\u0103tori \u015fi profesori s\u0103 sprijine activit\u0103\u0163ile Congresului AGIRo.<\/p>\n\n\n\n<p><strong><em>Prof. Liviu Constantin RUSU, pre\u015fedintele AINT<\/em><\/strong><\/p>\n","protected":false},"excerpt":{"rendered":"<p>Asocia\u0163ia \u00cenv\u0103\u0163\u0103torilor din jude\u0163ul Neam\u0163 va organiza, pentru prima dat\u0103 la Piatra-Neam\u0163, un Congres Interna\u0163ional al Cadrelor Didactice din Rom\u00e2nia \u015fi al Cadrelor Didactice de Etnie Rom\u00e2n\u0103 de peste Hotare, \u00een perioada 25-28 iulie, cu participarea a peste 200 de&hellip;<\/p>\n<p class=\"more-link-p\"><a class=\"more-link\" href=\"http:\/\/www.slineamt.ro\/apostolul\/eveniment\/un-eveniment-care-va-marca-evolutia-scolii-nemtene-congresul-international-al-cadrelor-didactice-din-romania-si-al-cadrelor-didactice-de-etnie-romana-de-peste-hotare-se-va-desfasura-la-piatra-neamt\/\">Read more &rarr;<\/a><\/p>\n","protected":false},"author":1,"featured_media":0,"comment_status":"open","ping_status":"closed","sticky":false,"template":"","format":"standard","meta":{"footnotes":""},"categories":[18,453],"tags":[],"class_list":["post-22683","post","type-post","status-publish","format-standard","hentry","category-eveniment","category-numarul-250"],"_links":{"self":[{"href":"http:\/\/www.slineamt.ro\/apostolul\/wp-json\/wp\/v2\/posts\/22683","targetHints":{"allow":["GET"]}}],"collection":[{"href":"http:\/\/www.slineamt.ro\/apostolul\/wp-json\/wp\/v2\/posts"}],"about":[{"href":"http:\/\/www.slineamt.ro\/apostolul\/wp-json\/wp\/v2\/types\/post"}],"author":[{"embeddable":true,"href":"http:\/\/www.slineamt.ro\/apostolul\/wp-json\/wp\/v2\/users\/1"}],"replies":[{"embeddable":true,"href":"http:\/\/www.slineamt.ro\/apostolul\/wp-json\/wp\/v2\/comments?post=22683"}],"version-history":[{"count":1,"href":"http:\/\/www.slineamt.ro\/apostolul\/wp-json\/wp\/v2\/posts\/22683\/revisions"}],"predecessor-version":[{"id":22684,"href":"http:\/\/www.slineamt.ro\/apostolul\/wp-json\/wp\/v2\/posts\/22683\/revisions\/22684"}],"wp:attachment":[{"href":"http:\/\/www.slineamt.ro\/apostolul\/wp-json\/wp\/v2\/media?parent=22683"}],"wp:term":[{"taxonomy":"category","embeddable":true,"href":"http:\/\/www.slineamt.ro\/apostolul\/wp-json\/wp\/v2\/categories?post=22683"},{"taxonomy":"post_tag","embeddable":true,"href":"http:\/\/www.slineamt.ro\/apostolul\/wp-json\/wp\/v2\/tags?post=22683"}],"curies":[{"name":"wp","href":"https:\/\/api.w.org\/{rel}","templated":true}]}}