{"id":22691,"date":"2022-05-27T10:16:30","date_gmt":"2022-05-27T10:16:30","guid":{"rendered":"http:\/\/www.slineamt.ro\/apostolul\/?p=22691"},"modified":"2022-05-27T10:16:30","modified_gmt":"2022-05-27T10:16:30","slug":"daca-teatru-nu-e-nimic-nu-e","status":"publish","type":"post","link":"http:\/\/www.slineamt.ro\/apostolul\/cronica-literara\/daca-teatru-nu-e-nimic-nu-e\/","title":{"rendered":"Dac\u0103 teatru nu e, nimic nu e"},"content":{"rendered":"<div class=\"wp-block-image\">\n<figure class=\"alignleft size-full is-resized\"><a href=\"http:\/\/www.slineamt.ro\/apostolul\/wp-content\/uploads\/2022\/05\/04-ap250-foto1.jpg\"><img loading=\"lazy\" decoding=\"async\" src=\"http:\/\/www.slineamt.ro\/apostolul\/wp-content\/uploads\/2022\/05\/04-ap250-foto1.jpg\" alt=\"\" class=\"wp-image-22692\" width=\"297\" height=\"434\" srcset=\"http:\/\/www.slineamt.ro\/apostolul\/wp-content\/uploads\/2022\/05\/04-ap250-foto1.jpg 414w, http:\/\/www.slineamt.ro\/apostolul\/wp-content\/uploads\/2022\/05\/04-ap250-foto1-205x300.jpg 205w, http:\/\/www.slineamt.ro\/apostolul\/wp-content\/uploads\/2022\/05\/04-ap250-foto1-260x380.jpg 260w, http:\/\/www.slineamt.ro\/apostolul\/wp-content\/uploads\/2022\/05\/04-ap250-foto1-160x234.jpg 160w\" sizes=\"auto, (max-width: 297px) 100vw, 297px\" \/><\/a><\/figure>\n<\/div>\n\n\n<p>Lua\u0163i titlul de mai sus ca o declara\u0163ie de dragoste. \u015etiu c\u0103 nu sunt original dar \u015fi Marin Preda l-a citat pe Sf\u00e2ntul Pavel, a\u015fa c\u0103 nu-i bai. Sau e? Sunt \u00eendr\u0103gostit de Teatrul Tineretului de peste 50 de ani \u015fi \u00eenc\u0103 nu mi-a trecut.<\/p>\n\n\n\n<p>Tot din iubire pentru acest reper cultural nem\u0163ean s-a n\u0103scut cartea pe care tocmai o deschide\u0163i, o ini\u0163iativ\u0103 a doamnei Violeta Simina Mo\u015fu, pus\u0103 \u00een pagin\u0103 prin colaborarea cu Valentin Andrei, un alt \u00eemp\u0103timit de frumos. \u015ei de consemnarea lui. Ini\u0163iativa a impus o documentare pe m\u0103sur\u0103, o cercetare mig\u0103loas\u0103 a presei vremii \u015fi a arhivei cr\u00e2mpo\u0163ite a teatrului. Mul\u0163umiri colegei Raluca Naclad, consultant artistic al T. T., care, \u00een vremi vitrege \u015fi pandemice, ne-a d\u0103ruit cu generozitate o parte \u00eensemnat\u0103 a timpului ei personal, mai ales pentru zona iconografic\u0103. Preciz\u0103m aici c\u0103 editarea acestei c\u0103r\u0163i nu datoreaz\u0103 nimic nici unei institu\u0163ii de cultur\u0103 nem\u0163ene.<\/p>\n\n\n\n<p>Trebuie spus de la \u00eenceput c\u0103, prin informa\u0163ie \u015fi perspectiv\u0103, lucrarea \u00ee\u015fi dep\u0103\u015fe\u015fte grani\u0163ele temei, Istoria Festivalului de Teatru, devenind chiar o Istorie a TT-ului, a teatrului pe aceste meleaguri. \u015ei nu doar at\u00e2t. Prin punctarea repertoriului, a izb\u00e2nzilor scenei, a prezen\u0163ei \u00een confrunt\u0103ri europene, cartea sugereaz\u0103 \u015fi un tablou general al teatrului rom\u00e2nesc, al traumelor ideologice de la intersec\u0163ia ultimelor dou\u0103 secole. E \u201ec\u0103lare pe dou\u0103 veacuri\u201d, cum plastic zicea titlul unei c\u0103r\u0163i celebre.<\/p>\n\n\n\n<p>Teatrul pietrean, \u00eenfiin\u0163at ca sec\u0163ie a teatrului b\u0103c\u0103uan \u00een 1958, anul retragerii trupelor lui Nikita Sergheevici Hru\u015fciov din Rom\u00e2nia, a beneficiat ini\u0163ial de o vag\u0103 libertate, urmare a \u201edezghe\u0163ului\u201d ideologic debutat \u00een 1956. Sunt repudiate acum cultul personalit\u0103\u0163ii \u015fi stalinismul, dispar obligativitatea limbii ruse \u00een \u015fcoal\u0103 \u015fi emisiunea \u201eS\u0103 \u00eenv\u0103\u0163\u0103m limba rus\u0103 c\u00e2nt\u00e2nd\u201d de la radio, dar r\u0103m\u00e2n pe afi\u015ful teatrelor: Nikolai Pogodin, A.V. Suhovo-Kob\u00e2lin, Leonid Leonov \u015fi proletculti\u015ftii: Lucia Demetrius, Aurel Baranga, Alexandru Mirodan, Sutto Andras. Erau \u201etobo\u015farii\u201d timpurilor noi care, sub obl\u0103duirea Consiliului Superior al Literaturii Dramatice \u015fi al Crea\u0163iei Muzicale (numele de alint al cenzurii) trebuiau s\u0103 a\u015feze carul lui Thespis pe linia dreapt\u0103 a partidului, cu talent \u015fi m\u00e2nie proletar\u0103. (Excelente studiile Mirunei Runcan cu privire la traumele Teatrului sub dictatura proletcultist\u0103 a epocii!)<\/p>\n\n\n\n<p>Primul director al teatrului, Ion Coman, a aspirat tot timpul s\u0103 aib\u0103 un teatru al lui, se socotea \u201egeamba\u015f de actori\u201d, adulmeca \u015fi pagina succesul, avea fler \u015fi \u00eencredere \u00een profesioni\u015fti, \u00een primul r\u00e2nd \u00een secretarul literar Eduard Covali. Acesta, dincolo de faptul c\u0103 genera mereu o stare de bine pentru cei din jur, spontan \u00een replic\u0103 sau observa\u0163ie critic\u0103, iubea p\u0103tima\u015f Teatrul \u015fi actorii \u015fi, f\u0103r\u0103 \u00eendoial\u0103, a fost adev\u0103ratul creator al statutului moral \u015fi estetic al Teatrului Tineretului. \u015ei avea un r\u00e2s homeric pe care, cei care l-au cunoscut, nu-l pot uita.<\/p>\n\n\n\n<p>Caietul program nr. 1 nota: \u201eLa deschiderea primei stagiuni a Teatrului din Piatra-Neam\u0163, acesta este unicul \u015fi cuprinz\u0103torul deziderat \u015fi angajament \u2013 <strong>Tinere\u0163ea<\/strong>.\u201d Iar liniile de for\u0163\u0103, care au dat identitate institu\u0163iei, s-au concretizat \u00een ambi\u0163ia ineditului repertorial \u2013 premiere absolute \u015fi premiere pe \u0163ar\u0103 \u2013 mai ales din dramaturgia na\u0163ional\u0103, \u00een crearea unui spirit de echip\u0103 exemplar, absolut deschis afirm\u0103rilor individuale, \u00een atragerea celor mai neinhiba\u0163i actori, regizori \u015fi scenografi, \u00een transformarea teatrului \u00eentr-un modul cultural, loc de intersec\u0163ie \u015fi afirmare a artelor.<\/p>\n\n\n\n<p>Enun\u0163atul program teatral, validat de recunoa\u015fterea valorii produc\u0163iilor \u00een competi\u0163ii na\u0163ionale \u015fi interna\u0163ionale (N\u00fcrnberg \u015fi M\u00fcnchen, 1967; Bienala de la Vene\u0163ia, 1968; San Marino, 1971; Danemarca, 1972; Iugoslavia, 1973; Nancy, Fran\u0163a, 1977), a conferit palmares, personalitate \u015fi autoritate artistic\u0103.<\/p>\n\n\n\n<p>Acesta era contextul fertil care a generat \u015fi ideea deschiderii spre dialog european \u015fi ini\u0163ierea unui prim Festival de Teatru \u00een Rom\u00e2nia. Firesc, justificat \u015fi incitant! Iar dedicarea lui tinerilor \u015fi copiilor, \u015fi ideea competi\u0163iei \u00eel legitimau \u015fi-i d\u0103deau rost \u00eentr-o societate care trecea cu t\u0103v\u0103lugul peste valorile individuale. (De ce competitivitate? P\u0103i \u015fi concursurile dramatice din vechea Elad\u0103 premiau c\u00e2\u015ftig\u0103torii \u00een aceste olimpiade ale spiritului, nu???) Apoi, aici, s-a ad\u0103ugat \u015fi ideea de s\u0103rb\u0103toare a cet\u0103\u0163ii, de festin cultural: timp de zece zile Piatra-Neam\u0163 era capitala recunoscut\u0103 a teatrului om\u00e2nesc. \u015ei mai toat\u0103 lumea respira teatru. Punct.<\/p>\n\n\n\n<p>Apoi, cum ziceam mai la deal, festivalul pietrean s-a constituit \u2013 o destul de \u00eendelungat\u0103 vreme \u2013 \u00eentr-o antologie a izb\u00e2nzilor artistice na\u0163ionale, av\u00e2nd ca priorit\u0103\u0163i spectacolele de marc\u0103 (\u201eregaluri\u201d s-au numit c\u00e2teva edi\u0163ii) \u015fi debuturile girate de produc\u0163iile \u015fcolilor de teatru. Nu exemplific; cartea de fa\u0163\u0103 informeaz\u0103 bine \u015fi chiar nuan\u0163eaz\u0103, c\u00e2nd materialul documentar accesat o permite.<\/p>\n\n\n\n<p>Fotografii, afi\u015fe, cronici, imagini de colec\u0163ie, declara\u0163ii-program au fost puse cu drag \u00een pagin\u0103 de cei doi autori care au \u00eencercat s\u0103 fie echidistan\u0163i \u015fi riguro\u015fi. Dar amploarea unei asemenea treceri \u00een revist\u0103 poate p\u0103rea subiectiv\u0103, mai ales din perspectiva distribuirii spa\u0163iilor (a existat mereu o generozitate aproximativ\u0103 a surselor), \u015fi a punctului \u00een care se opre\u015fte cercetarea: jubileul din anul 2019.<\/p>\n\n\n\n<p>Este locul \u00een care se rupe pisica tradi\u0163iei \u015fi competi\u0163iei, Teatrul Tineretului \u015fi festivalul s\u0103u pliindu-se ostentativ \u015fi radical pe o politic\u0103 repertorial\u0103 exclusivist\u0103, sub cenzura unei noi \u201ecorectitudini politice\u201d, lu\u00e2nd distan\u0163\u0103 de coordonatele care \u00eel situaser\u0103 \u00een elita teatrului rom\u00e2nesc.<\/p>\n\n\n\n<p>Prin anii \u201870 autoritatea lui Brecht cedase \u00een fa\u0163a lui Cehov: teatrul nu trebuie s\u0103 se ocupe de angajarea ideologic\u0103 a maselor, ci de medita\u0163ia asupra destinelor individuale. Ast\u0103zi, bastarzii lui Brecht, mai pu\u0163in \u015fcoli\u0163i \u015fi mai zgomoto\u015fi, revin \u00een for\u0163\u0103. Teatrul e ac\u0163iune! Teatrul trebuie s\u0103 fie o aren\u0103 de ciom\u0103geal\u0103 ideologic\u0103, de clamare a autorit\u0103\u0163ii minorit\u0103\u0163ilor, marginaliza\u0163ilor \u015fi handicapa\u0163ilor de tot soiul. Scena a intrat \u00eentr-o competi\u0163ie a inculturii \u015fi a vulgarit\u0103\u0163ii, iar orice critic\u0103 a acestui fenomen malign e blamat\u0103 ca retardare spiritual\u0103 sau inadecvare la epoc\u0103.<\/p>\n\n\n\n<p>Rostul prezentei c\u0103r\u0163i este acela de a consemna un nod pe r\u0103bojul teatrului rom\u00e2nesc. C\u00e2t de ad\u00e2nc \u015fi de expresiv e acest semn, n-are importan\u0163\u0103; el exist\u0103 \u015fi ofer\u0103 informa\u0163ie exact\u0103, cred. Pentru cine are urechi de auzit, s\u0103 aud\u0103: cartea asta spune c\u0103 Festivalul, a\u015fa cum era el, c\u00e2ndva, a validat, dincolo de consemn\u0103rile statistice, personalitatea distinct\u0103 \u015fi prestigiul profesional superlativ al Teatrului Tineretului.<\/p>\n\n\n\n<p>De fapt, mai mult dec\u00e2t o ochead\u0103 \u00een istorie, aceast\u0103 \u00eentoarcere \u00een timp \u00eendeamn\u0103 s\u0103 reg\u0103sim \u00een noi \u00een\u015fine, \u015fi s\u0103 iubim, valorile acreditate de aceast\u0103 <em>art\u0103 veche \u015fi fragil\u0103<\/em> (Brook).<\/p>\n\n\n\n<p>Dac\u0103 teatru nu e&#8230;<\/p>\n\n\n\n<p><strong><em>Mircea ZAHARIA<\/em><\/strong><\/p>\n\n\n\n<p><strong>Nota Redac\u0163iei<\/strong>: Textul de mai sus reia prefa\u0163a c\u0103r\u0163ii <em>FESTIVALUL DE TEATRU Piatra-Neam\u0163, 1969-2019<\/em>, o sintez\u0103 semnat\u0103 de Violeta Simina MO\u015eU \u015fi Valentin ANDREI, ie\u015fit\u0103 de sub tipar, la Editura NONA, la \u00eenceputul lunii mai a. c. Prietenii Teatrului Tineretului sunt invita\u0163i la lansarea oficial\u0103 a acestei ocheade \u00een istoria TT, miercuri, 15 iunie, ora 18, \u00een sala de Conferin\u0163e ATRIUM, a Central Plaza Hotel din Piatra-Neam\u0163.<\/p>\n","protected":false},"excerpt":{"rendered":"<p>Lua\u0163i titlul de mai sus ca o declara\u0163ie de dragoste. \u015etiu c\u0103 nu sunt original dar \u015fi Marin Preda l-a citat pe Sf\u00e2ntul Pavel, a\u015fa c\u0103 nu-i bai. Sau e? Sunt \u00eendr\u0103gostit de Teatrul Tineretului de peste 50 de ani&hellip;<\/p>\n<p class=\"more-link-p\"><a class=\"more-link\" href=\"http:\/\/www.slineamt.ro\/apostolul\/cronica-literara\/daca-teatru-nu-e-nimic-nu-e\/\">Read more &rarr;<\/a><\/p>\n","protected":false},"author":1,"featured_media":0,"comment_status":"open","ping_status":"closed","sticky":false,"template":"","format":"standard","meta":{"footnotes":""},"categories":[16,453],"tags":[],"class_list":["post-22691","post","type-post","status-publish","format-standard","hentry","category-cronica-literara","category-numarul-250"],"_links":{"self":[{"href":"http:\/\/www.slineamt.ro\/apostolul\/wp-json\/wp\/v2\/posts\/22691","targetHints":{"allow":["GET"]}}],"collection":[{"href":"http:\/\/www.slineamt.ro\/apostolul\/wp-json\/wp\/v2\/posts"}],"about":[{"href":"http:\/\/www.slineamt.ro\/apostolul\/wp-json\/wp\/v2\/types\/post"}],"author":[{"embeddable":true,"href":"http:\/\/www.slineamt.ro\/apostolul\/wp-json\/wp\/v2\/users\/1"}],"replies":[{"embeddable":true,"href":"http:\/\/www.slineamt.ro\/apostolul\/wp-json\/wp\/v2\/comments?post=22691"}],"version-history":[{"count":1,"href":"http:\/\/www.slineamt.ro\/apostolul\/wp-json\/wp\/v2\/posts\/22691\/revisions"}],"predecessor-version":[{"id":22693,"href":"http:\/\/www.slineamt.ro\/apostolul\/wp-json\/wp\/v2\/posts\/22691\/revisions\/22693"}],"wp:attachment":[{"href":"http:\/\/www.slineamt.ro\/apostolul\/wp-json\/wp\/v2\/media?parent=22691"}],"wp:term":[{"taxonomy":"category","embeddable":true,"href":"http:\/\/www.slineamt.ro\/apostolul\/wp-json\/wp\/v2\/categories?post=22691"},{"taxonomy":"post_tag","embeddable":true,"href":"http:\/\/www.slineamt.ro\/apostolul\/wp-json\/wp\/v2\/tags?post=22691"}],"curies":[{"name":"wp","href":"https:\/\/api.w.org\/{rel}","templated":true}]}}