{"id":22694,"date":"2022-05-27T10:18:13","date_gmt":"2022-05-27T10:18:13","guid":{"rendered":"http:\/\/www.slineamt.ro\/apostolul\/?p=22694"},"modified":"2022-05-27T10:18:13","modified_gmt":"2022-05-27T10:18:13","slug":"leadership-si-comunicare-in-educatie","status":"publish","type":"post","link":"http:\/\/www.slineamt.ro\/apostolul\/viata-sindicala-imperative\/leadership-si-comunicare-in-educatie\/","title":{"rendered":"Leadership \u015fi comunicare \u00een educa\u0163ie"},"content":{"rendered":"<div class=\"wp-block-image\">\n<figure class=\"alignleft size-full\"><a href=\"http:\/\/www.slineamt.ro\/apostolul\/wp-content\/uploads\/2022\/05\/03-ap250-foto1.jpg\"><img loading=\"lazy\" decoding=\"async\" width=\"378\" height=\"370\" src=\"http:\/\/www.slineamt.ro\/apostolul\/wp-content\/uploads\/2022\/05\/03-ap250-foto1.jpg\" alt=\"\" class=\"wp-image-22695\" srcset=\"http:\/\/www.slineamt.ro\/apostolul\/wp-content\/uploads\/2022\/05\/03-ap250-foto1.jpg 378w, http:\/\/www.slineamt.ro\/apostolul\/wp-content\/uploads\/2022\/05\/03-ap250-foto1-300x294.jpg 300w, http:\/\/www.slineamt.ro\/apostolul\/wp-content\/uploads\/2022\/05\/03-ap250-foto1-260x254.jpg 260w, http:\/\/www.slineamt.ro\/apostolul\/wp-content\/uploads\/2022\/05\/03-ap250-foto1-160x157.jpg 160w\" sizes=\"auto, (max-width: 378px) 100vw, 378px\" \/><\/a><\/figure>\n<\/div>\n\n\n<p>La invita\u0163ia Federa\u0163iei Sindicatelor Libere din \u00cenv\u0103\u0163\u0103m\u00e2nt, \u00een perioada 9-11 mai, un grup format din 27 de lideri sindicali din Federa\u0163ia Sindical\u0103 a Educa\u0163iei \u015fi \u015etiin\u0163ei din Republica Moldova s-a aflat \u00een Bucure\u015fti la un curs de formare \u201eLeadership \u015fi comunicare \u00een educa\u0163ie\u201d.<\/p>\n\n\n\n<p>F\u0103c\u00e2nd parte din cadrul Proiectului European \u201ePartenerii sociali promoveaz\u0103 re\u00eennoirea sindicatelor\u201d, cursul este implementat de FSLI \u015fi Confedera\u0163ia Norvegian\u0103 a Sindicatelor (<em>Landsorganisasjonen i Norge<\/em>) \u015fi finan\u0163at de <em>Norway Grants<\/em>, prin Funda\u0163ia <em>Innovation Norway<\/em>. Coordonator de Proiect Alexandra Cornea.<\/p>\n\n\n\n<p>Participan\u0163ii la cursul de formare au fost onora\u0163i cu prezen\u0163a pre\u015fedintelui CSDR, Iacob Baciu \u015fi a pre\u015fedintelui FSLI, Simion Hancescu.<\/p>\n\n\n\n<p>Cursul de formare s-a desf\u0103\u015furat \u00een incinta Hotelului Ramada Plaza, av\u00e2ndu-i \u00een calitate de formatori pe Oana N\u0103stase (formator\/ coach), Adrian Caruceru \u015fi Mihai Deaconu, Funda\u0163ia OTP BANK.<\/p>\n\n\n\n<p><strong>\u2022 Bucuria de a fi \u00een Bucure\u015fti<\/strong><\/p>\n\n\n\n<p>Particip\u00e2nd la acest curs, ne-am propus s\u0103 ne \u00eembun\u0103t\u0103\u0163im competen\u0163ele de comunicare \u015fi management al rela\u0163iilor interpersonale \u00een cadrul organiza\u0163iei sindicale pe care o conducem.<\/p>\n\n\n\n<p>\u00cen capitala tuturor rom\u00e2nilor, Bucure\u015fti, mai fusesem doar \u00een trecere. \u00centre dou\u0103 g\u0103ri, v\u0103zusem ora\u015ful \u00een fug\u0103, fiind \u00een drum spre alt\u0103 destina\u0163ie. \u00cemi doream totu\u015fi, de fapt mi-am dorit mereu, s\u0103 am r\u0103gaz s\u0103 calc pe pietrele Centrului Vechi, s\u0103 v\u0103d ce-a mai r\u0103mas din gloria \u201eMicului Paris\u201d, s\u0103 simt acea jovialitate a bucure\u015ftenilor, eventual sarcasmul, despre care \u00eemi tot spuneau cei ce au fost pe acolo.<\/p>\n\n\n\n<p>Ocazia a venit pe nea\u015fteptate, c\u00e2nd am fost invita\u0163i mai mul\u0163i lideri sindicali din educa\u0163ie din Basarabia la cursul de formare \u201eLeadership \u015fi comunicare \u00een educa\u0163ie\u201d. S\u0103 spun c\u0103 eram fericit\u0103 e pu\u0163in: g\u00e2ndul c\u0103 voi trece din nou Prutul, dup\u0103 ani tri\u015fti sta\u0163i sub lac\u0103t, m\u0103 cople\u015fea.<\/p>\n\n\n\n<p>Desigur, abilit\u0103\u0163ile \u015fi competen\u0163ele pe care le-am dob\u00e2ndit \u00een cadrul form\u0103rii, sunt de nepre\u0163uit. Am avut parte de formatori extraordinari: Ada, Mihai \u015fi Adrian, care ne-au provocat s\u0103 reactualiz\u0103m unele cuno\u015ftin\u0163e despre comunicare, s\u0103 con\u015ftientiz\u0103m rolul unui lider, nu neap\u0103rat sindical, s\u0103 ne privim din exterior analiz\u00e2ndu-ne capacit\u0103\u0163ile de a lucra \u00een echip\u0103 \u015fi a ob\u0163ine un rezultat oportun al activit\u0103\u0163ii \u00een diferite circumstan\u0163e. Interactivitatea cursurilor ne-a f\u0103cut s\u0103 nu observ\u0103m trecerea timpului, a mai alinat din dorul de comunicare pe viu. Plimbarea prin Bucure\u015fti ne-a adus satisfac\u0163ii suflete\u015fti: bucuria de a fi \u00een Bucure\u015fti! Am reu\u015fit s\u0103 vedem Arcul de Triumf, Bulevardul Kiseleff, s\u0103 trecem pe l\u00e2ng\u0103 Muzeul de \u015etiin\u0163e Naturale \u201eGrigore Antipa\u201d (mi-a\u015f fi dorit s\u0103 \u015fi intru), am cobor\u00e2t \u00een Pia\u0163a Victoriei, am vizitat Patriarhia, ne-am rugat de s\u0103n\u0103tatea celor dragi \u015fi i-am pomenit pe cei trecu\u0163i \u00een ve\u015fnicie la Catedrala M\u00e2ntuirii Neamului, am trecut pe la Hanul lui Manuc (e tot acel Manuc Bei, care a locuit \u015fi la H\u00e2nce\u015fti). Nu am re\u0163inut toate denumirile locurilor pe unde am fost: prea mult\u0103 informa\u0163ie pentru prima vizit\u0103, dar am r\u0103mas cu g\u00e2ndul c\u0103 mi-a\u015f dori numaidec\u00e2t s\u0103 revin&#8230;<\/p>\n\n\n\n<p>Cu toat\u0103 considera\u0163iunea, recuno\u015ftin\u0163a \u015fi dragostea, mul\u0163umim pentru acel suflu de aer rom\u00e2nesc pe care \u00eel simt \u015fi acum \u00een piept, f\u0103c\u00e2nd o plec\u0103ciune tuturor celor ce au f\u0103cut posibil\u0103 prezen\u0163a noastr\u0103 la Bucure\u015fti, \u00een special Alexandrei Cornea, Director al Departamentului Rela\u0163ii Interna\u0163ionale \u015fi Programe Europene, coordonator de proiect \u015fi lui Simion Hancescu, pre\u015fedintele Federa\u0163iei Sindicatelor Libere din \u00cenv\u0103\u0163\u0103m\u00e2nt.<\/p>\n\n\n\n<p><strong><em>Ana CIMPOIE\u015eU, lider sindical din raionul H\u00e2nce\u015fti<\/em><\/strong><\/p>\n","protected":false},"excerpt":{"rendered":"<p>La invita\u0163ia Federa\u0163iei Sindicatelor Libere din \u00cenv\u0103\u0163\u0103m\u00e2nt, \u00een perioada 9-11 mai, un grup format din 27 de lideri sindicali din Federa\u0163ia Sindical\u0103 a Educa\u0163iei \u015fi \u015etiin\u0163ei din Republica Moldova s-a aflat \u00een Bucure\u015fti la un curs de formare \u201eLeadership \u015fi&hellip;<\/p>\n<p class=\"more-link-p\"><a class=\"more-link\" href=\"http:\/\/www.slineamt.ro\/apostolul\/viata-sindicala-imperative\/leadership-si-comunicare-in-educatie\/\">Read more &rarr;<\/a><\/p>\n","protected":false},"author":1,"featured_media":0,"comment_status":"open","ping_status":"closed","sticky":false,"template":"","format":"standard","meta":{"footnotes":""},"categories":[11,453],"tags":[],"class_list":["post-22694","post","type-post","status-publish","format-standard","hentry","category-viata-sindicala-imperative","category-numarul-250"],"_links":{"self":[{"href":"http:\/\/www.slineamt.ro\/apostolul\/wp-json\/wp\/v2\/posts\/22694","targetHints":{"allow":["GET"]}}],"collection":[{"href":"http:\/\/www.slineamt.ro\/apostolul\/wp-json\/wp\/v2\/posts"}],"about":[{"href":"http:\/\/www.slineamt.ro\/apostolul\/wp-json\/wp\/v2\/types\/post"}],"author":[{"embeddable":true,"href":"http:\/\/www.slineamt.ro\/apostolul\/wp-json\/wp\/v2\/users\/1"}],"replies":[{"embeddable":true,"href":"http:\/\/www.slineamt.ro\/apostolul\/wp-json\/wp\/v2\/comments?post=22694"}],"version-history":[{"count":1,"href":"http:\/\/www.slineamt.ro\/apostolul\/wp-json\/wp\/v2\/posts\/22694\/revisions"}],"predecessor-version":[{"id":22696,"href":"http:\/\/www.slineamt.ro\/apostolul\/wp-json\/wp\/v2\/posts\/22694\/revisions\/22696"}],"wp:attachment":[{"href":"http:\/\/www.slineamt.ro\/apostolul\/wp-json\/wp\/v2\/media?parent=22694"}],"wp:term":[{"taxonomy":"category","embeddable":true,"href":"http:\/\/www.slineamt.ro\/apostolul\/wp-json\/wp\/v2\/categories?post=22694"},{"taxonomy":"post_tag","embeddable":true,"href":"http:\/\/www.slineamt.ro\/apostolul\/wp-json\/wp\/v2\/tags?post=22694"}],"curies":[{"name":"wp","href":"https:\/\/api.w.org\/{rel}","templated":true}]}}