{"id":22697,"date":"2022-05-27T10:20:01","date_gmt":"2022-05-27T10:20:01","guid":{"rendered":"http:\/\/www.slineamt.ro\/apostolul\/?p=22697"},"modified":"2022-05-27T10:20:01","modified_gmt":"2022-05-27T10:20:01","slug":"presedintele-etuce-vizita-de-lucru-in-republica-moldova","status":"publish","type":"post","link":"http:\/\/www.slineamt.ro\/apostolul\/viata-sindicala-imperative\/presedintele-etuce-vizita-de-lucru-in-republica-moldova\/","title":{"rendered":"Pre\u015fedintele ETUCE, vizit\u0103 de lucru \u00een Republica Moldova"},"content":{"rendered":"<div class=\"wp-block-image\">\n<figure class=\"alignleft size-full is-resized\"><a href=\"http:\/\/www.slineamt.ro\/apostolul\/wp-content\/uploads\/2022\/05\/02-ap259-foto1.jpg\"><img loading=\"lazy\" decoding=\"async\" src=\"http:\/\/www.slineamt.ro\/apostolul\/wp-content\/uploads\/2022\/05\/02-ap259-foto1.jpg\" alt=\"\" class=\"wp-image-22698\" width=\"423\" height=\"241\" srcset=\"http:\/\/www.slineamt.ro\/apostolul\/wp-content\/uploads\/2022\/05\/02-ap259-foto1.jpg 756w, http:\/\/www.slineamt.ro\/apostolul\/wp-content\/uploads\/2022\/05\/02-ap259-foto1-300x171.jpg 300w, http:\/\/www.slineamt.ro\/apostolul\/wp-content\/uploads\/2022\/05\/02-ap259-foto1-560x319.jpg 560w, http:\/\/www.slineamt.ro\/apostolul\/wp-content\/uploads\/2022\/05\/02-ap259-foto1-260x148.jpg 260w, http:\/\/www.slineamt.ro\/apostolul\/wp-content\/uploads\/2022\/05\/02-ap259-foto1-160x91.jpg 160w\" sizes=\"auto, (max-width: 423px) 100vw, 423px\" \/><\/a><\/figure>\n<\/div>\n\n\n<p>\u2022 <strong>Delega\u0163ia Comitetului Sindical European pentru Educa\u0163ie, condus\u0103 de Larry Flanagan, pre\u015fedintele ETUCE, a efectuat \u00een perioada 17-19 mai 2022, o vizit\u0103 de lucru \u00een R. Moldova<\/strong><\/p>\n\n\n\n<p>Din delega\u0163ia ETUCE au f\u0103cut parte: Larry Flanagan, pre\u015fedinte ETUCE (Sco\u0163ia), Claudio Franchi, FLCGIL (Italia); Vicky Blake, UCU (Regatul Unit al Marei Britanii); Valerya Desplaihne-Cernyak, ETUCE (Belgia); Ekaterina Efimenko, ETUCE (Belgia); Alexandra Cornea, FSLI (Rom\u00e2nia).<\/p>\n\n\n\n<p>Scopul principal al vizitei delega\u0163iei ETUCE a fost de a se documenta direct despre situa\u0163ia social-economic\u0103 din Republica Moldova, despre modul \u00een care organiza\u0163iile sindicale \u015fi autorit\u0103\u0163ile gestioneaz\u0103 criza refugia\u0163ilor ucraineni pe teritoriul Republicii Moldova, despre maniera \u00een care ETUCE ar putea s\u0103 se implice \u00een solu\u0163ionarea acestor probleme.<\/p>\n\n\n\n<p>Pe parcursul vizitei, delega\u0163ia ETUCE, \u00eenso\u0163it\u0103 de pre\u015fedintele FSE\u015e, Ghenadie Donos \u015fi Nadejda Lavric, vicepre\u015fedinte FSE\u015e, a avut \u00eentrevederi cu Pre\u015fedintele Parlamentului Republicii Moldova, cu conducerea Ministerului Educa\u0163iei \u015fi Cercet\u0103rii, a Ministerului Muncii \u015fi Protec\u0163iei Sociale, a Confedera\u0163iei Na\u0163ionale a Sindicatelor. Totodat\u0103 au vizitat \u015fi un \u015fir de institu\u0163ii implicate direct \u00een procesul de g\u0103zduire a refugia\u0163ilor de r\u0103zboi.<\/p>\n\n\n\n<p>Discu\u0163iile \u00een cadrul acestor \u00eentruniri s-au axat \u00een cea mai mare parte pe situa\u0163ia refugia\u0163ilor ucraineni \u015fi problemele cu care ace\u015ftia se confrunt\u0103, pe suportul acordat de organiza\u0163iile interna\u0163ionale \u00een gestionarea acestei crize \u015fi implicarea societ\u0103\u0163ii civile \u00een acest proces.<\/p>\n\n\n\n<p>Ghenadie Donos, pre\u015fedinte al FSE\u015e, a subliniat c\u0103 \u00een semn de solidaritate cu poporul ucrainean, Federa\u0163ia a contribuit la solu\u0163ionarea problemelor refugia\u0163ilor \u015fi continu\u0103 s\u0103 ofere suport. La apelul conducerii FSE\u015e, organiza\u0163iile membre au colectat dona\u0163ii de la membrii de sindicat din institu\u0163iile educa\u0163ionale din \u0163ar\u0103 \u00een sum\u0103 de peste 400 de mii lei pentru ajutorarea refugia\u0163ilor. \u00cen acela\u015fi timp, sindicali\u015ftii dintr-o serie de institu\u0163ii afiliate la FSE\u015e s-au implicat direct \u00een procesul de cazare \u015fi sus\u0163inere a refugia\u0163ilor.<\/p>\n\n\n\n<p>Activitatea de studiu a delega\u0163iei ETUCE a inclus \u015fi vizitarea a trei dintre aceste institu\u0163ii \u2013 centre de g\u0103zduire a refugia\u0163ilor de r\u0103zboi din Ucraina: c\u0103minul nr.1 al Universit\u0103\u0163ii Tehnice din Moldova, c\u0103minul nr. 9 al Universit\u0103\u0163ii de Stat din Moldova, Sanatoriul \u201eBucuria\u201d din ora\u015ful Vadul lui Vod\u0103.<\/p>\n\n\n<div class=\"wp-block-image\">\n<figure class=\"alignright size-full is-resized\"><a href=\"http:\/\/www.slineamt.ro\/apostolul\/wp-content\/uploads\/2022\/05\/02-ap259-foto2.jpg\"><img loading=\"lazy\" decoding=\"async\" src=\"http:\/\/www.slineamt.ro\/apostolul\/wp-content\/uploads\/2022\/05\/02-ap259-foto2.jpg\" alt=\"\" class=\"wp-image-22699\" width=\"473\" height=\"315\" srcset=\"http:\/\/www.slineamt.ro\/apostolul\/wp-content\/uploads\/2022\/05\/02-ap259-foto2.jpg 756w, http:\/\/www.slineamt.ro\/apostolul\/wp-content\/uploads\/2022\/05\/02-ap259-foto2-300x200.jpg 300w, http:\/\/www.slineamt.ro\/apostolul\/wp-content\/uploads\/2022\/05\/02-ap259-foto2-560x373.jpg 560w, http:\/\/www.slineamt.ro\/apostolul\/wp-content\/uploads\/2022\/05\/02-ap259-foto2-260x173.jpg 260w, http:\/\/www.slineamt.ro\/apostolul\/wp-content\/uploads\/2022\/05\/02-ap259-foto2-160x106.jpg 160w\" sizes=\"auto, (max-width: 473px) 100vw, 473px\" \/><\/a><\/figure>\n<\/div>\n\n\n<p>Larry Flanagan, pre\u015fedintele Comitetului Sindical European pentru Educa\u0163ie, a apreciat eforturile partenerilor sociali din Republica Moldova \u00een gestionarea crizei refugia\u0163ilor ucraineni \u015fi a sindicatelor care \u015fi-au adus contribu\u0163ia la sus\u0163inerea refugia\u0163ilor prin ini\u0163iative \u015fi ac\u0163iuni concrete. Pre\u015fedintele ETUCE a men\u0163ionat c\u0103 trebuie acordat\u0103 \u00een continuare asisten\u0163\u0103 copiilor refugia\u0163i din Ucraina, pentru a asigura normalitatea \u015fi calitatea procesului educa\u0163ional.<\/p>\n\n\n\n<p>La fiecare dintre \u00eentrunirile la care au participat, reprezentan\u0163ii Comitetului Sindical European pentru Educa\u0163ie au mul\u0163umit pentru informa\u0163iile detaliate prezentate \u015fi au felicitat autorit\u0103\u0163ile din Republica Moldova \u015fi institu\u0163iile care g\u0103zduiesc refugia\u0163i ucraineni, pentru buna gestionare a crizei, reiter\u00e2nd mesajul de solidaritate \u015fi suport pentru \u0163ara noastr\u0103 \u00een realizarea activit\u0103\u0163ilor de perspectiv\u0103.<\/p>\n\n\n\n<p><strong><em>Angelina BEGU<\/em><\/strong><\/p>\n","protected":false},"excerpt":{"rendered":"<p>\u2022 Delega\u0163ia Comitetului Sindical European pentru Educa\u0163ie, condus\u0103 de Larry Flanagan, pre\u015fedintele ETUCE, a efectuat \u00een perioada 17-19 mai 2022, o vizit\u0103 de lucru \u00een R. Moldova Din delega\u0163ia ETUCE au f\u0103cut parte: Larry Flanagan, pre\u015fedinte ETUCE (Sco\u0163ia), Claudio Franchi,&hellip;<\/p>\n<p class=\"more-link-p\"><a class=\"more-link\" href=\"http:\/\/www.slineamt.ro\/apostolul\/viata-sindicala-imperative\/presedintele-etuce-vizita-de-lucru-in-republica-moldova\/\">Read more &rarr;<\/a><\/p>\n","protected":false},"author":1,"featured_media":0,"comment_status":"open","ping_status":"closed","sticky":false,"template":"","format":"standard","meta":{"footnotes":""},"categories":[11,453],"tags":[],"class_list":["post-22697","post","type-post","status-publish","format-standard","hentry","category-viata-sindicala-imperative","category-numarul-250"],"_links":{"self":[{"href":"http:\/\/www.slineamt.ro\/apostolul\/wp-json\/wp\/v2\/posts\/22697","targetHints":{"allow":["GET"]}}],"collection":[{"href":"http:\/\/www.slineamt.ro\/apostolul\/wp-json\/wp\/v2\/posts"}],"about":[{"href":"http:\/\/www.slineamt.ro\/apostolul\/wp-json\/wp\/v2\/types\/post"}],"author":[{"embeddable":true,"href":"http:\/\/www.slineamt.ro\/apostolul\/wp-json\/wp\/v2\/users\/1"}],"replies":[{"embeddable":true,"href":"http:\/\/www.slineamt.ro\/apostolul\/wp-json\/wp\/v2\/comments?post=22697"}],"version-history":[{"count":1,"href":"http:\/\/www.slineamt.ro\/apostolul\/wp-json\/wp\/v2\/posts\/22697\/revisions"}],"predecessor-version":[{"id":22700,"href":"http:\/\/www.slineamt.ro\/apostolul\/wp-json\/wp\/v2\/posts\/22697\/revisions\/22700"}],"wp:attachment":[{"href":"http:\/\/www.slineamt.ro\/apostolul\/wp-json\/wp\/v2\/media?parent=22697"}],"wp:term":[{"taxonomy":"category","embeddable":true,"href":"http:\/\/www.slineamt.ro\/apostolul\/wp-json\/wp\/v2\/categories?post=22697"},{"taxonomy":"post_tag","embeddable":true,"href":"http:\/\/www.slineamt.ro\/apostolul\/wp-json\/wp\/v2\/tags?post=22697"}],"curies":[{"name":"wp","href":"https:\/\/api.w.org\/{rel}","templated":true}]}}