{"id":22720,"date":"2022-06-21T09:09:33","date_gmt":"2022-06-21T09:09:33","guid":{"rendered":"http:\/\/www.slineamt.ro\/apostolul\/?p=22720"},"modified":"2022-06-21T09:09:33","modified_gmt":"2022-06-21T09:09:33","slug":"in-memoriam-prof-veronica-mihailescu","status":"publish","type":"post","link":"http:\/\/www.slineamt.ro\/apostolul\/comemorari\/in-memoriam-prof-veronica-mihailescu\/","title":{"rendered":"In memoriam: Prof. Veronica Mih\u0103ilescu"},"content":{"rendered":"<div class=\"wp-block-image\">\n<figure class=\"alignleft size-full\"><a href=\"http:\/\/www.slineamt.ro\/apostolul\/wp-content\/uploads\/2022\/06\/35-ap251-foto1.jpg\"><img loading=\"lazy\" decoding=\"async\" width=\"301\" height=\"454\" src=\"http:\/\/www.slineamt.ro\/apostolul\/wp-content\/uploads\/2022\/06\/35-ap251-foto1.jpg\" alt=\"\" class=\"wp-image-22721\" srcset=\"http:\/\/www.slineamt.ro\/apostolul\/wp-content\/uploads\/2022\/06\/35-ap251-foto1.jpg 301w, http:\/\/www.slineamt.ro\/apostolul\/wp-content\/uploads\/2022\/06\/35-ap251-foto1-199x300.jpg 199w, http:\/\/www.slineamt.ro\/apostolul\/wp-content\/uploads\/2022\/06\/35-ap251-foto1-260x392.jpg 260w, http:\/\/www.slineamt.ro\/apostolul\/wp-content\/uploads\/2022\/06\/35-ap251-foto1-160x241.jpg 160w\" sizes=\"auto, (max-width: 301px) 100vw, 301px\" \/><\/a><\/figure>\n<\/div>\n\n\n<p>Destinul Veronic\u0103i Chirib\u0103u, copil de dragoman de plute din Bicaz, premiant\u0103 a \u201eTinerimii rom\u00e2ne\u201d, \u015fi a Revistei \u201eApostolul\u201d, c\u0103s\u0103torit\u0103 cu colegul ei de profesie, Vasile Mih\u0103ilescu a fost de slujeasc\u0103 necondi\u0163ionat \u015ecoala nem\u0163ean\u0103.<\/p>\n\n\n\n<p>Elev\u0103 str\u0103lucit\u0103 a \u015ecolii Normale din Piatra, dup\u0103 ani buni la catedr\u0103, Veronica Mih\u0103ilescu a intrat cu pa\u015fi hot\u0103r\u00e2\u0163i pe u\u015fa Universit\u0103\u0163ii ie\u015fene, amintindu-mi de soarta oarecum similar\u0103 a \u00eenv\u0103\u0163\u0103torului Mihai Av\u0103danei.<\/p>\n\n\n\n<p>Apreciindu-i calit\u0103\u0163ile de dasc\u0103l \u015fi de conduc\u0103tor, c\u0103tre sf\u00e2r\u015fitul carierei sale la catedr\u0103, mai marii \u015fcolilor i-au \u00eencredin\u0163at (\u015ei bine au f\u0103cut!) func\u0163ia de inspector \u015fcolar, prin care, ani la r\u00e2nd, a c\u0103l\u0103uzit cu sfatul \u015fi uneori cu critica sever\u0103, dreapt\u0103, colegial\u0103, personalul de specialitate din \u015fcolile nem\u0163ene.<\/p>\n\n\n\n<p>Av\u00e2nd privilegiul s\u0103 lucrez o vreme \u00een acela\u015fi colectiv \u015fi \u00een aceea\u015fi localitate cu doamna Veronica, nu pot s\u0103 nu-mi amintesc de serile fantastice ale reuniunilor noastre bic\u0103zene, pe care le umplea cu hazul unui depozit imens de anecdote, niciodat\u0103 repetate, spuse cu talent actoricesc de bun\u0103 clas\u0103.<\/p>\n\n\n\n<p>Premianta \u015fcolii primare din Bicaz a str\u0103b\u0103tut, cu modestie \u015fi fermitate, o carier\u0103 didactic\u0103 de invidiat, ca profesor \u015fi inspector \u015fcolar.<\/p>\n\n\n\n<p>Sunt sigur c\u0103 nu tocmai asta dorise s\u0103 fac\u0103. Sunt convins c\u0103 visase, \u00een anii adolescen\u0163ei, un viitor \u00een inima culturii \u015fi literaturii. Dar Veronica Mih\u0103ilescu, precum mul\u0163i al\u0163ii din genera\u0163ia sa, a \u015ftiut s\u0103 treac\u0103 \u015fi peste regrete, \u015fi peste nostalgii, \u015fi peste dureri \u00een\u0103bu\u015fite, \u015fi s\u0103 fie un dasc\u0103l model, o f\u0103uritoare de competen\u0163e.<\/p>\n\n\n\n<p>Dumnezeu i-a dat via\u0163\u0103 bogat\u0103 \u00een ani, bogat\u0103 \u015fi \u00een izb\u00e2nzi \u015fi \u00een suferin\u0163\u0103. La senectute, a putut privi \u00eendelung, cu spiritul s\u0103u critic mereu viu, o lume plin\u0103 de ciud\u0103\u0163enii, pe care a p\u0103r\u0103sit-o cu deta\u015fare demn\u0103. Rodnica sa existen\u0163\u0103 merit\u0103 vie admira\u0163ie \u015fi ad\u00e2nc respect!<\/p>\n\n\n\n<p><strong><em>Prof. Mihai-Emilian MANCA\u015e<\/em><\/strong><\/p>\n","protected":false},"excerpt":{"rendered":"<p>Destinul Veronic\u0103i Chirib\u0103u, copil de dragoman de plute din Bicaz, premiant\u0103 a \u201eTinerimii rom\u00e2ne\u201d, \u015fi a Revistei \u201eApostolul\u201d, c\u0103s\u0103torit\u0103 cu colegul ei de profesie, Vasile Mih\u0103ilescu a fost de slujeasc\u0103 necondi\u0163ionat \u015ecoala nem\u0163ean\u0103. Elev\u0103 str\u0103lucit\u0103 a \u015ecolii Normale din Piatra,&hellip;<\/p>\n<p class=\"more-link-p\"><a class=\"more-link\" href=\"http:\/\/www.slineamt.ro\/apostolul\/comemorari\/in-memoriam-prof-veronica-mihailescu\/\">Read more &rarr;<\/a><\/p>\n","protected":false},"author":1,"featured_media":0,"comment_status":"open","ping_status":"closed","sticky":false,"template":"","format":"standard","meta":{"footnotes":""},"categories":[5,455],"tags":[],"class_list":["post-22720","post","type-post","status-publish","format-standard","hentry","category-comemorari","category-numarul-251"],"_links":{"self":[{"href":"http:\/\/www.slineamt.ro\/apostolul\/wp-json\/wp\/v2\/posts\/22720","targetHints":{"allow":["GET"]}}],"collection":[{"href":"http:\/\/www.slineamt.ro\/apostolul\/wp-json\/wp\/v2\/posts"}],"about":[{"href":"http:\/\/www.slineamt.ro\/apostolul\/wp-json\/wp\/v2\/types\/post"}],"author":[{"embeddable":true,"href":"http:\/\/www.slineamt.ro\/apostolul\/wp-json\/wp\/v2\/users\/1"}],"replies":[{"embeddable":true,"href":"http:\/\/www.slineamt.ro\/apostolul\/wp-json\/wp\/v2\/comments?post=22720"}],"version-history":[{"count":1,"href":"http:\/\/www.slineamt.ro\/apostolul\/wp-json\/wp\/v2\/posts\/22720\/revisions"}],"predecessor-version":[{"id":22722,"href":"http:\/\/www.slineamt.ro\/apostolul\/wp-json\/wp\/v2\/posts\/22720\/revisions\/22722"}],"wp:attachment":[{"href":"http:\/\/www.slineamt.ro\/apostolul\/wp-json\/wp\/v2\/media?parent=22720"}],"wp:term":[{"taxonomy":"category","embeddable":true,"href":"http:\/\/www.slineamt.ro\/apostolul\/wp-json\/wp\/v2\/categories?post=22720"},{"taxonomy":"post_tag","embeddable":true,"href":"http:\/\/www.slineamt.ro\/apostolul\/wp-json\/wp\/v2\/tags?post=22720"}],"curies":[{"name":"wp","href":"https:\/\/api.w.org\/{rel}","templated":true}]}}