{"id":22723,"date":"2022-06-21T09:11:07","date_gmt":"2022-06-21T09:11:07","guid":{"rendered":"http:\/\/www.slineamt.ro\/apostolul\/?p=22723"},"modified":"2022-06-21T09:11:07","modified_gmt":"2022-06-21T09:11:07","slug":"in-memoriam-prof-maria-barladeanu","status":"publish","type":"post","link":"http:\/\/www.slineamt.ro\/apostolul\/comemorari\/in-memoriam-prof-maria-barladeanu\/","title":{"rendered":"In memoriam: Prof. Maria B\u00e2rl\u0103deanu"},"content":{"rendered":"<div class=\"wp-block-image\">\n<figure class=\"alignleft size-full\"><a href=\"http:\/\/www.slineamt.ro\/apostolul\/wp-content\/uploads\/2022\/06\/34-ap251-foto1.jpg\"><img loading=\"lazy\" decoding=\"async\" width=\"357\" height=\"476\" src=\"http:\/\/www.slineamt.ro\/apostolul\/wp-content\/uploads\/2022\/06\/34-ap251-foto1.jpg\" alt=\"\" class=\"wp-image-22724\" srcset=\"http:\/\/www.slineamt.ro\/apostolul\/wp-content\/uploads\/2022\/06\/34-ap251-foto1.jpg 357w, http:\/\/www.slineamt.ro\/apostolul\/wp-content\/uploads\/2022\/06\/34-ap251-foto1-225x300.jpg 225w, http:\/\/www.slineamt.ro\/apostolul\/wp-content\/uploads\/2022\/06\/34-ap251-foto1-260x347.jpg 260w, http:\/\/www.slineamt.ro\/apostolul\/wp-content\/uploads\/2022\/06\/34-ap251-foto1-160x213.jpg 160w\" sizes=\"auto, (max-width: 357px) 100vw, 357px\" \/><\/a><\/figure>\n<\/div>\n\n\n<p>Cu acea distinc\u0163ie princiar\u0103 care marcheaz\u0103 pentru ve\u015fnicie adev\u0103ratele elite, a\u015fa cum a trecut prin via\u0163\u0103 \u015fi profesie, la fel s-a mutat dintre noi \u00een cartea de istorie a \u015fcolii nem\u0163ene profesoara de biologie Maria B\u00e2rl\u0103deanu, una dintre legendele Rare\u015fului din bogatul secol al XX-lea.<\/p>\n\n\n\n<p>La examenele de admitere \u00een cele mai prestigioase universit\u0103\u0163i rom\u00e2ne\u015fti de medicin\u0103, c\u00e2nd un candidat excela \u00een r\u0103spunsuri peste m\u0103sura obi\u015fnuit\u0103, era \u00eentrebat \u201eUnde ai f\u0103cut liceul?\u201d. Dac\u0103 se r\u0103spundea \u201eLa Rare\u015f, \u00een Piatra-Neam\u0163\u201d, urma un \u201eahaaa!\u201d; \u00een traducere: \u201e\u015etiam eu! Ai fost elevul\/ eleva doamnei B\u00e2rl\u0103deanu!\u201d A\u015fa se explic\u0103 solicit\u0103rile unor elevi de departe pentru a-i verifica \u00eenainte de examenele extrem de dificile pentru \u00eenv\u0103\u0163\u0103m\u00e2ntul superior. Pronosticurile \u015fi sfaturile sale erau infailibile! \u015etiai c\u0103 vei fi student dac\u0103 Doamna Maria B\u00e2rl\u0103deanu spunea \u201eDA!\u201d<\/p>\n\n\n\n<p>Era o fiin\u0163\u0103 d\u0103ruit\u0103 cu frumuse\u0163e, acea frumuse\u0163e a unor foarte pu\u0163ine Doamne, \u00een fa\u0163a c\u0103rora sim\u0163eai instinctiv admira\u0163ie deosebit\u0103 \u015fi respect deplin. Purta \u00een \u0163inut\u0103, \u00een felul \u00een care se mi\u015fca, \u00een felul de a vorbi \u00een clas\u0103 \u015fi \u00een public, verticalitatea aceea pe care o cuno\u015fti doar \u00een casele princiare. Era n\u0103scut\u0103 pentru a fi \u00ceNV\u0102\u0162\u0102TOARE!!!<\/p>\n\n\n\n<p>Cu o modestie rar\u0103, de\u015fi era con\u015ftient\u0103 de valoarea sa, \u015fi-a \u00eenchinat resursele intelectuale, via\u0163a sa, \u015ecolii, adic\u0103 elevilor. Ani mul\u0163i dup\u0103 ce se retr\u0103sese la pensie, r\u0103m\u0103sese la fel de c\u0103utat\u0103 \u015fi de consultat\u0103 de cei care voiau s\u0103 fie performan\u0163i \u00een biologie. A construit \u00een lini\u015fte, cu calm \u015fi talent, un model de om devotat profesiei de FORMATOR, model care va r\u0103m\u00e2ne ca pagin\u0103 de istorie.<\/p>\n\n\n\n<p>Maria B\u00e2rl\u0103deanu a fost dintre cei pu\u0163ini, ale\u015fi pentru a spune la finele vie\u0163ii <em>exegi monumentum aere perennius!<\/em><\/p>\n\n\n\n<p><strong><em>Prof. Mihai-Emilian MANCA\u015e<\/em><\/strong><\/p>\n","protected":false},"excerpt":{"rendered":"<p>Cu acea distinc\u0163ie princiar\u0103 care marcheaz\u0103 pentru ve\u015fnicie adev\u0103ratele elite, a\u015fa cum a trecut prin via\u0163\u0103 \u015fi profesie, la fel s-a mutat dintre noi \u00een cartea de istorie a \u015fcolii nem\u0163ene profesoara de biologie Maria B\u00e2rl\u0103deanu, una dintre legendele Rare\u015fului&hellip;<\/p>\n<p class=\"more-link-p\"><a class=\"more-link\" href=\"http:\/\/www.slineamt.ro\/apostolul\/comemorari\/in-memoriam-prof-maria-barladeanu\/\">Read more &rarr;<\/a><\/p>\n","protected":false},"author":1,"featured_media":0,"comment_status":"open","ping_status":"closed","sticky":false,"template":"","format":"standard","meta":{"footnotes":""},"categories":[5,455],"tags":[],"class_list":["post-22723","post","type-post","status-publish","format-standard","hentry","category-comemorari","category-numarul-251"],"_links":{"self":[{"href":"http:\/\/www.slineamt.ro\/apostolul\/wp-json\/wp\/v2\/posts\/22723","targetHints":{"allow":["GET"]}}],"collection":[{"href":"http:\/\/www.slineamt.ro\/apostolul\/wp-json\/wp\/v2\/posts"}],"about":[{"href":"http:\/\/www.slineamt.ro\/apostolul\/wp-json\/wp\/v2\/types\/post"}],"author":[{"embeddable":true,"href":"http:\/\/www.slineamt.ro\/apostolul\/wp-json\/wp\/v2\/users\/1"}],"replies":[{"embeddable":true,"href":"http:\/\/www.slineamt.ro\/apostolul\/wp-json\/wp\/v2\/comments?post=22723"}],"version-history":[{"count":1,"href":"http:\/\/www.slineamt.ro\/apostolul\/wp-json\/wp\/v2\/posts\/22723\/revisions"}],"predecessor-version":[{"id":22725,"href":"http:\/\/www.slineamt.ro\/apostolul\/wp-json\/wp\/v2\/posts\/22723\/revisions\/22725"}],"wp:attachment":[{"href":"http:\/\/www.slineamt.ro\/apostolul\/wp-json\/wp\/v2\/media?parent=22723"}],"wp:term":[{"taxonomy":"category","embeddable":true,"href":"http:\/\/www.slineamt.ro\/apostolul\/wp-json\/wp\/v2\/categories?post=22723"},{"taxonomy":"post_tag","embeddable":true,"href":"http:\/\/www.slineamt.ro\/apostolul\/wp-json\/wp\/v2\/tags?post=22723"}],"curies":[{"name":"wp","href":"https:\/\/api.w.org\/{rel}","templated":true}]}}