{"id":22726,"date":"2022-06-21T09:13:07","date_gmt":"2022-06-21T09:13:07","guid":{"rendered":"http:\/\/www.slineamt.ro\/apostolul\/?p=22726"},"modified":"2022-06-21T09:13:07","modified_gmt":"2022-06-21T09:13:07","slug":"in-memoriam-dumitru-ivanov","status":"publish","type":"post","link":"http:\/\/www.slineamt.ro\/apostolul\/comemorari\/in-memoriam-dumitru-ivanov\/","title":{"rendered":"In memoriam \u2013 Dumitru IVANOV"},"content":{"rendered":"<div class=\"wp-block-image\">\n<figure class=\"alignleft size-full is-resized\"><a href=\"http:\/\/www.slineamt.ro\/apostolul\/wp-content\/uploads\/2022\/06\/33-ap251-foto1.jpg\"><img loading=\"lazy\" decoding=\"async\" src=\"http:\/\/www.slineamt.ro\/apostolul\/wp-content\/uploads\/2022\/06\/33-ap251-foto1.jpg\" alt=\"\" class=\"wp-image-22727\" width=\"309\" height=\"438\" srcset=\"http:\/\/www.slineamt.ro\/apostolul\/wp-content\/uploads\/2022\/06\/33-ap251-foto1.jpg 373w, http:\/\/www.slineamt.ro\/apostolul\/wp-content\/uploads\/2022\/06\/33-ap251-foto1-212x300.jpg 212w, http:\/\/www.slineamt.ro\/apostolul\/wp-content\/uploads\/2022\/06\/33-ap251-foto1-260x369.jpg 260w, http:\/\/www.slineamt.ro\/apostolul\/wp-content\/uploads\/2022\/06\/33-ap251-foto1-160x227.jpg 160w\" sizes=\"auto, (max-width: 309px) 100vw, 309px\" \/><\/a><\/figure>\n<\/div>\n\n\n<p>Pe data de 4 iunie, s-a \u00eemplinit un an de c\u00e2nd, \u00eencheindu-\u015fi rostul p\u0103m\u00e2ntesc, Dumitru Ivanov a plecat dincolo de marginile lumii, l\u0103s\u00e2nd \u00een urma sa, aici, pe p\u0103m\u00e2nt, urme ad\u00e2nci de lumin\u0103.<\/p>\n\n\n\n<p>Lui Dumitru Ivanov i-a fost predestinat \u00eenc\u0103 de la na\u015ftere s\u0103 fac\u0103 bine, s\u0103 aduc\u0103 bucurii oamenilor. Nu \u00eent\u00e2mpl\u0103tor a ales s\u0103 fie profesor, un dasc\u0103l cu voca\u0163ie care a reu\u015fit s\u0103 cultive, s\u0103 construiasc\u0103 con\u015ftiin\u0163e \u015fi suflete. \u00cen calitatea sa de deputat \u00een Parlamentul R. Moldova s-a str\u0103duit s\u0103 fac\u0103 legi bune pentru oameni. Pe \u00eentreg parcursul lungii cariere de pre\u015fedinte al Federa\u0163iei Sindicatului Educa\u0163iei \u015fi \u015etiin\u0163ei a \u015ftiut s\u0103 apere drepturile \u015fi demnitatea oamenilor \u015fi s\u0103-i \u00eendemne pe mul\u0163i al\u0163i lideri sindicali \u00eentru \u00eendeplinirea acestei nobile misiuni. Astfel, Dumitru Ivanov a reu\u015fit s\u0103 formeze genera\u0163ii de sindicali\u015fti temerari, care au ales s\u0103 urmeze modelul, felul de a fi al pre\u015fedintelui FSE\u015e.<\/p>\n\n\n\n<p>Om de o integritate \u015fi verticalitate rare, motivat de dragostea pentru oameni, nu \u015fi-a plecat capul \u00een fa\u0163a mai marilor zilei. A \u00een\u0163eles substan\u0163a \u015fi importan\u0163a strategiilor, tacticilor \u015fi manevrelor \u00eentru atingerea obiectivelor. \u00cenzestrat cu arta diploma\u0163iei \u015fi a \u015ftiin\u0163ei mecanismelor comunit\u0103\u0163ii a \u015ftiut s\u0103 negocieze, s\u0103 polemizeze, s\u0103 impun\u0103 puncte de vedere, s\u0103 ob\u0163in\u0103, ca finalitate, profituri pentru bun\u0103starea oamenilor.<\/p>\n\n\n\n<p>A pre\u0163uit \u00een oameni onestitatea, bun\u0103tatea, responsabilitatea, demnitatea, spiritul de ini\u0163iativ\u0103, g\u0103tin\u0163a de d\u0103ruire \u015fi pentru c\u0103 poseda \u015fi Domnia sa aceste dominante cu peste m\u0103sur\u0103.<\/p>\n\n\n\n<p>A fost un suflet \u00eenfl\u0103c\u0103rat, vesel, ironic \u015fi autoironic, autoritar, dup\u0103 caz, cu un discurs bine articulat, mobilizator \u015fi cu un gust al lucrului bine f\u0103cut.<\/p>\n\n\n\n<p>Ne lipse\u015fte mult aceast\u0103 personalitate complex\u0103 \u2013 Dumitru Ivanov \u2013 care \u015fi-a c\u00e2\u015ftigat nemurirea prin multul bine f\u0103cut oamenilor pe care i-a iubit enorm, p\u00e2n\u0103 la durere.<\/p>\n\n\n\n<p><strong><em>Red.<\/em><\/strong><\/p>\n","protected":false},"excerpt":{"rendered":"<p>Pe data de 4 iunie, s-a \u00eemplinit un an de c\u00e2nd, \u00eencheindu-\u015fi rostul p\u0103m\u00e2ntesc, Dumitru Ivanov a plecat dincolo de marginile lumii, l\u0103s\u00e2nd \u00een urma sa, aici, pe p\u0103m\u00e2nt, urme ad\u00e2nci de lumin\u0103. Lui Dumitru Ivanov i-a fost predestinat \u00eenc\u0103&hellip;<\/p>\n<p class=\"more-link-p\"><a class=\"more-link\" href=\"http:\/\/www.slineamt.ro\/apostolul\/comemorari\/in-memoriam-dumitru-ivanov\/\">Read more &rarr;<\/a><\/p>\n","protected":false},"author":1,"featured_media":0,"comment_status":"open","ping_status":"closed","sticky":false,"template":"","format":"standard","meta":{"footnotes":""},"categories":[5,455],"tags":[],"class_list":["post-22726","post","type-post","status-publish","format-standard","hentry","category-comemorari","category-numarul-251"],"_links":{"self":[{"href":"http:\/\/www.slineamt.ro\/apostolul\/wp-json\/wp\/v2\/posts\/22726","targetHints":{"allow":["GET"]}}],"collection":[{"href":"http:\/\/www.slineamt.ro\/apostolul\/wp-json\/wp\/v2\/posts"}],"about":[{"href":"http:\/\/www.slineamt.ro\/apostolul\/wp-json\/wp\/v2\/types\/post"}],"author":[{"embeddable":true,"href":"http:\/\/www.slineamt.ro\/apostolul\/wp-json\/wp\/v2\/users\/1"}],"replies":[{"embeddable":true,"href":"http:\/\/www.slineamt.ro\/apostolul\/wp-json\/wp\/v2\/comments?post=22726"}],"version-history":[{"count":1,"href":"http:\/\/www.slineamt.ro\/apostolul\/wp-json\/wp\/v2\/posts\/22726\/revisions"}],"predecessor-version":[{"id":22728,"href":"http:\/\/www.slineamt.ro\/apostolul\/wp-json\/wp\/v2\/posts\/22726\/revisions\/22728"}],"wp:attachment":[{"href":"http:\/\/www.slineamt.ro\/apostolul\/wp-json\/wp\/v2\/media?parent=22726"}],"wp:term":[{"taxonomy":"category","embeddable":true,"href":"http:\/\/www.slineamt.ro\/apostolul\/wp-json\/wp\/v2\/categories?post=22726"},{"taxonomy":"post_tag","embeddable":true,"href":"http:\/\/www.slineamt.ro\/apostolul\/wp-json\/wp\/v2\/tags?post=22726"}],"curies":[{"name":"wp","href":"https:\/\/api.w.org\/{rel}","templated":true}]}}