{"id":22729,"date":"2022-06-21T09:14:25","date_gmt":"2022-06-21T09:14:25","guid":{"rendered":"http:\/\/www.slineamt.ro\/apostolul\/?p=22729"},"modified":"2022-06-21T09:14:25","modified_gmt":"2022-06-21T09:14:25","slug":"rememorari-nemtene-iunie-2022","status":"publish","type":"post","link":"http:\/\/www.slineamt.ro\/apostolul\/lectia-de-istorie\/rememorari-nemtene-iunie-2022\/","title":{"rendered":"Rememor\u0103ri nem\u0163ene \u2013 iunie 2022"},"content":{"rendered":"\n<p><\/p>\n\n\n\n<p>\u25a0 iunie 1907 \u2013 <strong>115 ani<\/strong> de la deces <strong>Chiriac Nicolau<\/strong>, la M\u0103n\u0103stirea Neam\u0163 (n. 1839, Piatra-Neam\u0163), tat\u0103l, preot la Biserica \u201ePrecista\u201d din Piatra, l-a dus la M\u0103n\u0103stirea Secu pentru a \u00eenv\u0103\u0163a carte. A fost trimis la M\u0103n\u0103stirea Neam\u0163; a participat la R\u0103zboiul de Independen\u0163\u0103. Dup\u0103 r\u0103zboi, revizor al bisericilor din Dobrogea, a luptat pentru introducerea limbii rom\u00e2ne \u00een locul celei slavone \u00een serviciul divin \u015fi pentru organizarea \u00eenv\u0103\u0163\u0103m\u00e2ntului laic. Regele Carol I l-a decorat cu \u201eSteaua Rom\u00e2niei\u201d. Re\u00eentors la Neam\u0163, a contribuit la repararea unor cl\u0103diri ale m\u0103n\u0103stirii, \u015fi a bisericilor din Nem\u0163i\u015for, Lunca, V\u00e2n\u0103tori-Neam\u0163 \u015fi Valea Seac\u0103. A ctitorit o nou\u0103 \u015fcoal\u0103 \u00een satul V\u00e2n\u0103tori-Neam\u0163. (8. 10, 1895) \u015fi a pus bazele primei biblioteci rurale din Jude\u0163ul Neam\u0163.<\/p>\n\n\n\n<p>\u25a0 1\/1946 \u2013 n. <strong>Petru\u015f Andrei<\/strong>, la Go\u015fmani, Neam\u0163, profesor, scriitor. Absolvent al Liceului \u201ePetru Rare\u015f\u201d din Piatra-Neam\u0163 \u015fi al Facult\u0103\u0163ii de Filologie Ia\u015fi, a predat, p\u00e2n\u0103 la pensionare, la Liceul din Puie\u015fti, Vaslui. Colaborator la: \u201eDacia literar\u0103\u201d, \u201eConvorbiri literare\u201d, \u201eCronica\u201d \u015f. a. C\u0103r\u0163i: \u201eDesc\u00e2ntece de inim\u0103 rea\u201d, \u201eMierea din trestii de cuv\u00e2nt\u201d, \u201ePoeme t\u00e2rzii\u201d, \u201e101 sonete\u201d, \u201eCrepuscul de miere\u201d, \u201e\u00centr-un cr\u00e2ng de neuit\u0103ri\u201d \u015f. a.<\/p>\n\n\n\n<p>\u25a0 2\/1943 \u2013 n. <strong>Cezarina-Georgeta Str\u0103til\u0103<\/strong>, profesoar\u0103. A absolvit Liceul \u201eCalistrat Hoga\u015f\u201d din Piatra-Neam\u0163 \u015fi Facultatea de Matematic\u0103-Mecanic\u0103 din Ia\u015fi. Cariera didactic\u0103: profesor la Dobreni, Neam\u0163 \u015fi la Grupul \u015ecolar de Chimie din Piatra-Neam\u0163, azi, Colegiul Tehnic \u201eGheorghe Cartianu\u201d (1971-2000); director adjunct, director (1994-1999). De numele s\u0103u se leag\u0103 \u00eenfiin\u0163area Funda\u0163iei Grup \u015ecolar Chimie \u015fi continuarea public\u0103rii revistelor \u015fcolare, \u201eAnotimpuri\u201d \u015fi \u201eAnuarul \u015fcolii\u201d.<\/p>\n\n\n\n<p>\u25a0 3\/1943 \u2013 n. <strong>Vasile Vasile<\/strong>, la Borle\u015fti, Neam\u0163, profesor, dirijor, muzicolog. Absolvent al Seminarului Teologic de la M\u0103n\u0103stirea Neam\u0163, al Conservatorului de Muzic\u0103 \u201eGheorghe Dima\u201d din Cluj (1971) \u015fi al Facult\u0103\u0163ii de Filologie a Universit\u0103\u0163ii din Ia\u015fi (1974); doctor \u00een pedagogie (1993) \u015fi \u00een muzicologie (1994). Colabor\u0103ri: \u201eRevista de etnografie \u015fi folclor\u201d, \u201eMuzica\u201d, \u201eRevista de pedagogie\u201d \u015f. a. Scrieri: \u201eIubirea de mo\u015fie e un zid\u201d, \u201eProfiluri de muzicieni rom\u00e2ni, sec. XIX-XX, I\u201d, \u201eGavriil Galinescu \u2013 reprezentant de seam\u0103 al muzicii rom\u00e2ne\u015fti\u201d.<\/p>\n\n\n\n<p>\u25a0 4\/1952 \u2013 <strong>70 ani<\/strong> de la na\u015ftere <strong>Iosif Haidu<\/strong>, la F\u0103g\u0103ra\u015f, Bra\u015fov, pictor. Absolvent al Facult\u0103\u0163ii de Art\u0103 din Ia\u015fi (1977), profesor la Clubul Copiilor \u015fi la Cenaclul \u201eProArte\u201d din Roman. Membru al U. A. P. (1982). Numeroase expozi\u0163ii personale, de grup \u015fi colective. Lucr\u0103ri \u00een colec\u0163ii din \u0163ar\u0103 \u015fi din str\u0103in\u0103tate (Olanda, Fran\u0163a, Germania, Cipru, Portugalia, Italia, Israel, Turcia, S. U. A.). Premii: Bienala Na\u0163ional\u0103 de Art\u0103 \u201eLasc\u0103r Vorel\u201d (2001) \u015fi Premiul pentru 30 de ani de activitate pedagogic\u0103 \u015fi 25 de ani de activitate expozi\u0163ional\u0103 (2009).<\/p>\n\n\n\n<p>\u25a0 5\/1974 \u2013 n. <strong>Violeta Simina Mo\u015fu<\/strong>, la Piatra-Neam\u0163. Secretar general de redac\u0163ie al Revistei <em>Apostolul<\/em>, membru al U. Z. P. R. (Uniunea Ziari\u015ftilor Profesioni\u015fti din Rom\u00e2nia), bibliotecar la Biblioteca Jude\u0163ean\u0103 <em>G. T. Kirileanu<\/em> Neam\u0163. Facultatea de Educa\u0163ie Fizic\u0103 \u015fi Sport, Bac\u0103u (2003). Master \u00een Cultur\u0103 \u015fi Literatur\u0103 Rom\u00e2n\u0103, Facultatea de Litere a Universit\u0103\u0163ii <em>Vasile Alecsandri<\/em>, Bac\u0103u (2021). Declarat\u0103 ziaristul cultural al anului 2016, la Gala Superlativele Culturii Nem\u0163ene. Administreaz\u0103 publica\u0163ia on-line <em>Dor de Neam\u0163<\/em>. C\u0103r\u0163i publicate: <em>Piatra-Neam\u0163, ieri<\/em>, Biblioteca Jude\u0163ean\u0103 <em>G. T. Kirileanu<\/em> Neam\u0163, 2020; <em>Festivalul de teatru, Piatra-Neam\u0163 1969-2019<\/em>, editura Nona, 2021(coautoare).<\/p>\n\n\n\n<p>\u25a0 8\/1877 \u2013 <strong>145 ani<\/strong> de la na\u015ftere <strong>Nicolae Vulovici<\/strong>, la Calafat, (d. 8. 09. 1918), poet, cel care a recitat versuri, \u00een 1912, la dezvelirea statuii lui Mihail Kog\u0103lniceanu din Piatra-Neam\u0163, unde a locuit o scurt\u0103 perioad\u0103 de timp. C\u0103pitan activ \u00een Regimentul 1 R\u0103zboieni, a murit glorios \u00een Primul R\u0103zboi Mondial. Colaborator la \u201eSem\u0103n\u0103torul\u201d, \u201eNeamul rom\u00e2nesc\u201d, \u201eRamuri\u201d, \u201eJunimea literar\u0103\u201d \u015f. a.<\/p>\n\n\n\n<p>\u25a0 8\/1967 \u2013 <strong>55 ani<\/strong> de la deces <strong>Otilia Cazimir<\/strong>, la Ia\u015fi, (n. 12. 02. 1894, la Cotu Vame\u015f, Roman), poet\u0103, membr\u0103 a S. S. Rom\u00e2ni (1929). Inspector la Direc\u0163ia General\u0103 a Teatrelor (1937-1947). Debut \u00een \u201e\u00censemn\u0103ri ie\u015fene\u201d (1919), editorial, cu \u201eLumini \u015fi umbre\u201d, poezii (1923). A scris \u015fi a publicat memorialistic\u0103, literatur\u0103 pentru copii, traduceri. Premiul Academiei Rom\u00e2ne, Premiul Na\u0163ional pentru Poezie, Premiul \u201eFemina-Vie Heureuse\u201d, Premiul S. S. R. Alte volume: \u201eUnchiul din America\u201d; \u201eFluturi de noapte\u201d; \u201eGr\u0103dina cu amintiri \u015fi alte schi\u0163e\u201d; \u201eC\u00e2ntec de comoar\u0103\u201d; \u201eJuc\u0103rii\u201d; \u201eBaba iarna intr\u0103-n sat\u201d; \u201e\u00cen t\u00e2rgu\u015forul dintre vii&#8230;\u201d; \u201ePrietenii mei scriitori&#8230;\u201d \u015f. a.<\/p>\n\n\n\n<p>\u25a0 12. 06. 1962 \u2013 n. <strong>Petru Vamanu<\/strong>, la Negre\u015fti, Neam\u0163, artist plastic. A absolvit Liceul de Art\u0103 din Bac\u0103u. \u00centre 1981 \u015fi 2014, a participat la numeroase expozi\u0163ii de grup: Bac\u0103u (1981), Piatra-Neam\u0163 (1984, 1993), Boto\u015fani (1988), precum \u015fi la Taberele de crea\u0163ie de la Dumbrava, Neam\u0163 (1991) \u015fi Potoci, Neam\u0163 (1992, 1993). A pictat mai multe biserici.<\/p>\n\n\n\n<p>\u25a0 13 iunie 1957 \u2013 65 ani de la na\u015ftere <strong>Petre Lucanu<\/strong>, la V\u00e2n\u0103tori-Neam\u0163, artist plastic. A absolvit \u015fcoala primar\u0103 \u00een satul natal, Liceul \u201e\u015etefan cel Mare\u201d din T\u00e2rgu-Neam\u0163, apoi Institutul de Art\u0103 Plastic\u0103 \u201eIon Andreescu\u201d (1982). Participant la expozi\u0163ii na\u0163ionale \u015fi municipale organizate de U. A. P.: Bucure\u015fti (1989, 1992); expozi\u0163ii interna\u0163ionale (1988-1989); expozi\u0163ia de miniaturi (Canada). Lucr\u0103ri \u00een colec\u0163ii particulare din Spania \u015fi Fran\u0163a.<\/p>\n\n\n\n<p>\u25a0 14\/1961 \u2013 n. <strong>Radu Florescu<\/strong>, la Sabasa, Borca, Neam\u0163, poet. A absolvit Liceul \u201eMihail Sadoveanu\u201d din Borca. Debut \u00een Revista \u201eAmfiteatru\u201d (1982), dup\u0103 unele surse, \u00een \u201eAteneu\u201d (8\/ 1883), apoi \u00een volumul colectiv \u201ePoeme singure\u201d, 1989. Membru al U. S. Premiul revistelor \u201eConvorbiri literare\u201d \u015fi \u201eHyperion\u201d, al Festivalurilor de Poezie: \u201eMarin Sorescu\u201d \u015fi \u201eGeorge Co\u015fbuc\u201d, Premiul Uniunii Scriitorilor din Rom\u00e2nia, Filiala Ia\u015fi, 2008.<\/p>\n\n\n\n<p>\u25a0 15. 06. 1769 \u2013 d. <strong>Ioanichie<\/strong>, la Roman (n. 1700, \u0162u\u0163cani, Neam\u0163) episcop, mul\u0163i ani, c\u0103lug\u0103r la M\u0103n\u0103stirea Neam\u0163, apoi egumen; episcop de Roman (15. 09, 1747), membru \u00een divanul \u0162\u0103rii. Ctitor al Schitului Vovidenia de l\u00e2ng\u0103 M\u0103n\u0103stirea Neam\u0163 (1749), al unei biserici la Vulp\u0103\u015fe\u015fti, Roman, al Bisericii \u201eSfin\u0163ii Petru \u015fi Pavel\u201d din Opri\u015fe\u015fti \u2013 Burdusaci, Bac\u0103u \u015fi a rezidit Biserica \u201ePrecista Mare\u201d din Roman.<\/p>\n\n\n\n<p>\u25a0 15\/1903 \u2013 n. <strong>Victor Brauner<\/strong>, la Piatra-Neam\u0163 (d. 1966, Paris), artist plastic. Scurt timp a frecventat \u015ecoala de Belle Arte Bucure\u015fti. Debut: prima expozi\u0163ie personal\u0103 la Galeria \u201eMozart\u201d (1924). Particip\u0103 la editarea revistelor avangardiste \u201e75 H. P.\u201d \u015fi \u201eIntegral\u201d. \u00cen revista \u201eunu\u201d public\u0103 ilustra\u0163ii \u015focante. Se stabile\u015fte la Paris, ia contact cu avangarda (1930) \u015fi intr\u0103 \u00een Partidul Comunist. \u00cen 1966, reprezint\u0103 Fran\u0163a la Bienala de la Vene\u0163ia.<\/p>\n\n\n\n<p>\u25a0 16\/1907 \u2013 <strong>115 ani<\/strong> de la na\u015ftere <strong>Nicolae Horodniceanu<\/strong>, la Spiridone\u015fti, B\u0103lu\u015fe\u015fti, Roman, azi Neam\u0163 (d. 04. 04. 1994, San Juan, Argentina), profesor. A intrat \u00een mi\u015fcarea legionar\u0103, fiind unul dintre cei mai apropia\u0163i colaboratori ai lui Corneliu Zelea Codreanu. \u00cen 1941, ia calea exilului: Germania, Italia, Argentina, la San Juan, unde este solicitat s\u0103 reconstruiasc\u0103 ora\u015ful distrus de cutremur. Devine profesor la \u015ecoala Politehnic\u0103 din San Juan, \u015fi decan, form\u00e2nd o \u00eentreag\u0103 genera\u0163ie de ingineri \u015fi o bun\u0103 parte din corpul profesoral. La \u00eencheierea carierei profesionale \u015fi profesorale i se atribuie titlul de Profesor Extraordinar Honorario.<\/p>\n\n\n\n<p>\u25a0 16\/2003, d. <strong>Emanuel Elenescu<\/strong>, (n. 11. 03. 1911, la Piatra-Neam\u0163, v. fi\u015fa lunii martie.)<\/p>\n\n\n\n<p>\u25a0 17\/1825 \u2013 n. <strong>Elena Cuza<\/strong>, la Ia\u015fi (d. 2. 04. 1909, Piatra-Neam\u0163), \u201esf\u00e2nta\u201d, cum o numeau localnicii, so\u0163ia domnitorului Alexandru Ioan Cuza. Dup\u0103 moartea lui Cuza, va fi sor\u0103 la Spitalul de Copii \u201eCaritatea\u201d din Ia\u015fi, iar din 1903 se stabile\u015fte la Piatra-Neam\u0163. La 24 ianuarie 1909, c\u00e2nd se \u00eemplineau 50 de ani de la Unire, a fost vizitat\u0103 de Nicolae Iorga, iar manifest\u0103rile dedicate evenimentului s-au desf\u0103\u015furat \u00een fa\u0163a casei sale.<\/p>\n\n\n\n<p>\u25a0 18\/1938 \u2013 n. <strong>Paul Findrihan<\/strong> la Icu\u015fe\u015fti, Roman (d. 22. 07. 2004, Piatra-Neam\u0163), profesor, publicist. Facultatea de Filologie-Istorie a Universit\u0103\u0163ii Bucure\u015fti (1960), profesor \u015fi director la S\u0103b\u0103oani, Neam\u0163, referent \u015fi secretar literar al T. T. din Piatra-Neam\u0163 (1966-1998). Colabor\u0103ri: Ziarul \u201eCeahl\u0103ul\u201d, revistele \u201eAsachi\u201d \u015fi \u201eApostolul\u201d.<\/p>\n\n\n\n<p>\u25a0 20\/1938 \u2013 n. <strong>Mihai Merticaru<\/strong>, la Be\u0163e\u015fti, Rediu, Neam\u0163, profesor, poet, publicist, membru al U. S. A absolvit Facultatea de Filologie, Ia\u015fi. A fost redactor la Ziarul \u201eCeahl\u0103ul\u201d. Colabor\u0103ri: \u201eConvorbiri literare\u201d, \u201eAntiteze\u201d, \u201eAsachi\u201d, \u201eSpirit critic\u201d, \u201eFlac\u0103ra\u201d \u015fi \u00een reviste didactice. Public\u0103 c\u0103r\u0163i de poezie (\u201eV\u00e2n\u0103toare princiar\u0103\u201d, \u201eArca lui Petrarca\u201d, \u201e\u00cemp\u0103r\u0103\u0163ia frigului\u201d \u015f. a.), \u015fi c\u0103r\u0163i didactice (\u201eRepere literare \u015fi stilistice\u201d \u015f. a.).<\/p>\n\n\n\n<p>\u25a0 21\/1949 \u2013 n. <strong>Dan Cepoi<\/strong>, la T\u00e2rgu-Neam\u0163 (d. 2008, Piatra-Neam\u0163), pictor. Absolvent al Facult\u0103\u0163ii de Arte Plastice, Ia\u015fi. Membru al U. A. P. \u00cen paralel cu activitatea didactic\u0103 la Piatra-Neam\u0163, expune permanent aici \u015fi este prezent \u00een selec\u0163iile Filialei Neam\u0163 a U. A. P. pentru expozi\u0163iile deschise la Ia\u015fi (1985), T\u00e2rgu-Mure\u015f, Piatra-Neam\u0163 (1987), Bucure\u015fti (1986), Bienala \u201eLasc\u0103r Vorel\u201d, Piatra-Neam\u0163. Au publicat reproduceri dup\u0103 lucr\u0103rile sale revistele: \u201eArta\u201d, \u201eOrizonturi rom\u00e2ne\u015fti\u201d, \u201eVatra\u201d.<\/p>\n\n\n\n<p>\u25a0 d. 29\/2021, la Piatra-Neam\u0163 <strong>Constantin TOM\u015eA<\/strong>, (n. 3 nov. 1939, \u00een Ghel\u0103e\u015fti, Neam\u0163), profesor, eseist, Facultatea de Limba \u015fi Literatura Rom\u00e2n\u0103, Ia\u015fi. Redactor coordonator al revistelor \u201eAnotimpuri\u201d \u015fi \u201eAnuar\u201d, ale Colegiului \u201eGheorghe Cartianu\u201d; redactor-\u015fef adj. Revista \u201eApostolul\u201d; \u00een redac\u0163iile: \u201eLa Tazl\u0103u\u201d, \u201eAsachi\u201d \u015fi \u201eAntiteze\u201d. Eseuri monografice: Lucian Strochi, 2003; Cristian Livescu, 2005; Costache Andone, 2009; Mircea R\u0103svan Ciac\u00e2ru, 2016; Constantin Munteanu, 2020. C\u0103r\u0163i: \u201e\u00cemp\u0103timit de lectur\u0103. C\u0103r\u0163i \u015fi autori\u201d I \u2013 V, 2002-2021 \u015fi VI (postum, 2022); \u201eRevista <em>Apostolul<\/em>. Bibliografie\u201d (ed. I, 2008; ed. a II-a, 2014); \u201eRevista <em>Asachi<\/em>. Bibliografie\u201d, 2011; \u201eContemporan cu ei\u201d, 2009; \u015fi \u2013 opera capital\u0103 \u2013 \u201eUn dic\u0163ionar al literaturii din Jude\u0163ul Neam\u0163 \u2013 de la copi\u015fti la suprareali\u015fti\u201d, 2014 \u015f. a.<\/p>\n\n\n\n<p>\u25a0 27\/1951 \u2013 n. <strong>Lauren\u0163iu Dumitra\u015fcu<\/strong>, la Moine\u015fti, Bac\u0103u, arhitect, stabilit cu p\u0103rin\u0163ii la Bicaz (1958), apoi \u00een Piatra-Neam\u0163. Absolvent al Institutului de Arhitectur\u0103 \u201eIon Mincu\u201d. Membru al U. A. P. (1990). Lucr\u0103ri de art\u0103 monumental\u0103 (\u201eAnamorfoze\u201d), lucr\u0103ri de scenografie (spectacole: la TT, Teatrul Na\u0163ional din Ia\u015fi, Teatrul \u201eMihai Eminescu\u201d din Boto\u015fani \u015f. a.), proiecte de construc\u0163ii \u00een \u0163ar\u0103 \u015fi \u00een str\u0103in\u0103tate.<\/p>\n\n\n\n<p>\u25a0 28\/1912 \u2013 <strong>110 ani<\/strong> de la na\u015ftere <strong>Sergiu Celibidache<\/strong>, la Roman (d. 14. 08. 1996, l\u00e2ng\u0103 Paris). Muzician, compozitor, membru de onoare al Academiei Rom\u00e2ne. A absolvit liceul \u00een ora\u015ful natal, pleac\u0103 la Berlin unde studiaz\u0103 la \u015ecoala de \u00cenalte Studii Muzicale (1936). Debut la pupitrul Filarmonicii din Berlin (1945). Apoi dirijeaz\u0103 cu regularitate renumite orchestre simfonice europene, \u0163ine cursuri de perfec\u0163ionare \u00een arta dirijoral\u0103 la Academia Musical\u0103 din Siena (1960-1962), iar mai t\u00e2rziu la Fontainebleau \u015fi la M\u00fcnchen pentru tineri dirijori. Este autorul unui \u201eRequiem\u201d, a patru simfonii \u015fi al unui Concert pentru pian \u015fi orchestr\u0103, r\u0103mase \u00een cea mai mare parte inedite. A condus Orchestra Filarmonic\u0103 din Paris (din 1969), director al Filarmonicii din M\u00fcnchen (din 1979), pe care o va dirija \u015fi la Ateneul Rom\u00e2n (1978 \u015fi 1990).<\/p>\n\n\n\n<p>\u25a0 29\/1907 \u2013 115 ani de la na\u015ftere, <strong>Mihai Avadanei<\/strong>, la Dobreni, Neam\u0163 (d. 20. 08. 1977, Ia\u015fi), profesor universitar, doctor \u00een \u015ftiin\u0163e pedagogice (1969). \u00cen 1942, \u00eempreun\u0103 cu Mihail Madgearu, scoate Ziarul \u201eCeahl\u0103ul\u201d. Unul dintre fondatorii revistei <em>Apostolul<\/em> (seria \u00eent\u00e2i, 1934). Fost elev al \u015ecolii Normale \u201eGheorghe Asachi\u201d din Piatra-Neam\u0163 (1924) va deveni \u00eenv\u0103\u0163\u0103tor (Magazia, Cr\u0103c\u0103oani; S\u0103rata, Dobreni \u015fi Piatra-Neam\u0163). Dup\u0103 absolvirea Facult\u0103\u0163ii de Filozofie, din Ia\u015fi (1946-1950), devine asistent (1950-1957), lector, conferen\u0163iar la Conservatorul \u201eGeorge Enescu\u201d \u015fi la Institutul Agronomic \u201eIon Ionescu dela Brad\u201d (1966-1974). Articole \u015fi studii \u00een \u201eRevista de pedagogie\u201d. Contribuie la elaborarea \u201eIstoriei pedagogiei rom\u00e2ne\u015fti\u201d.<\/p>\n\n\n\n<p>(<strong>N. R.<\/strong> \u2013 Prelucrare dup\u0103 <em>Personalit\u0103\u0163i ale culturii din jude\u0163ul Neam\u0163<\/em>, un calendar alc\u0103tuit de Constantin Tom\u015fa, Editura Crigarux&amp;Cetatea Doamnei, Piatra-Neam\u0163, 2014).<\/p>\n","protected":false},"excerpt":{"rendered":"<p>\u25a0 iunie 1907 \u2013 115 ani de la deces Chiriac Nicolau, la M\u0103n\u0103stirea Neam\u0163 (n. 1839, Piatra-Neam\u0163), tat\u0103l, preot la Biserica \u201ePrecista\u201d din Piatra, l-a dus la M\u0103n\u0103stirea Secu pentru a \u00eenv\u0103\u0163a carte. A fost trimis la M\u0103n\u0103stirea Neam\u0163; a&hellip;<\/p>\n<p class=\"more-link-p\"><a class=\"more-link\" href=\"http:\/\/www.slineamt.ro\/apostolul\/lectia-de-istorie\/rememorari-nemtene-iunie-2022\/\">Read more &rarr;<\/a><\/p>\n","protected":false},"author":1,"featured_media":0,"comment_status":"open","ping_status":"closed","sticky":false,"template":"","format":"standard","meta":{"footnotes":""},"categories":[6,455],"tags":[],"class_list":["post-22729","post","type-post","status-publish","format-standard","hentry","category-lectia-de-istorie","category-numarul-251"],"_links":{"self":[{"href":"http:\/\/www.slineamt.ro\/apostolul\/wp-json\/wp\/v2\/posts\/22729","targetHints":{"allow":["GET"]}}],"collection":[{"href":"http:\/\/www.slineamt.ro\/apostolul\/wp-json\/wp\/v2\/posts"}],"about":[{"href":"http:\/\/www.slineamt.ro\/apostolul\/wp-json\/wp\/v2\/types\/post"}],"author":[{"embeddable":true,"href":"http:\/\/www.slineamt.ro\/apostolul\/wp-json\/wp\/v2\/users\/1"}],"replies":[{"embeddable":true,"href":"http:\/\/www.slineamt.ro\/apostolul\/wp-json\/wp\/v2\/comments?post=22729"}],"version-history":[{"count":1,"href":"http:\/\/www.slineamt.ro\/apostolul\/wp-json\/wp\/v2\/posts\/22729\/revisions"}],"predecessor-version":[{"id":22730,"href":"http:\/\/www.slineamt.ro\/apostolul\/wp-json\/wp\/v2\/posts\/22729\/revisions\/22730"}],"wp:attachment":[{"href":"http:\/\/www.slineamt.ro\/apostolul\/wp-json\/wp\/v2\/media?parent=22729"}],"wp:term":[{"taxonomy":"category","embeddable":true,"href":"http:\/\/www.slineamt.ro\/apostolul\/wp-json\/wp\/v2\/categories?post=22729"},{"taxonomy":"post_tag","embeddable":true,"href":"http:\/\/www.slineamt.ro\/apostolul\/wp-json\/wp\/v2\/tags?post=22729"}],"curies":[{"name":"wp","href":"https:\/\/api.w.org\/{rel}","templated":true}]}}