{"id":22840,"date":"2022-06-21T13:03:40","date_gmt":"2022-06-21T13:03:40","guid":{"rendered":"http:\/\/www.slineamt.ro\/apostolul\/?p=22840"},"modified":"2022-07-16T17:24:08","modified_gmt":"2022-07-16T17:24:08","slug":"activitatile-agiro-se-vor-exercitii-de-manifestare-a-solidaritatii-de-breasla","status":"publish","type":"post","link":"http:\/\/www.slineamt.ro\/apostolul\/eveniment\/activitatile-agiro-se-vor-exercitii-de-manifestare-a-solidaritatii-de-breasla\/","title":{"rendered":"Activit\u0103\u0163ile AGIRo se vor exerci\u0163ii de manifestare a solidarit\u0103\u0163ii de breasl\u0103"},"content":{"rendered":"<div class=\"wp-block-image\">\n<figure class=\"alignleft size-full\"><a href=\"http:\/\/www.slineamt.ro\/apostolul\/wp-content\/uploads\/2022\/06\/01-ap251-foto1.jpg\"><img loading=\"lazy\" decoding=\"async\" width=\"390\" height=\"400\" src=\"http:\/\/www.slineamt.ro\/apostolul\/wp-content\/uploads\/2022\/06\/01-ap251-foto1.jpg\" alt=\"\" class=\"wp-image-22841\" srcset=\"http:\/\/www.slineamt.ro\/apostolul\/wp-content\/uploads\/2022\/06\/01-ap251-foto1.jpg 390w, http:\/\/www.slineamt.ro\/apostolul\/wp-content\/uploads\/2022\/06\/01-ap251-foto1-293x300.jpg 293w, http:\/\/www.slineamt.ro\/apostolul\/wp-content\/uploads\/2022\/06\/01-ap251-foto1-260x267.jpg 260w, http:\/\/www.slineamt.ro\/apostolul\/wp-content\/uploads\/2022\/06\/01-ap251-foto1-160x164.jpg 160w\" sizes=\"auto, (max-width: 390px) 100vw, 390px\" \/><\/a><\/figure>\n<\/div>\n\n\n<p>\u2022 Interviu cu domnul Viorel DOLHA, pre\u015fedinte AGIRo<\/p>\n\n\n\n<p><em>\u2013 \u00cenainte de toate, a\u015f vrea s\u0103 v\u0103 mul\u0163umesc pentru generozitatea cu care g\u0103zdui\u0163i Revista <strong>Apostolul<\/strong> \u00een cadrul Bibliotecii electronice AGIRo, pe site-ul <strong>EduCarte.ro<\/strong>. E un lucru care ne onoreaz\u0103, cinstind \u00een acela\u015fi timp memoria \u00eenainta\u015filor care au scos seria antebelic\u0103 a acestei publica\u0163ii a \u00eenv\u0103\u0163\u0103torilor.<\/em><\/p>\n\n\n\n<p><em>V\u0103 propun pentru \u00eenceput s\u0103 realiza\u0163i un scurt traseu al devenirii Dumneavoastr\u0103; nu at\u00e2t al performerului intelectual \u2013 \u015ftiu c\u0103 a\u0163i fost olimpic la limba francez\u0103, matematic\u0103, istorie, filozofie \u2013 c\u00e2t al rebelului care dorea s\u0103 citeasc\u0103 \u00een gimnaziu Socrate \u015fi Marx. Un rebel care ajunge s\u0103 distribuie manifeste pentru instaurarea democra\u0163iei, \u00een vara \u015fi toamna anului \u201889 \u2013 dup\u0103 cum a\u0163i declarat \u00eentr-un interviu acordat Aurei Dobre pentru TVRi.<\/em><\/p>\n\n\n\n<p>\u2013 \u201eRebelul\u201d din fiecare dintre noi r\u0103m\u00e2ne viu toat\u0103 via\u0163a. Nu pot fi altfel \u00eentr-o societate \u015fi \u00een vremuri \u00een care prea multe ar fi cazul s\u0103 se schimbe. Au mare respect din partea mea cei care sunt la r\u00e2ndul lor \u201erebeli\u201d, cei care m\u0103 contrazic. La congresele noastre doar ei pot spera s\u0103 ia cuv\u00e2ntul de dou\u0103 ori. Cred sincer c\u0103 prin lupta de idei se realizeaz\u0103 progresul. S\u0103 r\u0103m\u00e2n\u0103 \u00eentre noi, prietenilor le zic c\u0103 orice zi \u00een care nu m-am certat cu cineva este o zi pierdut\u0103.<\/p>\n\n\n<div class=\"wp-block-image\">\n<figure class=\"alignright size-full is-resized\"><a href=\"http:\/\/www.slineamt.ro\/apostolul\/wp-content\/uploads\/2022\/06\/01-ap251-foto2.jpg\"><img loading=\"lazy\" decoding=\"async\" src=\"http:\/\/www.slineamt.ro\/apostolul\/wp-content\/uploads\/2022\/06\/01-ap251-foto2.jpg\" alt=\"\" class=\"wp-image-22842\" width=\"458\" height=\"288\" srcset=\"http:\/\/www.slineamt.ro\/apostolul\/wp-content\/uploads\/2022\/06\/01-ap251-foto2.jpg 510w, http:\/\/www.slineamt.ro\/apostolul\/wp-content\/uploads\/2022\/06\/01-ap251-foto2-300x189.jpg 300w, http:\/\/www.slineamt.ro\/apostolul\/wp-content\/uploads\/2022\/06\/01-ap251-foto2-260x164.jpg 260w, http:\/\/www.slineamt.ro\/apostolul\/wp-content\/uploads\/2022\/06\/01-ap251-foto2-160x101.jpg 160w\" sizes=\"auto, (max-width: 458px) 100vw, 458px\" \/><\/a><\/figure>\n<\/div>\n\n\n<p><em>\u2013 F\u0103r\u0103 s\u0103 vrei, c\u00e2nd te g\u00e2nde\u015fti la Asocia\u0163ia \u00cenv\u0103\u0163\u0103torilor, \u00ee\u0163i aduci automat aminte versurile din \u201eLa steaua\u201d: Era pe c\u00e2nd nu s-a z\u0103rit\/ Azi o vedem \u015fi nu e\u2026 Era pe vremea c\u00e2nd pre\u015fedin\u0163ii asocia\u0163iei ajungeau frecvent parlamentari sau mini\u015ftri \u015fi Regele Carol al II-lea participa la congresele \u00eenv\u0103\u0163\u0103torimii. Ast\u0103zi, la acelea\u015fi congrese, entuziasmeaz\u0103 prezen\u0163a c\u00e2te unui p\u00e2rlit de secretar de stat. V-a\u0163i g\u00e2ndit cumva s\u0103-l invita\u0163i pe Klaus Iohannis la Piatra-Neam\u0163? Ce s-a \u00eent\u00e2mplat cu prestigiul AGIRo?<\/em><\/p>\n\n\n\n<p>\u2013 \u00cen fiecare an am invitat pre\u015fedintele \u0163\u0103rii, premierul \u015fi ministrul educa\u0163iei. La fel vom face \u015fi anul acesta. Nu \u015ftiu dac\u0103 vor veni. La cele mai multe dintre congresele noastre de dup\u0103 2008 au fost prezen\u0163i mini\u015ftrii educa\u0163iei, o dat\u0103 a fost prezent \u015fi pre\u015fedintele statului. Iat\u0103 ce ne sf\u0103tuia Traian \u015euteu \u00een <em>\u00cenv\u0103\u0163\u0103torul<\/em>, Cluj, \u00een octombrie 1919: \u201e<strong>Noi numai s\u0103 fim oameni, \u2013 oameni mari \u015fi tari la suflet. S\u0103 l\u0103p\u0103d\u0103m ambi\u0163iile de\u015ferte \u015fi micile orgolii. S\u0103 ne supunem disciplinei profesionale \u015fi s\u0103 ne angaj\u0103m toate for\u0163ele \u00een lupta social\u0103 pentru a scoate victorios stindardul d\u0103sc\u0103lesc. S\u0103 dovedim mai mult\u0103 demnitate \u00een vorb\u0103 \u015fi purtare pentru a ne ridica importan\u0163a \u00eenaintea lumei conduc\u0103toare. S\u0103 ne d\u0103m sama de for\u0163ele noastre intelectuale \u015fi s\u0103 nu alerg\u0103m dup\u0103 c\u0103p\u0103tueli neiertate. S\u0103 pretindem \u00eens\u0103 recuno\u015ftin\u0163a muncii cinstite \u015fi curate. Oamenii netrebnici s\u0103-i reducem la adev\u0103rata lor valoare, f\u0103c\u00e2ndu-i s\u0103-\u015fi recunoasc\u0103 p\u0103catele lor. Pe cei harnici s\u0103-i d\u0103m de \u00eendemn pentru a \u0163ine treaz\u0103\u2019 voia de munc\u0103, ambi\u0163ia nobil\u0103, \u015fi voin\u0163a hot\u0103r\u00e2t\u0103. S\u0103 nu ne umilim \u015fi dejosim b\u0103t\u00e2nd prea des la u\u015file, cari nu s\u0103 deschid prea bucuros pe sama muncitorului cins\u00adtit dela sate. S\u0103 mai a\u015ftept\u0103m c\u0103ci nu va trece mult \u015fi vor veni ei la casa noastr\u0103. S\u0103 fim un corp solidar \u00een toate manifesta\u0163iile noastre, cari astfel vor impune respect \u015fi ascultare factorilor conduc\u0103tori.<\/strong>\u201d<\/p>\n\n\n\n<p><em>\u2013 Sunte\u0163i, f\u0103r\u0103 \u00eendoial\u0103, artizanul rena\u015fterii Asocia\u0163iei \u00cenv\u0103\u0163\u0103torilor din Rom\u00e2nia. \u015ei tot f\u0103r\u0103 \u00eendoial\u0103, cea mai mare victorie a AGIRo este semnarea Pactului Na\u0163ional pentru Educa\u0163ie, Protocolul de colaborare \u00eencheiat cu MENCS \u00een 2011 recunosc\u00e2ndu-i rolul consultativ pe l\u00e2ng\u0103 minister \u00een proiectarea, fundamentarea \u015fi aplicarea strategiilor na\u0163ionale \u00een domeniul educa\u0163iei. Dar, aceast\u0103 victorie a fost construit\u0103 \u00een pa\u015fi succesivi. Dori\u0163i s\u0103 nuan\u0163a\u0163i?<\/em><\/p>\n\n\n<div class=\"wp-block-image\">\n<figure class=\"alignleft size-full\"><a href=\"http:\/\/www.slineamt.ro\/apostolul\/wp-content\/uploads\/2022\/06\/01-ap251-foto3.jpg\"><img loading=\"lazy\" decoding=\"async\" width=\"491\" height=\"369\" src=\"http:\/\/www.slineamt.ro\/apostolul\/wp-content\/uploads\/2022\/06\/01-ap251-foto3.jpg\" alt=\"\" class=\"wp-image-22843\" srcset=\"http:\/\/www.slineamt.ro\/apostolul\/wp-content\/uploads\/2022\/06\/01-ap251-foto3.jpg 491w, http:\/\/www.slineamt.ro\/apostolul\/wp-content\/uploads\/2022\/06\/01-ap251-foto3-300x225.jpg 300w, http:\/\/www.slineamt.ro\/apostolul\/wp-content\/uploads\/2022\/06\/01-ap251-foto3-260x195.jpg 260w, http:\/\/www.slineamt.ro\/apostolul\/wp-content\/uploads\/2022\/06\/01-ap251-foto3-160x120.jpg 160w\" sizes=\"auto, (max-width: 491px) 100vw, 491px\" \/><\/a><\/figure>\n<\/div>\n\n\n<p>\u2013 Art. 14 din legea nr 1\/2011 spune c\u0103 \u201e(1) Ministerul Educa\u0163iei, Cercet\u0103rii, Tineretului \u015fi Sportului proiecteaz\u0103, fundamenteaz\u0103 \u015fi aplic\u0103 strategiile na\u0163ionale \u00een domeniul educa\u0163iei, cu consultarea asocia\u0163iilor reprezentative ale cadrelor didactice&#8230;\u201d. Asocia\u0163ia noastr\u0103 nu a fost consultat\u0103 deloc \u00een privin\u0163a strategiilor educa\u0163ionale. Aceasta \u00eenseamn\u0103 fie c\u0103 dup\u0103 2011 ministerul nu a elaborat nicio strategie, fie \u00eenseamn\u0103 c\u0103 strategiile elaborate de minister sunt f\u0103cute cu \u00eenc\u0103lcarea legii. Nu am primit r\u0103spuns la sesiz\u0103rile noastre pe aceast\u0103 tem\u0103. Desigur, c\u0103 ministerul ar trebui s\u0103 \u00ee\u015fi fundamenteze deciziile \u00een principal pe expertiza forurilor \u015ftiin\u0163ifice \u015fi nu pe aceea a sindicatelor sau a asocia\u0163iilor, cu at\u00e2t mai pu\u0163in pe baza reac\u0163iei la presiuni venite din spa\u0163iul public, din partea elevilor \u015fi p\u0103rin\u0163ilor, nu de pu\u0163ine ori pornite din partea unor vedete de pe ecran, certate cu cartea \u00eenc\u0103 de pe b\u0103ncile \u015fcolii.<\/p>\n\n\n\n<p><em>\u2013 Tot \u00een topul realiz\u0103rilor dvs. pot fi re\u0163inute Congresele, \u015ecolile de Var\u0103, Simpozioanele organizate \u00een \u0163ar\u0103 \u015fi peste grani\u0163e, \u00eentru cinstirea limbii \u015fi dregerea istoriei noastre. Dar, \u00een prezentarea acestor ac\u0163iuni, impresia e c\u0103 ne afl\u0103m mai degrab\u0103 \u00een fa\u0163a unui ghid turistic, nu a unui program cultural. Exist\u0103 mai multe informa\u0163ii despre costul micului dejun dec\u00e2t despre obiectul dezbaterilor. Pute\u0163i cita c\u00e2teva rezultate concrete provocate de demersurile dvs. \u00een afara grani\u0163elor?<\/em><\/p>\n\n\n\n<p>\u2013 Sunte\u0163i la curent cu activit\u0103\u0163ile noastre, din ce v-au povestit al\u0163ii sau din ce a ap\u0103rut \u00een pres\u0103. La sf\u00e2r\u015fit de iulie sper s\u0103 fi\u0163i prezent la evenimentul din jude\u0163ul Neam\u0163. Ve\u0163i auzi chiar din gura profesorilor rom\u00e2ni de peste hotare, ce a realizat \u015fi ce \u00eenseamn\u0103 AGIRo pentru dumnealor. Miz\u0103m pe prezen\u0163a c\u00e2torva zeci de oaspe\u0163i de peste hotare. \u015ei da, ne str\u0103duim s\u0103 le asigur\u0103m cazare \u015fi mas\u0103 gratuite (chiar \u015fi micul dejun) \u015fi poate \u015fi transport. Sigur c\u0103 aceste costuri le acoperim din contribu\u0163iile colegilor din \u0163ar\u0103. Putem conta \u015fi pe sprijinul sindicatului Neam\u0163?<\/p>\n\n\n<div class=\"wp-block-image\">\n<figure class=\"alignright size-full\"><a href=\"http:\/\/www.slineamt.ro\/apostolul\/wp-content\/uploads\/2022\/06\/01-ap251-foto4.jpg\"><img loading=\"lazy\" decoding=\"async\" width=\"369\" height=\"369\" src=\"http:\/\/www.slineamt.ro\/apostolul\/wp-content\/uploads\/2022\/06\/01-ap251-foto4.jpg\" alt=\"\" class=\"wp-image-22844\" srcset=\"http:\/\/www.slineamt.ro\/apostolul\/wp-content\/uploads\/2022\/06\/01-ap251-foto4.jpg 369w, http:\/\/www.slineamt.ro\/apostolul\/wp-content\/uploads\/2022\/06\/01-ap251-foto4-300x300.jpg 300w, http:\/\/www.slineamt.ro\/apostolul\/wp-content\/uploads\/2022\/06\/01-ap251-foto4-150x150.jpg 150w, http:\/\/www.slineamt.ro\/apostolul\/wp-content\/uploads\/2022\/06\/01-ap251-foto4-260x260.jpg 260w, http:\/\/www.slineamt.ro\/apostolul\/wp-content\/uploads\/2022\/06\/01-ap251-foto4-160x160.jpg 160w\" sizes=\"auto, (max-width: 369px) 100vw, 369px\" \/><\/a><\/figure>\n<\/div>\n\n\n<p><em>\u2013 Vrem \u2013 nu vrem, \u00een absen\u0163a altor surse de informare, site-urile institu\u0163iilor, \u00eentreprinderilor, organiza\u0163iilor, asocia\u0163iilor, ONG-urilor, \u015f. a. prezint\u0103 (ar trebui s\u0103 prezinte!) cartea de vizit\u0103 a acelor obiective. Tr\u0103im \u00eentr-o epoc\u0103 a informa\u0163iilor \u015fi a devenit un automatism s\u0103 deschidem calculatorul c\u00e2nd ne intereseaz\u0103 ceva. Consult\u00e2nd site-ul AGIRo, am constatat c\u0103 vreo cinci dintre asocia\u0163iile jude\u0163ene afi\u015feaz\u0103 doar datele de contact, vreo 13 au \u00een plus c\u00e2teva informa\u0163ii (cele mai multe din perioada 2008-2012), iar 24 dintre ele sunt \u201e\u00een construc\u0163ie\u201d (unele \u2013 nu dau nume \u2013 de ani buni). Excep\u0163ie fac Filiala din Republica Moldova \u015fi, fire\u015fte, site-ul AGIRo (Felicit\u0103ri pentru pagina \u201eTestimoniale\u201d!). \u00centrebarea pe care o isc\u0103 informa\u0163ia anterioar\u0103 este: Ce se \u00eent\u00e2mpl\u0103 de fapt (dac\u0103 se \u00eent\u00e2mpl\u0103?) \u00een activitatea asocia\u0163iilor jude\u0163ene? Care crede\u0163i c\u0103 sunt cauzele disfunc\u0163ionalit\u0103\u0163ilor prezentului?<\/em><\/p>\n\n\n\n<p>\u2013 AGIRo nu are competen\u0163e \u00een ceea ce prive\u015fte asocia\u0163iile jude\u0163ene. Ele sunt independente \u00een activitatea lor. Ader\u00e2nd sau nu la AGIRo, sunt suverane \u00een privin\u0163a ac\u0163iunilor de pe plan local.<\/p>\n\n\n\n<p><em>\u2013 \u00cen afar\u0103 de o cotiza\u0163ie modic\u0103, ce-i deosebe\u015fte pe doi \u00eenv\u0103\u0163\u0103tori dintre care unul este membru al AGIRo, iar cel\u0103lalt, nu? Statutul asocia\u0163iei precizeaz\u0103 la Art. 10 (Drepturile \u015fi obliga\u0163iile membrilor) doar ni\u015fte reguli de convie\u0163uire \u00een cadrul asocia\u0163iei. \u00cen dou\u0103-trei fraze, cum m-a\u0163i convinge s\u0103 devin membru al AGIRo?<\/em><\/p>\n\n\n\n<p>\u2013 \u015ei \u00eenv\u0103\u0163\u0103torul care activeaz\u0103 \u00een AGIRo \u015fi cel care nu este membru AGIRo sunt \u201eboga\u0163i \u00een lipsuri, \u00een \u00eendatoriri \u015fi iubiri de mo\u015fie\u201d, a\u015fa cum li se spunea \u00een 1923, la un congres al lor \u0163inut \u00een Arad. AGIRo nu ridic\u0103 fabrici \u015fi uzine. Activit\u0103\u0163ile AGIRo se vor exerci\u0163ii de manifestare a solidarit\u0103\u0163ii de breasl\u0103, de ardere a unor energii pozitive, canalizate constructiv, de experien\u0163e \u00eemp\u0103rt\u0103\u015fite, de spargere de tipare, de pionierat, de cre\u015ftere a con\u015ftiin\u0163ei de sine a corpului \u00eenv\u0103\u0163\u0103toresc. Cele mai importante momente sunt cele petrecute \u00een afara s\u0103lii de plen, vorbele ce conteaz\u0103 mai mult sunt cele ce nu se spun de la tribun\u0103, sunt cele ce \u015fi le \u00eemp\u0103rt\u0103\u015fesc unii altora, din col\u0163uri diferite de \u0163ar\u0103, cu ocazia evenimentelor ini\u0163iate de AGIRo.<\/p>\n\n\n<div class=\"wp-block-image\">\n<figure class=\"alignleft size-full is-resized\"><a href=\"http:\/\/www.slineamt.ro\/apostolul\/wp-content\/uploads\/2022\/06\/01-ap251-foto5.jpg\"><img loading=\"lazy\" decoding=\"async\" src=\"http:\/\/www.slineamt.ro\/apostolul\/wp-content\/uploads\/2022\/06\/01-ap251-foto5.jpg\" alt=\"\" class=\"wp-image-22845\" width=\"316\" height=\"316\" srcset=\"http:\/\/www.slineamt.ro\/apostolul\/wp-content\/uploads\/2022\/06\/01-ap251-foto5.jpg 397w, http:\/\/www.slineamt.ro\/apostolul\/wp-content\/uploads\/2022\/06\/01-ap251-foto5-300x300.jpg 300w, http:\/\/www.slineamt.ro\/apostolul\/wp-content\/uploads\/2022\/06\/01-ap251-foto5-150x150.jpg 150w, http:\/\/www.slineamt.ro\/apostolul\/wp-content\/uploads\/2022\/06\/01-ap251-foto5-260x260.jpg 260w, http:\/\/www.slineamt.ro\/apostolul\/wp-content\/uploads\/2022\/06\/01-ap251-foto5-160x160.jpg 160w\" sizes=\"auto, (max-width: 316px) 100vw, 316px\" \/><\/a><\/figure>\n<\/div>\n\n\n<p><em>\u2013 Dup\u0103 cum a anun\u0163at colegul dvs. Liviu Rusu, pre\u015fedintele Asocia\u0163iei \u00eenv\u0103\u0163\u0103torilor din Neam\u0163, \u00een perioada 25-28 iulie a. c. se va desf\u0103\u015fura aici cel de al 44-lea Congres AGIRo dedicat, \u00eentre altele, anivers\u0103rii a 110 ani de la constituirea acestei asocia\u0163ii. Ce a\u015ftept\u0103ri ave\u0163i de la Congresul de la Piatra-Neam\u0163?<\/em><\/p>\n\n\n\n<p>\u2013 \u00cen Piatra-Neam\u0163 \u015fi V\u00e2n\u0103tori-Neam\u0163, \u00eentre 25 \u015fi 28 iulie 2022, va avea loc Congresul Interna\u0163ional al Cadrelor Didactice din Rom\u00e2nia \u015fi al Cadrelor Didactice de Etnie Rom\u00e2n\u0103 de peste Hotare \u2013 al 44-lea congres al Asocia\u0163iei Generale a \u00cenv\u0103\u0163\u0103torilor din Rom\u00e2nia, la 110 ani de la \u00eenfiin\u0163area Asocia\u0163iei \u00cenv\u0103\u0163\u0103torilor din Jude\u0163ul Neam\u0163 (congres la care se va \u0163ine \u015fi a XIX\u2013a edi\u0163ie a Simpozionului Interna\u0163ional \u201ePortrete de dasc\u0103li \u2013 \u00een memoria lui Leon Mrejeru \u015fi Gheorghe Amaicei\u201d). Va fi o alt\u0103 pagin\u0103 \u00een istoria AGIRo, despre care \u00een 1940 I. G. Dumitra\u015fcu scria \u00een \u201e\u00cenainte merg\u0103torii. Istoricul Asocia\u0163iei Generale a \u00cenv\u0103\u0163\u0103torilor din Rom\u00e2nia\u201d: \u201eNe sim\u0163im lega\u0163i prin fire nev\u0103zute de genera\u0163iile trecute, prezente \u015fi viitoare. Suntem mo\u015ftenitorii tuturor celor repauza\u0163i, asocia\u0163ii tuturor celor ce tr\u0103iesc, providen\u0163a tuturor celor ce ne vor urma.\u201d<\/p>\n\n\n\n<p>Congresul, sper c\u0103 va fi un eveniment remarcabil pentru profesorii care vor fi prezen\u0163i \u015fi care t\u00e2njesc s\u0103 fie t\u00e2mpl\u0103 fierbinte l\u00e2ng\u0103 t\u00e2mpl\u0103, al\u0103turi de al\u0163i slujitori ai \u015fcolii. Minut de minut pe parcusul tuturor celor patru zile despre \u015fcoal\u0103 \u00ee\u015fi vor vorbi sutele de participan\u0163i unii altora. At\u00e2t de ar fi \u015fi nu ar fi pu\u0163in. Iat\u0103 ce se spunea \u00een 1908 la o reuniune a \u00eenv\u0103\u0163\u0103torilor ar\u0103deni: \u201eChema\u0163i prin voca\u0163iune la misiune apostolic\u0103, trebue s\u0103 facem chestie de con\u015ftiin\u0163\u0103 \u00eemplinirea misiunei noastre sublime, c\u0103ci numai con\u015ftiin\u0163a de sine este aceea ce ridic\u0103 individul la subiect de drept, la persoan\u0103 \u00eenzestrat\u0103 cu toate atributele iuridice \u015fi morale. Problema chem\u0103rii noastre este sublim\u0103 c\u0103ci cuv\u00e2ntul \u00ceNV\u0102\u0162\u0102TOR \u00eensemneaz\u0103 o voca\u0163iune cereasc\u0103\u201d. Se mai spunea: \u201eVirtu\u0163ile apostolice s\u0103 ne inspire \u015fi \u00eenc\u0103lzeasc\u0103 \u00een munca ce o s\u0103v\u00e2r\u015fim \u015fi fi\u0163i convin\u015fi c\u0103, cu inima lini\u015ftit\u0103 \u015fi cu fruntea senin\u0103 vom putea privi \u00eenaintea marelui tribunal public\u201d.<\/p>\n\n\n\n<p>Ca m\u00e2ine ne vom pune palma strea\u015fin\u0103 la ochi, a\u015ftept\u00e2nd cu ner\u0103bdare s\u0103 vedem sosind \u00een Piatra colegi din toate cele patru z\u0103ri ale \u0163\u0103rii \u015fi de dincolo de fruntarii.<\/p>\n\n\n\n<p><strong><em>A \u00eentrebat Mircea ZAHARIA<\/em><\/strong><\/p>\n\n\n<div class=\"wp-block-image\">\n<figure class=\"aligncenter size-full is-resized\"><a href=\"http:\/\/www.slineamt.ro\/apostolul\/wp-content\/uploads\/2022\/06\/01-ap251-foto6.jpg\"><img loading=\"lazy\" decoding=\"async\" src=\"http:\/\/www.slineamt.ro\/apostolul\/wp-content\/uploads\/2022\/06\/01-ap251-foto6.jpg\" alt=\"\" class=\"wp-image-22846\" width=\"811\" height=\"541\" srcset=\"http:\/\/www.slineamt.ro\/apostolul\/wp-content\/uploads\/2022\/06\/01-ap251-foto6.jpg 529w, http:\/\/www.slineamt.ro\/apostolul\/wp-content\/uploads\/2022\/06\/01-ap251-foto6-300x200.jpg 300w, http:\/\/www.slineamt.ro\/apostolul\/wp-content\/uploads\/2022\/06\/01-ap251-foto6-260x173.jpg 260w, http:\/\/www.slineamt.ro\/apostolul\/wp-content\/uploads\/2022\/06\/01-ap251-foto6-160x107.jpg 160w\" sizes=\"auto, (max-width: 811px) 100vw, 811px\" \/><\/a><\/figure>\n<\/div>","protected":false},"excerpt":{"rendered":"<p>\u2022 Interviu cu domnul Viorel DOLHA, pre\u015fedinte AGIRo \u2013 \u00cenainte de toate, a\u015f vrea s\u0103 v\u0103 mul\u0163umesc pentru generozitatea cu care g\u0103zdui\u0163i Revista Apostolul \u00een cadrul Bibliotecii electronice AGIRo, pe site-ul EduCarte.ro. E un lucru care ne onoreaz\u0103, cinstind \u00een&hellip;<\/p>\n<p class=\"more-link-p\"><a class=\"more-link\" href=\"http:\/\/www.slineamt.ro\/apostolul\/eveniment\/activitatile-agiro-se-vor-exercitii-de-manifestare-a-solidaritatii-de-breasla\/\">Read more &rarr;<\/a><\/p>\n","protected":false},"author":1,"featured_media":0,"comment_status":"open","ping_status":"closed","sticky":false,"template":"","format":"standard","meta":{"footnotes":""},"categories":[18,455],"tags":[],"class_list":["post-22840","post","type-post","status-publish","format-standard","hentry","category-eveniment","category-numarul-251"],"_links":{"self":[{"href":"http:\/\/www.slineamt.ro\/apostolul\/wp-json\/wp\/v2\/posts\/22840","targetHints":{"allow":["GET"]}}],"collection":[{"href":"http:\/\/www.slineamt.ro\/apostolul\/wp-json\/wp\/v2\/posts"}],"about":[{"href":"http:\/\/www.slineamt.ro\/apostolul\/wp-json\/wp\/v2\/types\/post"}],"author":[{"embeddable":true,"href":"http:\/\/www.slineamt.ro\/apostolul\/wp-json\/wp\/v2\/users\/1"}],"replies":[{"embeddable":true,"href":"http:\/\/www.slineamt.ro\/apostolul\/wp-json\/wp\/v2\/comments?post=22840"}],"version-history":[{"count":1,"href":"http:\/\/www.slineamt.ro\/apostolul\/wp-json\/wp\/v2\/posts\/22840\/revisions"}],"predecessor-version":[{"id":22847,"href":"http:\/\/www.slineamt.ro\/apostolul\/wp-json\/wp\/v2\/posts\/22840\/revisions\/22847"}],"wp:attachment":[{"href":"http:\/\/www.slineamt.ro\/apostolul\/wp-json\/wp\/v2\/media?parent=22840"}],"wp:term":[{"taxonomy":"category","embeddable":true,"href":"http:\/\/www.slineamt.ro\/apostolul\/wp-json\/wp\/v2\/categories?post=22840"},{"taxonomy":"post_tag","embeddable":true,"href":"http:\/\/www.slineamt.ro\/apostolul\/wp-json\/wp\/v2\/tags?post=22840"}],"curies":[{"name":"wp","href":"https:\/\/api.w.org\/{rel}","templated":true}]}}