{"id":22930,"date":"2022-07-16T15:59:25","date_gmt":"2022-07-16T15:59:25","guid":{"rendered":"http:\/\/www.slineamt.ro\/apostolul\/?p=22930"},"modified":"2022-07-16T15:59:25","modified_gmt":"2022-07-16T15:59:25","slug":"despre-dascalii-mei","status":"publish","type":"post","link":"http:\/\/www.slineamt.ro\/apostolul\/scoala-nemteana-la-zi\/despre-dascalii-mei\/","title":{"rendered":"Despre dasc\u0103lii mei"},"content":{"rendered":"\n<p><\/p>\n\n\n\n<p>S\u0103rb\u0103toare. Ceas aniversar: 110 ani de la \u00eenfiin\u0163area Asocia\u0163iei \u00cenv\u0103\u0163\u0103torilor din Jude\u0163ul Neam\u0163.<\/p>\n\n\n\n<p>Colegii mei vorbesc cu drag despre domnul profesor Gheorghe Amaicei, pe care am avut onoarea s\u0103-l ascult \u00een diverse ocazii, despre domnii Gheoghe Vadana \u015fi Adrian Armencea \u015fi al\u0163i dasc\u0103li care s-au dedicat Asocia\u0163iei.<\/p>\n\n\n\n<p>M\u0103 g\u00e2ndesc&#8230; suntem dasc\u0103li, m\u00e2ndri de ceea ce facem, dedica\u0163i, \u00eenfl\u0103c\u0103ra\u0163i \u015fi, adeseori, extenua\u0163i. E o meserie care \u00ee\u0163i cere s\u0103 dai totul. \u015etiu asta foarte bine. Ce m-a f\u0103cut s\u0103 \u00een\u0163eleg? Poate munca la catedr\u0103, poate elevii mei&#8230; \u015fi, cu siguran\u0163\u0103, cei care m-au \u00eenv\u0103\u0163at cum s\u0103 fiu dasc\u0103l.<\/p>\n\n\n\n<p>Despre ei vreau s\u0103 v\u0103 vorbesc ast\u0103zi. Despre cei care au format zeci de genera\u0163ii de dasc\u0103li minuna\u0163i, care, asemeni profesorilor lor, au \u00een\u0163eles ce binecuv\u00e2ntare \u015fi ce sarcin\u0103 grea au, zi de zi, la catedr\u0103.<\/p>\n\n\n\n<p>E u\u015for de zis c\u0103 e\u015fti dasc\u0103l, dar e o provocare s\u0103 fii cu adev\u0103rat.<\/p>\n\n\n\n<p>Am \u00een\u0163eles acest lucru din prima zi de practic\u0103 pedagogic\u0103. Eram cu to\u0163ii extrem de \u00eenc\u00e2nta\u0163i. Domnul profesor de Pedagogie, distinsul Paul Vasiliu, ne-a adus \u00eencolona\u0163i la \u015ecoala de Aplica\u0163ii. C\u00e2nd era dumnealui prezent sim\u0163eai c\u0103 totul e extrem de bine f\u0103cut. Noi, ni\u015fte adolescen\u0163i. Dar dumnealui avea ceva, acel ceva care nu te l\u0103sa s\u0103 r\u00e2zi f\u0103r\u0103 rost, nu-\u0163i permiteai s\u0103 nu fii atent, s\u0103 nu tratezi totul cu maxim\u0103 seriozitate. Nu-mi amintesc s\u0103 ne fi certat vreodat\u0103. \u015ei asta nu pentru c\u0103 eram noi elevi exemplari, ci pentru c\u0103 \u015ftia cum s\u0103 ne vorbeasc\u0103 a\u015fa \u00eenc\u00e2t s\u0103 ne ating\u0103 cu vorbe \u00eenvelite \u00een bl\u00e2nde\u0163e. Pentru clasa noastr\u0103 cuv\u00e2ntul lui era liter\u0103 de lege. De la d\u00e2nsul am \u00eenv\u0103\u0163at s\u0103 fim asuma\u0163i \u015fi fermi \u015fi bl\u00e2nzi, toate deodat\u0103.<\/p>\n\n\n\n<p>M\u0103 g\u00e2ndesc cu drag la doamna profesoar\u0103 Viorica Hanaru: ne citea texte cu at\u00e2t de mult drag \u00eenc\u00e2t nu ne s\u0103turam s-o ascult\u0103m. Iubea elevii, se preocupa de starea noastr\u0103 sufleteasc\u0103. Pe l\u00e2ng\u0103 literatur\u0103, limb\u0103 \u015fi metodic\u0103 ne vorbea despre via\u0163\u0103, prietenie, dragoste. Era o mam\u0103 exigent\u0103, dar iubitoare \u015fi plin\u0103 de empatie. Dumneaei ne-a \u00eenv\u0103\u0163at s\u0103 fim femei demne, elegante \u015fi atente la cei din jur.<\/p>\n\n\n\n<p>Am fost elevii doamnei Mihaela Gherghelescu. Nu-\u0163i puteai lua privirea de la ea fiindc\u0103 tot ce ne spunea era interesant. O surs\u0103 nesecat\u0103 de informa\u0163ii, foarte bine organizate, clare \u015fi pline de sens. \u015etia totul. \u015ei avea r\u0103spunsuri pentru orice. \u015ei sfaturi bune. Pentru orice problem\u0103. Ne-a \u00eenv\u0103\u0163at s\u0103 fim riguro\u015fi, bine preg\u0103ti\u0163i \u015fi mereu informa\u0163i.<\/p>\n\n\n\n<p>Nu-l vom uita pe domnul profesor Eugen Vasiliu. Era mereu de partea noastr\u0103. Filosofia, psihologia, logica&#8230; totul era foarte u\u015for dac\u0103 era la catedr\u0103. \u015ei atractiv. \u015etia s\u0103 ne fie al\u0103turi, s\u0103 ne deslu\u015feasc\u0103 marile dileme adolescentine cu mult sim\u0163 al umorului. A\u015fa am \u00eenv\u0103\u0163at s\u0103 rezolv\u0103m problemele pas cu pas.<\/p>\n\n\n\n<p>Ne-a fost al\u0103turi doamna profesoar\u0103 Mariana Minu\u0163. Cu rigurozitatea dumneaei, cu corectitudine \u015fi aten\u0163ie la detalii. Ne privea mereu cu drag, cu \u00een\u0163elegere. Eram sub lupa ei de biolog. \u015ei am crescut frumos pentru c\u0103 a \u015ftiut s\u0103 ne dea tot ce aveam nevoie. De la dumneaei am \u00eenv\u0103\u0163at ce mult conteaz\u0103 s\u0103 fii corect cu tine \u015fi cu ceilal\u0163i.<\/p>\n\n\n\n<p>\u015ei exerci\u0163iile de matematic\u0103 rezolvate cu doamna Eugenia Costiniuc p\u0103reau o joac\u0103 de copii. Uneori ne jucam de mai multe ori ca s\u0103 le d\u0103m de cap\u0103t. Avea mult tact pedagogic. \u015etia s\u0103 fie acel profesor care transform\u0103 totul din greu \u00een u\u015for. Cu mult\u0103 r\u0103bdare. Cu mult drag. Astfel, am aflat c\u0103, dac\u0103 ai st\u0103ruin\u0163\u0103 \u015fi perseveren\u0163\u0103, nu exist\u0103 problem\u0103 de nerezolvat.<\/p>\n\n\n\n<p>Am desenat cu domnul profesor Augustin Cristea \u015fi ne-a \u00eenv\u0103\u0163at s\u0103 fim arti\u015fti, s\u0103 privim via\u0163a altfel \u015fi s-o reprezent\u0103m chiar \u015fi cu susul \u00een jos.<\/p>\n\n\n\n<p>Am c\u00e2ntat cu domnul profesor Nicolae Tei\u015f. Exigen\u0163a e al doilea nume al dumnealui. Corul \u015fcolii, \u00eens\u0103, nu avea niciodat\u0103 linii melodice pe care s\u0103 le c\u00e2nte gre\u015fit. \u015ei eram mereu m\u00e2ndre c\u0103 am c\u00e2ntat corect, c\u0103 am urmat indica\u0163iile dirijorului care era total implicat.<\/p>\n\n\n\n<p>Desigur, to\u0163i profesorii no\u015ftri au l\u0103sat ceva din sufletul lor \u00een fiecare dintre noi.<\/p>\n\n\n\n<p>La ceas aniversar, mul\u0163umim domnilor profesori care ne-au \u00eenv\u0103\u0163at s\u0103 fim \u015fi dasc\u0103li \u015fi oameni!<\/p>\n\n\n\n<p><strong><em>Ioana POE\u0162ELEA,<\/em><\/strong><\/p>\n\n\n\n<p><strong><em>\u00eenv\u0103\u0163\u0103toare, Colegiul Tehnologic \u201eSpiru Haret\u201d, Piatra-Neam\u0163<\/em><\/strong><\/p>\n","protected":false},"excerpt":{"rendered":"<p>S\u0103rb\u0103toare. Ceas aniversar: 110 ani de la \u00eenfiin\u0163area Asocia\u0163iei \u00cenv\u0103\u0163\u0103torilor din Jude\u0163ul Neam\u0163. Colegii mei vorbesc cu drag despre domnul profesor Gheorghe Amaicei, pe care am avut onoarea s\u0103-l ascult \u00een diverse ocazii, despre domnii Gheoghe Vadana \u015fi Adrian Armencea&hellip;<\/p>\n<p class=\"more-link-p\"><a class=\"more-link\" href=\"http:\/\/www.slineamt.ro\/apostolul\/scoala-nemteana-la-zi\/despre-dascalii-mei\/\">Read more &rarr;<\/a><\/p>\n","protected":false},"author":1,"featured_media":0,"comment_status":"open","ping_status":"closed","sticky":false,"template":"","format":"standard","meta":{"footnotes":""},"categories":[10,456],"tags":[],"class_list":["post-22930","post","type-post","status-publish","format-standard","hentry","category-scoala-nemteana-la-zi","category-numarul-252"],"_links":{"self":[{"href":"http:\/\/www.slineamt.ro\/apostolul\/wp-json\/wp\/v2\/posts\/22930","targetHints":{"allow":["GET"]}}],"collection":[{"href":"http:\/\/www.slineamt.ro\/apostolul\/wp-json\/wp\/v2\/posts"}],"about":[{"href":"http:\/\/www.slineamt.ro\/apostolul\/wp-json\/wp\/v2\/types\/post"}],"author":[{"embeddable":true,"href":"http:\/\/www.slineamt.ro\/apostolul\/wp-json\/wp\/v2\/users\/1"}],"replies":[{"embeddable":true,"href":"http:\/\/www.slineamt.ro\/apostolul\/wp-json\/wp\/v2\/comments?post=22930"}],"version-history":[{"count":1,"href":"http:\/\/www.slineamt.ro\/apostolul\/wp-json\/wp\/v2\/posts\/22930\/revisions"}],"predecessor-version":[{"id":22931,"href":"http:\/\/www.slineamt.ro\/apostolul\/wp-json\/wp\/v2\/posts\/22930\/revisions\/22931"}],"wp:attachment":[{"href":"http:\/\/www.slineamt.ro\/apostolul\/wp-json\/wp\/v2\/media?parent=22930"}],"wp:term":[{"taxonomy":"category","embeddable":true,"href":"http:\/\/www.slineamt.ro\/apostolul\/wp-json\/wp\/v2\/categories?post=22930"},{"taxonomy":"post_tag","embeddable":true,"href":"http:\/\/www.slineamt.ro\/apostolul\/wp-json\/wp\/v2\/tags?post=22930"}],"curies":[{"name":"wp","href":"https:\/\/api.w.org\/{rel}","templated":true}]}}