{"id":22935,"date":"2022-07-16T16:02:51","date_gmt":"2022-07-16T16:02:51","guid":{"rendered":"http:\/\/www.slineamt.ro\/apostolul\/?p=22935"},"modified":"2022-07-16T16:02:51","modified_gmt":"2022-07-16T16:02:51","slug":"doua-noi-proiecte-cu-finantare-europeana-la-scoala-postliceala-sanitara-piatra-neamt","status":"publish","type":"post","link":"http:\/\/www.slineamt.ro\/apostolul\/pasi-spre-europa\/doua-noi-proiecte-cu-finantare-europeana-la-scoala-postliceala-sanitara-piatra-neamt\/","title":{"rendered":"Dou\u0103 noi proiecte cu finan\u0163are european\u0103 la \u015ecoala Postliceal\u0103 Sanitar\u0103 Piatra-Neam\u0163"},"content":{"rendered":"<div class=\"wp-block-image\">\n<figure class=\"alignleft size-full is-resized\"><a href=\"http:\/\/www.slineamt.ro\/apostolul\/wp-content\/uploads\/2022\/07\/20-ap252-foto1.jpg\"><img loading=\"lazy\" decoding=\"async\" src=\"http:\/\/www.slineamt.ro\/apostolul\/wp-content\/uploads\/2022\/07\/20-ap252-foto1.jpg\" alt=\"\" class=\"wp-image-22936\" width=\"437\" height=\"329\" srcset=\"http:\/\/www.slineamt.ro\/apostolul\/wp-content\/uploads\/2022\/07\/20-ap252-foto1.jpg 529w, http:\/\/www.slineamt.ro\/apostolul\/wp-content\/uploads\/2022\/07\/20-ap252-foto1-300x226.jpg 300w, http:\/\/www.slineamt.ro\/apostolul\/wp-content\/uploads\/2022\/07\/20-ap252-foto1-260x196.jpg 260w, http:\/\/www.slineamt.ro\/apostolul\/wp-content\/uploads\/2022\/07\/20-ap252-foto1-160x120.jpg 160w\" sizes=\"auto, (max-width: 437px) 100vw, 437px\" \/><\/a><\/figure>\n<\/div>\n\n\n<p>Dup\u0103 ob\u0163inerea acredit\u0103rii Erasmus+ pe domeniul formare profesional\u0103, \u015ecoala Post\u00adliceal\u0103 Sanitar\u0103 Piatra-Neam\u0163 are \u00een implementare dou\u0103 proiecte: <em>2021-1-RO01-KA121-VET-000011452<\/em> (1 septembrie 2021-30 noiembrie 2022) \u015fi <em>2022-1-RO01-KA121-VET-000054830<\/em> (1 iunie 2022-31 august 2023), fapt ce reprezint\u0103 reale oportunit\u0103\u0163i pentru elevii \u015fi profesorii \u015fcolii de a beneficia de schimburi de experien\u0163\u0103 \u00een domeniile asisten\u0163ei medicale generale, asisten\u0163ei medicale de farmacie \u015fi managementului educa\u0163ional.<\/p>\n\n\n\n<p>Astfel, \u00een intervalul 20 iunie \u2013 20 iulie 2022 s-a desf\u0103\u015furat selec\u0163ia elevilor din anii I-III, specializ\u0103rile <em>asistent medical de farmacie<\/em> \u015fi <em>asistent medical generalist<\/em>, \u00een vederea particip\u0103rii la stagiile de practic\u0103 de specialitate din cadrul unor clinici din Malaga (Spania). Astfel, un num\u0103r de 36 elevi (26 elevi de la calificarea <em>asistent medical generalist<\/em> \u015fi 10 elevi de la calificarea <em>asistent medical de farmacie<\/em>) vor beneficia de un stagiu clinic cu durata de 4 s\u0103pt\u0103m\u00e2ni, derulat pe dou\u0103 fluxuri de mobilitate: 03 septembrie \u2013 02 octombrie 2022 \u2013 primul flux (18 elevi), respectiv 23 octombrie \u2013 20 noiembrie 2022 \u2013 fluxul al II-lea (18 elevi).<\/p>\n\n\n\n<p>Procesul de selec\u0163ie a constat \u00een urm\u0103toarele probe: testarea competen\u0163elor de specialitate prin sus\u0163inerea a dou\u0103 probe (prob\u0103 practic\u0103 \u015fi prob\u0103 teoretic\u0103), testarea competen\u0163elor lingvistice (limba englez\u0103) \u015fi interviul motiva\u0163ional.<\/p>\n\n\n\n<p>Acest proiect, cu care s-a \u015fi ob\u0163inut acreditarea, vine s\u0103 completeze competen\u0163ele specifice dezvoltate de c\u0103tre elevi \u00een timpul mobilit\u0103\u0163ilor proiectului <em>A Spot of Brightness, 2020-1-RO01-KA102-079272<\/em>, coordonat de \u015ecoala Postliceal\u0103 Sanitar\u0103 Piatra-Neam\u0163 \u015fi implementat \u00een perioada 12 octombrie 2020 \u2013 11 aprilie 2022.<\/p>\n\n\n\n<p>\u00cen cadrul celui de-al doilea proiect, <em>2022-1-RO01-KA121-VET-000054830<\/em>, vor beneficia de stagiul clinic efectuat \u00een str\u0103in\u0103tate 18 elevi, iar 5 cadre didactice vor beneficia de schimburi de experien\u0163\u0103 profesional\u0103 (job shadowing mobility).<\/p>\n\n\n\n<p>Prin aceste proiecte, unitatea \u015fcolar\u0103 vizeaz\u0103 dou\u0103 dintre priorit\u0103\u0163ile propuse prin planul de ac\u0163iune \u015fi anume <em>dezvoltarea unei culturi a calit\u0103\u0163ii la nivelul tuturor compartimentelor \u015fcolii, respectiv armonizarea ofertei educa\u0163ionale cu cerin\u0163ele pie\u0163ei muncii locale, regionale \u015fi europene<\/em>. Ca obiective generale \u00een vederea atingerii \u0163intelor specifice, se urm\u0103re\u015fte \u00eembun\u0103t\u0103\u0163irea capacita\u0163ii de cooperare a \u015fcolii, la nivel interna\u0163ional, prin dezvoltarea unor rela\u0163ii de parteneriat \u015fi cooperare pe termen lung cu unit\u0103\u0163i spitalice\u015fti din alte \u0163\u0103ri europene; dezvoltarea competen\u0163elor profesionale ale echipei de management \u015fi profesorilor\/ mai\u015ftrilor instructori prin participarea la activit\u0103\u0163i de formare interna\u0163ionale \u015fi, nu \u00een ultimul r\u00e2nd, formarea profesional\u0103 continu\u0103 a resurselor umane.<\/p>\n\n\n\n<p><strong><em>Prof dr. Mihai FLOROAIA<\/em><\/strong><\/p>\n","protected":false},"excerpt":{"rendered":"<p>Dup\u0103 ob\u0163inerea acredit\u0103rii Erasmus+ pe domeniul formare profesional\u0103, \u015ecoala Post\u00adliceal\u0103 Sanitar\u0103 Piatra-Neam\u0163 are \u00een implementare dou\u0103 proiecte: 2021-1-RO01-KA121-VET-000011452 (1 septembrie 2021-30 noiembrie 2022) \u015fi 2022-1-RO01-KA121-VET-000054830 (1 iunie 2022-31 august 2023), fapt ce reprezint\u0103 reale oportunit\u0103\u0163i pentru elevii \u015fi profesorii \u015fcolii&hellip;<\/p>\n<p class=\"more-link-p\"><a class=\"more-link\" href=\"http:\/\/www.slineamt.ro\/apostolul\/pasi-spre-europa\/doua-noi-proiecte-cu-finantare-europeana-la-scoala-postliceala-sanitara-piatra-neamt\/\">Read more &rarr;<\/a><\/p>\n","protected":false},"author":1,"featured_media":0,"comment_status":"open","ping_status":"closed","sticky":false,"template":"","format":"standard","meta":{"footnotes":""},"categories":[9,456],"tags":[],"class_list":["post-22935","post","type-post","status-publish","format-standard","hentry","category-pasi-spre-europa","category-numarul-252"],"_links":{"self":[{"href":"http:\/\/www.slineamt.ro\/apostolul\/wp-json\/wp\/v2\/posts\/22935","targetHints":{"allow":["GET"]}}],"collection":[{"href":"http:\/\/www.slineamt.ro\/apostolul\/wp-json\/wp\/v2\/posts"}],"about":[{"href":"http:\/\/www.slineamt.ro\/apostolul\/wp-json\/wp\/v2\/types\/post"}],"author":[{"embeddable":true,"href":"http:\/\/www.slineamt.ro\/apostolul\/wp-json\/wp\/v2\/users\/1"}],"replies":[{"embeddable":true,"href":"http:\/\/www.slineamt.ro\/apostolul\/wp-json\/wp\/v2\/comments?post=22935"}],"version-history":[{"count":1,"href":"http:\/\/www.slineamt.ro\/apostolul\/wp-json\/wp\/v2\/posts\/22935\/revisions"}],"predecessor-version":[{"id":22937,"href":"http:\/\/www.slineamt.ro\/apostolul\/wp-json\/wp\/v2\/posts\/22935\/revisions\/22937"}],"wp:attachment":[{"href":"http:\/\/www.slineamt.ro\/apostolul\/wp-json\/wp\/v2\/media?parent=22935"}],"wp:term":[{"taxonomy":"category","embeddable":true,"href":"http:\/\/www.slineamt.ro\/apostolul\/wp-json\/wp\/v2\/categories?post=22935"},{"taxonomy":"post_tag","embeddable":true,"href":"http:\/\/www.slineamt.ro\/apostolul\/wp-json\/wp\/v2\/tags?post=22935"}],"curies":[{"name":"wp","href":"https:\/\/api.w.org\/{rel}","templated":true}]}}