{"id":2303,"date":"2013-05-04T10:07:54","date_gmt":"2013-05-04T10:07:54","guid":{"rendered":"http:\/\/www.cnrv.ro\/apostolul\/?p=2303"},"modified":"2013-05-04T10:07:54","modified_gmt":"2013-05-04T10:07:54","slug":"un-continuu-dialog-cu-justitia","status":"publish","type":"post","link":"http:\/\/www.slineamt.ro\/apostolul\/ancheta-revistei-apostolul\/un-continuu-dialog-cu-justitia\/","title":{"rendered":"Un continuu dialog cu justi\u0163ia"},"content":{"rendered":"<p>Interviu cu dl. Gabriel Plosc\u0103, pre\u015fedintele Sindicatului din \u00cenv\u0103\u0163\u0103m\u00e2nt Neam\u0163<\/p>\n<p><i>\u2013 N-am mai vorbit de luna trecut\u0103\u2026Nout\u0103\u0163i?<\/i><\/p>\n<p>Preocup\u0103rile noastre din ultimele s\u0103pt\u0103m\u00e2ni au fost legate de dou\u0103 activit\u0103\u0163i foarte importante privind pe de o parte statutul nostru \u015fi, pe de alta parte, respectarea ducerii la \u00eendeplinire a unor hot\u0103r\u00e2ri judec\u0103tore\u015fti. Dup\u0103 cum vede\u0163i suntem \u00eentr-un continuu dialog cu justi\u0163ia\u2026 \u00cen prima, o activitate foarte laborioas\u0103, s-a \u00eentocmit o documenta\u0163ie extrem de complex\u0103, necesar\u0103 pentru ob\u0163inerea reprezentativit\u0103\u0163ii. Mai clar: prin aceast\u0103 ac\u0163iune noi demonstr\u0103m c\u0103 \u00een fiecare unitate \u015fcolar\u0103 suntem reprezentativi, \u00een sensul c\u0103 avem un num\u0103r de membri de sindicat mai mare dec\u00e2t jum\u0103tate plus unu din totalul angaja\u0163ilor din acea unitate \u015fcolar\u0103. \u00cen acest fel, noi putem s\u0103-i reprezent\u0103m pe ace\u015fti colegi ai no\u015ftri la negocierile pentru \u00eencheierea contractelor colective de munc\u0103, \u00een perioada urm\u0103toare. Aceast\u0103 documenta\u0163ie a fost depus\u0103 la Inspectoratul Teritorial de Munc\u0103 Neam\u0163 \u015fi, dup\u0103 ce am primit avizul de acolo, materialele au fost depuse la Judec\u0103torie pentru a primi hot\u0103r\u00e2rea de reprezentativitate.<\/p>\n<p><i>\u2013 Sper\u0103m s\u0103 fie o hot\u0103r\u00e2re de care chiar s\u0103 se \u0163in\u0103 cont. <\/i><\/p>\n<p>A doua activitate \u2013 important\u0103, cred eu, pentru colegii no\u015ftri \u2013a fost legat\u0103 de punerea \u00een practic\u0103 a hot\u0103r\u00e2rilor judec\u0103tore\u015fti. Dup\u0103 cum probabil este cunoscut, \u00een urma revendic\u0103rilor noastre salariale, trimestrial trebuie s\u0103 se acorde un procent din sumele ob\u0163inute prin hot\u0103r\u00e2ri judec\u0103tore\u015fti definitive \u015fi executorii. Spun procente pentru c\u0103 de acum, pe unele dintre hot\u0103r\u00e2ri intr\u0103m cu un procent de 10% e\u015falonat pe patru trimestre, iar pentru altele, care au fost pronun\u0163ate dup\u0103 1 ianuarie 2013, se intr\u0103 cu 5%.<\/p>\n<p><i>\u2013 Nu cred c\u0103, \u00een Rom\u00e2nia tr\u0103ind, lucrurile se desf\u0103\u015foar\u0103 chiar a\u015fa simplu.<\/i><\/p>\n<p>Desigur c\u0103 a trebuit s\u0103 intervenim \u00een c\u00e2teva cazuri \u2013 \u015fi a\u015f exemplifica aici cu \u015fcolile de la Buruiene\u015fti-Dolje\u015fti, cu \u015fcolile de la P\u0103str\u0103veni, unde Consiliile locale nu alocaser\u0103 sumele necesare pentru punerea \u00een practic\u0103 a acestei hot\u0103r\u00e2ri judec\u0103tore\u015fti pe trimestrul I, \u015fi \u00eempinseser\u0103 sumele necesare undeva \u00een trimestrul IV, ceea ce contravine prevederilor legii. Am luat leg\u0103tura cu doamna trezorier \u015fef Elena Stan c\u0103reia \u00eei mul\u0163umesc \u015fi de aceast\u0103 dat\u0103, \u015fi pe aceast\u0103 cale, pentru \u00een\u0163elegere, pentru o colaborare extrem de bun\u0103, verificat\u0103 \u00een timp. Cu ajutorul dumneaei am reu\u015fit s\u0103 dep\u0103\u015fim problemele ap\u0103rute \u00een cazurile enumerate, dar \u015fi \u00een alte c\u00e2teva, astfel \u00eenc\u00e2t \u2013\u00een cazul hot\u0103r\u00e2rilor judec\u0103tore\u015fti \u2013 legea s\u0103 se aplice a\u015fa cum trebuie. Ne propunem ca \u015fi \u00een continuare s\u0103 fim aten\u0163i la semnalele venite din partea colegilor no\u015ftri \u015fi s\u0103 intervenim atunci c\u00e2nd aceste sume nu sunt pl\u0103tite corect.<\/p>\n<p><i>\u2013 P\u00e2n\u0103 la urm\u0103,oric\u00e2t am fi de ideali\u015fti,tot cu bani cump\u0103r\u0103m br\u00e2nza\u2026<\/i><\/p>\n<p>A\u015f mai dori s\u0103 mai spun c\u0103 \u00een ultima vreme ne-am g\u00e2ndit \u015fi am ini\u0163iat \u00eempreun\u0103 cu Inspectoratul \u015ecolar o \u00eent\u00e2lnire cu toate persoanele care au \u00een sarcin\u0103 \u00eentocmirea statelor de plat\u0103 \u00een \u015fcoli, o reuniune \u00een care s\u0103 clarific\u0103m, \u00een mod unitar, anumite lucruri privind modul \u00een care se face calculul salariilor, \u00een special pentru personalul nedidactic. Av\u00e2nd \u00een vedere c\u0103 la aceast\u0103 activitate trebuie s\u0103 participe \u00een mod obligatoriu reprezentan\u0163i ai Inspectoratului Teritorial de munc\u0103, ai Inspectoratului \u015ecolar \u015fi ai Sindicatului din \u00cenv\u0103\u0163\u0103m\u00e2nt, sincronizarea celor trei parteneri este destul de dificil\u0103. Estim\u0103m, totu\u015fi, c\u0103 aceast\u0103 \u00eentrunire se va produce p\u00e2n\u0103 la sf\u00e2r\u015fitul lunii aprilie \u015fi c\u0103 va avea rezultatele scontate.<\/p>\n<p><i>\u2013 Priorit\u0103\u0163i?<\/i><\/p>\n<p>\u00cen perioada imediat urm\u0103toare, vom avea \u00een aten\u0163ie, de asemenea, desf\u0103\u015furarea concursului pentru ob\u0163inerea grada\u0163iilor de merit. Vom fi prezen\u0163i efectiv la toate etapele acestui concurs \u015fi sper\u0103m ca lucrurile s\u0103 decurg\u0103 c\u00e2t mai corect: At\u00e2t de corect \u00eenc\u00e2t, chiar dac\u0103 vom avea mai mul\u0163i nemul\u0163umi\u0163i, s\u0103 avem c\u00e2t mai pu\u0163ine contesta\u0163ii.<\/p>\n<p>&nbsp;<\/p>\n<p>A consemnat Mircea ZAHARIA<\/p>\n<p>&nbsp;<\/p>\n","protected":false},"excerpt":{"rendered":"<p>Interviu cu dl. Gabriel Plosc\u0103, pre\u015fedintele Sindicatului din \u00cenv\u0103\u0163\u0103m\u00e2nt Neam\u0163 \u2013 N-am mai vorbit de luna trecut\u0103\u2026Nout\u0103\u0163i? Preocup\u0103rile noastre din ultimele s\u0103pt\u0103m\u00e2ni au fost legate de dou\u0103 activit\u0103\u0163i foarte importante privind pe de o parte statutul nostru \u015fi, pe de&hellip;<\/p>\n<p class=\"more-link-p\"><a class=\"more-link\" href=\"http:\/\/www.slineamt.ro\/apostolul\/ancheta-revistei-apostolul\/un-continuu-dialog-cu-justitia\/\">Read more &rarr;<\/a><\/p>\n","protected":false},"author":1,"featured_media":0,"comment_status":"closed","ping_status":"closed","sticky":false,"template":"","format":"standard","meta":{"footnotes":""},"categories":[20,44],"tags":[],"class_list":["post-2303","post","type-post","status-publish","format-standard","hentry","category-ancheta-revistei-apostolul","category-numarul-154"],"_links":{"self":[{"href":"http:\/\/www.slineamt.ro\/apostolul\/wp-json\/wp\/v2\/posts\/2303","targetHints":{"allow":["GET"]}}],"collection":[{"href":"http:\/\/www.slineamt.ro\/apostolul\/wp-json\/wp\/v2\/posts"}],"about":[{"href":"http:\/\/www.slineamt.ro\/apostolul\/wp-json\/wp\/v2\/types\/post"}],"author":[{"embeddable":true,"href":"http:\/\/www.slineamt.ro\/apostolul\/wp-json\/wp\/v2\/users\/1"}],"replies":[{"embeddable":true,"href":"http:\/\/www.slineamt.ro\/apostolul\/wp-json\/wp\/v2\/comments?post=2303"}],"version-history":[{"count":0,"href":"http:\/\/www.slineamt.ro\/apostolul\/wp-json\/wp\/v2\/posts\/2303\/revisions"}],"wp:attachment":[{"href":"http:\/\/www.slineamt.ro\/apostolul\/wp-json\/wp\/v2\/media?parent=2303"}],"wp:term":[{"taxonomy":"category","embeddable":true,"href":"http:\/\/www.slineamt.ro\/apostolul\/wp-json\/wp\/v2\/categories?post=2303"},{"taxonomy":"post_tag","embeddable":true,"href":"http:\/\/www.slineamt.ro\/apostolul\/wp-json\/wp\/v2\/tags?post=2303"}],"curies":[{"name":"wp","href":"https:\/\/api.w.org\/{rel}","templated":true}]}}