{"id":2305,"date":"2013-05-04T10:09:08","date_gmt":"2013-05-04T10:09:08","guid":{"rendered":"http:\/\/www.cnrv.ro\/apostolul\/?p=2305"},"modified":"2013-05-04T10:09:08","modified_gmt":"2013-05-04T10:09:08","slug":"conferinta-de-lansare-a-proiectului-promovarea-prin-activitati-inovatoare-a-egalitatii-de-sanse-si-de-gen-in-cadrul-organizatiilor-partenerilor-sociali-cu-accent-pe-institutiile-de-educatie","status":"publish","type":"post","link":"http:\/\/www.slineamt.ro\/apostolul\/viata-sindicala-imperative\/conferinta-de-lansare-a-proiectului-promovarea-prin-activitati-inovatoare-a-egalitatii-de-sanse-si-de-gen-in-cadrul-organizatiilor-partenerilor-sociali-cu-accent-pe-institutiile-de-educatie\/","title":{"rendered":"Conferin\u021ba de lansare a proiectului \u201ePromovarea prin activit\u0103\u0163i inovatoare a egalit\u0103\u0163ii de \u015fanse \u015fi de gen \u00een cadrul organiza\u0163iilor partenerilor sociali, cu accent pe institu\u0163iile de educa\u0163ie\u201d \u2013 Piatra Neam\u0163, 20 mai 2011"},"content":{"rendered":"<p><a href=\"http:\/\/www.cnrv.ro\/apostolul\/wp-content\/uploads\/img2.jpg\"><img loading=\"lazy\" decoding=\"async\" class=\"alignright size-medium wp-image-2222\" alt=\"img2\" src=\"http:\/\/www.cnrv.ro\/apostolul\/wp-content\/uploads\/img2-300x159.jpg\" width=\"300\" height=\"159\" \/><\/a>Deschiderea conferin\u0163ei a fost realizat\u0103 de <b>dl Gabriel Plosc\u0103, Pre\u015fedinte al Sindicatului Liber al Lucr\u0103torilor din \u00cenv\u0103\u0163\u0103m\u00e2nt \u015fi Cercetare \u015etiin\u0163ific\u0103 Neam\u0163<\/b>, <b>manager de proiect<\/b>, care a mul\u0163umit participan\u0163ilor pentru prezen\u0163a lor \u015fi a prezentat persoanele care vor lua cuv\u00e2ntul pe parcursul conferin\u0163ei.<\/p>\n<p>\u00cen continuare dna <b>Ioana Andorean<\/b>, reprezentantul OIR POSDRU Nord \u2013 Est, a prezentat stadiul implement\u0103rii POSDRU 2007-2013 la nivelul OIRPOSDRU Nord \u2013 Est \u00een anul 2010. S-au prezentat principalele axe \u015fi domenii majoritare de interven\u0163ie, precum \u015fi num\u0103rul de proiecte finan\u0163ate, situa\u0163ia prefinan\u0163\u0103rilor \u015fi a ramburs\u0103rilor.<\/p>\n<p>Dup\u0103 interven\u0163ia dnei Andorean<b>, dl Gabriel Plosc\u0103<\/b>, managerul de proiect, a prezentat con\u0163inutul, obiectivele \u015fi activit\u0103\u0163ile proiectului <b>\u201e<\/b>Promovarea prin activit\u0103\u0163i inovatoare a egalit\u0103\u0163ii de \u015fanse \u015fi de gen \u00een cadrul organiza\u0163iilor partenerilor sociali, cu accent pe institu\u0163iile de educa\u0163ie\u201d.<\/p>\n<p>Proiectul are ca obiectiv general cre\u015fterea gradului de con\u015ftientizare asupra principiului egalit\u0103\u0163ii de \u015fanse \u015fi de gen \u00een cadrul societ\u0103\u0163ii civile, prin contribu\u0163ia adus\u0103 la acest proces de partenerii sociali. Ca obiective specifice proiectul \u00ee\u015fi propune s\u0103 evalueze situa\u0163ia egalit\u0103\u0163ii de \u015fanse \u015fi de gen la nivel european \u015fi na\u0163ional, informarea \u015fi cre\u015fterea con\u015ftientiz\u0103rii privind egalitatea de gen \u015fi de \u015fanse \u00een r\u00e2ndul partenerilor sociali \u015fi \u00een institu\u0163iile de educa\u0163ie de la nivelul a trei regiuni de dezvoltare, facilitarea accesului la transferul european de bune practici \u00een domeniu. Grupul \u0163int\u0103 direct al proiectului este reprezentat de: personalul autorit\u0103\u0163ilor publice centrale \u015fi locale, personalul organiza\u0163iilor societ\u0103\u0163ii civile, personalul partenerilor sociali, exper\u0163i mass-media, femei. Proiectul este implementat de c\u0103tre Sindicatului Liber al Lucr\u0103torilor din \u00cenv\u0103\u0163\u0103m\u00e2nt \u015fi Cercetare \u015etiin\u0163ific\u0103 Neam\u0163 \u00een parteneriat cu Federa\u0163ia Sindicatelor Libere din \u00cenv\u0103\u0163\u0103m\u00e2nt (F.S.L.I.), Uniunea Jude\u0163ean\u0103 a Sindicatelor Libere din \u00cenv\u0103\u0163\u0103m\u00e2nt Bistri\u0163a N\u0103s\u0103ud, Fundaci\u00f3n para el Estudio y Desarrollodel Este de Madrid \u2013 Funda\u0163ia pentru Studiul \u015fi Dezvoltarea regiunii de est a Madridului\/ Fundacion ESTE, EFAL \u2013 EnteFormazioneAddestramentoLavoratori (Asociatia de Formare a Lucr\u0103torilor din Italia), TILS Rom\u00e2nia SRL, CamporlecchioEducational. Beneficiarul \u00eempreun\u0103 cu cei 6 parteneri vor realiza urm\u0103toarele activit\u0103\u0163i:<\/p>\n<p>* Organizarea a trei ateliere de lucru<\/p>\n<p>* Crearea unei platforme multi-regionale de comunicare accesibil\u0103 partenerilor sociali, institu\u0163iilor de educa\u0163ie \u015fi autorit\u0103\u0163ilor publice si locale<\/p>\n<p>* Elaborarea unui \u201eGhid pentru egalitatea de \u015fanse \u015fi de gen \u00een Rom\u00e2nia\u201d<\/p>\n<p>* Program pentru informarea \u015fi cre\u015fterea con\u015ftientiz\u0103rii privind egalitatea de gen \u015fi de \u015fanse \u00een r\u00e2ndul personalului partenerilor sociali<\/p>\n<p>* Transferul european de bune practici \u00een domeniul egalit\u0103\u0163ii de \u015fanse \u015fi de gen<a href=\"http:\/\/www.cnrv.ro\/apostolul\/wp-content\/uploads\/img1.jpg\"><img loading=\"lazy\" decoding=\"async\" class=\"alignright size-medium wp-image-2221\" alt=\"SAMSUNG DIGITAL MOVIE\" src=\"http:\/\/www.cnrv.ro\/apostolul\/wp-content\/uploads\/img1-300x168.jpg\" width=\"300\" height=\"168\" \/><\/a>.<\/p>\n<p>\u00cen continuare <b>dl Simion H\u0103ncescu<\/b>, pre\u015fedintele partenerului 1- Federa\u0163ia Sindicatelor Libere din \u00cenv\u0103\u0163\u0103m\u00e2nt (F.S.L.I.). Domnul H\u0103ncescu a f\u0103cut un scurt istoric al organiza\u0163iei pe care o reprezint\u0103 \u015fi a obiectivelor, trec\u00e2nd \u00een revist\u0103 principalele ac\u0163iuni realizate de FSLI de-a lungul anilor \u00een domeniul sindical. De asemenea dl H\u0103ncescu a \u0163inut s\u0103 precizeze c\u0103 \u015fi federa\u0163ia pe care o reprezint\u0103 este beneficiarul unui proiect strategic finan\u0163at prin acest mecanism \u015fi sper\u0103 ca experien\u0163a dob\u00e2ndit\u0103 va fi de folos \u00een acest proiect.<\/p>\n<p>Urm\u0103toarea interven\u0163ie a apar\u0163inut dnei <b>Ileana Georgescu<\/b> din partea Inspectoratului \u015ecolar al jude\u0163ului Neam\u0163, care a declarat c\u0103 inspectoratul va oferi acestui proiect tot sprijinul. Dna Georgescu a subliniat faptul c\u0103 obiectivele proiectului sunt \u00een deplin\u0103 concordan\u0163\u0103 cu cele ale organiza\u0163iei pe care o reprezint\u0103 \u015fi sper\u0103 ca la sf\u00e2r\u015fitul acestui proiect s\u0103 putem spune c\u0103 am identificat problemele existente \u00een sistem, lucru ce ne va orienta \u00een procesul de solu\u0163ionare.<\/p>\n<p><b>Ioan Duicu <\/b>a realizat o scurt\u0103 prezentare a partenerului 2 \u2013 Uniunea Jude\u0163ean\u0103 a Sindicatelor din \u00cenv\u0103\u0163\u0103m\u00e2nt Bistri\u0163a N\u0103s\u0103ud, structur\u0103 sindical\u0103 constituit\u0103 \u00een anul 1990 ce cuprinde 412 unit\u0103\u0163i de \u00eenv\u0103\u0163\u0103m\u00e2nt din totalul de 413 din jude\u0163ul Bistri\u0163a (gradul de sindicalizare \u00een acest jude\u0163 fiind de 86%). Activit\u0103\u0163ile realizate de c\u0103tre UJSLI BN pot fi \u00eemp\u0103r\u0163ite \u00een urm\u0103toarele categorii: Organizare, eviden\u0163\u0103, informare \u015fi formare, Participarea la conflictele de interese, Solu\u0163ionarea conflictelor de drepturi, Contribu\u0163ii la \u00eembun\u0103t\u0103\u0163irea legisla\u0163iei din domeniul \u00eenv\u0103\u0163\u0103m\u00e2ntului \u015fi din domeniul sindical, Participarea la comisii \u015fi C.A.<\/p>\n<p>\u00cen continuare a venit r\u00e2ndul partenerilor spanioli \u2013 Fundaci\u00f3n para el Estudio y Desarrollodel Este de Madrid (Fundaci\u00f3n ESTE), reprezenta\u0163i prin <b>Maria Cruz Torrijos Garcia. <\/b>Fundaci\u00f3n ESTE este o organiza\u0163ie fondat\u0103 de membri ai patronatului \u015fi reprezint\u0103 mai mult de 40 de ora\u015fe din Regiunea de Est a Madridului. Obiectivele acestei funda\u0163ii constau \u00een identificarea \u015fi studierea nevoilor popula\u0163iei din regiune \u015fi contribuirea la dezvoltarea economic\u0103 \u015fi social\u0103 a zonei. Proiectele realizate p\u00e2n\u0103 \u00een acest moment au tratat subiecte precum: dezvoltarea \u015fi crearea de locuri de munc\u0103, integrarea imigran\u0163ilor (majoritatea dintre ei fiind rom\u00e2ni). Un proiect special realizat de partenerii spanioli a fost \u201eZiua Rom\u00e2niei\u201d \u015fi a avut ca obiective: integrarea copiilor rom\u00e2ni \u00een \u015fcoli, accesul femeilor la noile tehnologii \u00een vederea facilit\u0103rii angaj\u0103rii, acces la cursuri de formare profesional\u0103 pentru adolescen\u0163i \u015fi tineri, precum \u015fi organizarea unor reuniuni \u015fi a unui concurs de talente artistice pentru a \u00eencuraja \u015fi dezvolta procesul de cunoa\u015ftere \u00eentre spanioli \u015fi rom\u00e2ni.<b><\/b><\/p>\n<p><b>Marco Boleo, <\/b>reprezentantul EFAL \u2013 EnteFormazioneAddestramentoLavoratori, a descris situa\u0163ia din Italia \u015fi a prezentat organiza\u0163ia din care face parte. EFAL este o structur\u0103 bazat\u0103 pe principiul subsidiarit\u0103\u0163ii, iar activitatea sa este condi\u0163ionat\u0103 de Movimento Cristiano Lavoratori<\/p>\n<p>(MCL)- o mi\u015fcare de promovare a drepturilor sociale fondat\u0103 \u00een urm\u0103 cu 40 de ani. Pe parcursul anilor MCL a deschis sedii \u00een majoritatea regiunilor \u00een care se afl\u0103 lucr\u0103tori italieni \u015fi \u00een prezent de\u0163ine 80 de sedii \u00een Italia, dar \u015fi \u00een plan interna\u0163ional dintre care unul la Bucure\u015fti \u015fi unul la Chi\u015fin\u0103u. MCL \u015fi implicit EFAL activeaz\u0103 \u00een direc\u0163ia promov\u0103rii dialogului social, societ\u0103\u0163ii deschise, egalit\u0103\u0163ii de \u015fanse, integr\u0103rii imigran\u0163ilor, conceptului de welfare \u015fi crearea unei re\u0163ele de dezvoltare la nivel interna\u0163ional.<\/p>\n<p>\u00cen \u00eencheierea acestei prime p\u0103r\u0163i a conferin\u0163ei, <b>Cristina Militaru,<\/b>a prezentat ultimii doi parteneri TILS Rom\u00e2nia SRL \u015fi CamporlecchioEducational. At\u00e2t TILS Rom\u00e2nia SRL c\u00e2t \u015fi CamporlecchioEducational fac parte dintr-un grup italian relativ nou creat numit AMBER. Activitatea celor dou\u0103 organiza\u0163ii este orientat\u0103 \u00een direc\u0163ia proiect\u0103rii \u015fi implement\u0103rii de proiecte \u00een aria dezvolt\u0103rii resurselor umane, consiliere \u00een accesarea fondurilor europene \u015fi expertiz\u0103 \u00een Responsabilitate Social\u0103 \u00centreprinderilor \u015fi formare profesional\u0103 continu\u0103. TILS Romania particip\u0103 ca \u015fi partener in implementarea a 5 proiecte strategice si 1 regional \u015fi e implicat\u0103, prin acordarea de asistenta tehnica societ\u0103\u0163ilor din Grupul Amber International intr-un proiect strategic, 5 proiecte regionale \u015fi 2 proiecte europene. Cea mai mare parte a proiectelor \u00een care TILS Romania este implicat\u0103 sunt finan\u0163ate prin Programului Opera\u0163ional Sectorial pentru Dezvoltarea Resurselor Umane (POSDRU), iar principalele arii tematice privesc \u00eembun\u0103t\u0103\u0163irea sistemului Form\u0103rii Profesionale Continue, Responsabilitatea Sociala a \u00centreprinderilor \u015fi dezvoltarea antreprenorialului \u015fi a economiei Sociale.<\/p>\n<p>Ce-a de-a doua parte a conferin\u0163ei a debutat cu prezentarea situa\u0163iei actuale a egalit\u0103\u0163ii de gen \u015fi de \u015fanse \u00een r\u00e2ndul partenerilor sociali \u015fi \u00een institu\u0163iile de educa\u0163ie \u00een Rom\u00e2nia \u015fi a structurii egalit\u0103\u0163ii de \u015fanse la nivel na\u0163ional \u015fi jude\u0163ean de c\u0103tre <b>Ana Costin,<\/b> reprezentant COJES. Dna Ana Costin a subliniat faptul c\u0103 de\u015fi inegalit\u0103\u0163ile \u00eenc\u0103 exist\u0103, \u0163ara noastr\u0103 a f\u0103cut progrese semnificative \u00een ultimele decenii \u00een aria egalit\u0103\u0163ii \u00eentre femei \u015fi b\u0103rba\u0163i. Aceasta se datoreaz\u0103 \u00een principal legisla\u0163iei \u00een domeniu nediscrimin\u0103rii, integr\u0103rii dimensiunii egalit\u0103\u0163ii de gen \u015fi m\u0103surilor specifice pentru avansarea femeilor. De asemenea combaterea discrimin\u0103rii de gen este condi\u0163ionat\u0103 de existen\u0163a unui sistem educativ favorabil egalit\u0103\u0163ii de \u015fanse \u015fi dezvolt\u0103rii personale a individului a c\u0103ror traiectorii sunt influen\u0163ate de factori de socializare printre care \u015fcoala ocup\u0103 un rol important pentru ca al\u0103turi de familie reprezint\u0103 \u00een fapt principalii formatori de opinii, atitudini \u015fi mentalit\u0103\u0163i ale tinerei genera\u0163ii.<\/p>\n<p>\u00cen continuare a luat cuv\u00e2ntul un al doilea reprezentant al Sindicatului Liber al Lucr\u0103torilor din \u00cenv\u0103\u0163\u0103m\u00e2nt \u015fi Cercetare \u015etiin\u0163ific\u0103 Neam\u0163<b>, Grigore Gabriela<\/b>. Amintind de dictonul \u201eSoarele str\u0103luce\u015fte pentru to\u0163i\u201d, dna Gabriela Grigore a subliniat imperativul \u015fansei la o educa\u0163ie de calitate pe care to\u0163i copiii ar trebui s\u0103 o aib\u0103 indiferent de gen, etnie, limb\u0103, religie, dezabilitate sau boal\u0103. \u00cembun\u0103t\u0103\u0163irea incluziunii \u015fcolare este condi\u0163ionat\u0103 de trei factori majori: profesionalizarea cadrelor didactice care se traduce \u00een factorul pedagogic, factorul social \u015fi cel legislativ-administrativ.<\/p>\n<p>\u00cen acela\u015fi spirit al \u015fansei egale la educa\u0163ie de calitate \u015fi incluziune social\u0103, dna <b>Dorina Mormocea<\/b>, director al Colegiului Na\u0163ional de Informatic\u0103 Piatra Neam\u0163 \u015fi dna <b>Daniela Coman<\/b>, director al Asocia\u0163iei de Sprijin a Copiilor cu Nevoi Speciale \u201eLuceaf\u0103rul\u201d au prezentat un exemplu de bun\u0103 practic\u0103. \u00cen vederea integr\u0103rii sociale a copiilor cu dizabilit\u0103\u0163i mintale, elevii CN de Informatic\u0103 Neam\u0163 au elaborat o platform\u0103 de e-learning \u015fi au furnizat cursuri de formare copiilor din Asocia\u0163ia Luceaf\u0103rul. Platforma este unic\u0103 \u00een Rom\u00e2nia \u015fi poate fi folosit\u0103 nu numai de c\u0103tre copiii cu dizabilit\u0103\u0163i ci de to\u0163i pre\u015fcolarii.<\/p>\n<p><b>Maria Cruz Torrijos Garcia, <\/b>reprezentanta Fundacion ESTE, a prezentat \u00een continuare cadrul legislativ spaniol cu privire la tema egalit\u0103\u0163ii de \u015fanse. Legile din Spania sunt centrate pe probleme ca: accesul femeilor la via\u0163a economic\u0103, politic\u0103 \u015fi social\u0103, maltratare \u015fi violen\u0163\u0103 domestic\u0103, reconcilierea vie\u0163ii profesionale cu via\u0163a de familie. Maria Cruz a subliniat faptul c\u0103 egalitatea se \u00eenva\u0163\u0103 la fel ca \u015fi inegalitatea, prin urmare miza cea mai important\u0103 este descoperirea modalit\u0103\u0163ilor de \u00eenv\u0103\u0163are a egalit\u0103\u0163ii. De asemenea accentul ar trebui pus pe educarea copiilor \u015fi implicit a cadrelor didactice, care trebuie s\u0103 \u00eenve\u0163e cum s\u0103 elaboreze \u015fi s\u0103 aplice la clas\u0103 instrumente de predare a egalit\u0103\u0163ii de \u015fanse. O alt\u0103 m\u0103sur\u0103 care ar putea fi luat\u0103 se refer\u0103 la eliminarea diferen\u0163elor sexiste cu privire la juc\u0103rii. Trebuie s\u0103 dep\u0103\u015fim stereotipul \u201e ma\u015finu\u0163ele sunt pentru b\u0103ie\u0163i, iar p\u0103pu\u015file pentru fete\u201d. O alt\u0103 direc\u0163ie important\u0103 este aceea a diversific\u0103rii muncii, \u00eencercarea de a deschide accesul femeilor la meserii care sunt prin tradi\u0163ie masculine. \u00cen acest sens Maria Cruz a dat-o exemplu pe Mercedes Reina, prima femeie po\u015fta\u015f din Spania.<\/p>\n<p><b>Vincenzina Zanetti, <\/b>reprezentanta EFAL<b>, <\/b>a prezentat la r\u00e2ndul s\u0103u legisla\u0163ia italian\u0103 \u00een domeniul egalit\u0103\u0163ii de \u015fanse remarc\u00e2nd c\u0103 Spania \u015fi Italia sunt asem\u0103n\u0103toare \u00een aceast\u0103 privin\u0163\u0103. Un exemplu de bun\u0103 practic\u0103 este reprezentat de discriminarea pozitiv\u0103 a femeilor care \u00ee\u015fi deschid propria afacere. Procentul de \u00eencadrare a femeilor pe pia\u0163a muncii este unul destul de bun, respectiv 45%, \u00een condi\u0163iile \u00een care strategia european\u0103 propunea un procent de 60%. Multe dintre femeile lucr\u0103toare, p\u0103r\u0103sesc locul de munc\u0103 pentru a avea grij\u0103 de copiii sau b\u0103tr\u00e2nii casei. \u00een prezent guvernul italian a realizat \u00eempreun\u0103 cu Ministerul Muncii, Educa\u0163iei \u015fi cel al Egalit\u0103\u0163ii de \u015fanse Strategia italian\u0103 2020 ce oglinde\u015fte Europa 2020. Aceast\u0103 strategie este orientat\u0103 \u00een direc\u0163ia integr\u0103rii femeilor pe pia\u0163a muncii \u015fi vizeaz\u0103 \u00een principal crearea unor structuri care s\u0103 ajute femeile care sunt mame (spre ex: dezvoltarea unui num\u0103r semnificativ de cre\u015fe) \u015fi acordarea de ajutoare familiilor cu copii. EFAL a implementat o serie de proiecte \u00een aceast\u0103 arie a egalit\u0103\u0163ii de \u015fanse \u015fi de gen, dintre care au fost amintite: <i>B\u0103rba\u0163i \u015fi ta\u0163i<\/i> \u015fi <i>Reconcilierea vie\u0163ii profesionale cu via\u0163a de familie.<\/i><\/p>\n<p>Dup\u0103 interven\u0163ia Vincenzinei Zanetti, domnul <b>Gabriel Plosc\u0103<\/b> a \u00eencheiat conferin\u0163a de lansare a proiectului mul\u0163umindu-le tuturor celor prezen\u0163i pentru interesul deosebit demonstrat pentru aceast\u0103 problematic\u0103 \u015fi subliniind faptul c\u0103 \u00een direc\u0163ia egalit\u0103\u0163ii de \u015fanse \u015fi de gen exist\u0103 \u00eentotdeauna loc de mai mult efort, ac\u0163iuni \u015fi ini\u0163iative.<\/p>\n","protected":false},"excerpt":{"rendered":"<p>Deschiderea conferin\u0163ei a fost realizat\u0103 de dl Gabriel Plosc\u0103, Pre\u015fedinte al Sindicatului Liber al Lucr\u0103torilor din \u00cenv\u0103\u0163\u0103m\u00e2nt \u015fi Cercetare \u015etiin\u0163ific\u0103 Neam\u0163, manager de proiect, care a mul\u0163umit participan\u0163ilor pentru prezen\u0163a lor \u015fi a prezentat persoanele care vor lua cuv\u00e2ntul pe&hellip;<\/p>\n<p class=\"more-link-p\"><a class=\"more-link\" href=\"http:\/\/www.slineamt.ro\/apostolul\/viata-sindicala-imperative\/conferinta-de-lansare-a-proiectului-promovarea-prin-activitati-inovatoare-a-egalitatii-de-sanse-si-de-gen-in-cadrul-organizatiilor-partenerilor-sociali-cu-accent-pe-institutiile-de-educatie\/\">Read more &rarr;<\/a><\/p>\n","protected":false},"author":1,"featured_media":0,"comment_status":"closed","ping_status":"closed","sticky":false,"template":"","format":"standard","meta":{"footnotes":""},"categories":[11,44],"tags":[],"class_list":["post-2305","post","type-post","status-publish","format-standard","hentry","category-viata-sindicala-imperative","category-numarul-154"],"_links":{"self":[{"href":"http:\/\/www.slineamt.ro\/apostolul\/wp-json\/wp\/v2\/posts\/2305","targetHints":{"allow":["GET"]}}],"collection":[{"href":"http:\/\/www.slineamt.ro\/apostolul\/wp-json\/wp\/v2\/posts"}],"about":[{"href":"http:\/\/www.slineamt.ro\/apostolul\/wp-json\/wp\/v2\/types\/post"}],"author":[{"embeddable":true,"href":"http:\/\/www.slineamt.ro\/apostolul\/wp-json\/wp\/v2\/users\/1"}],"replies":[{"embeddable":true,"href":"http:\/\/www.slineamt.ro\/apostolul\/wp-json\/wp\/v2\/comments?post=2305"}],"version-history":[{"count":0,"href":"http:\/\/www.slineamt.ro\/apostolul\/wp-json\/wp\/v2\/posts\/2305\/revisions"}],"wp:attachment":[{"href":"http:\/\/www.slineamt.ro\/apostolul\/wp-json\/wp\/v2\/media?parent=2305"}],"wp:term":[{"taxonomy":"category","embeddable":true,"href":"http:\/\/www.slineamt.ro\/apostolul\/wp-json\/wp\/v2\/categories?post=2305"},{"taxonomy":"post_tag","embeddable":true,"href":"http:\/\/www.slineamt.ro\/apostolul\/wp-json\/wp\/v2\/tags?post=2305"}],"curies":[{"name":"wp","href":"https:\/\/api.w.org\/{rel}","templated":true}]}}