{"id":23067,"date":"2022-09-20T14:03:40","date_gmt":"2022-09-20T14:03:40","guid":{"rendered":"http:\/\/www.slineamt.ro\/apostolul\/?p=23067"},"modified":"2022-09-20T14:03:40","modified_gmt":"2022-09-20T14:03:40","slug":"corina-grigoras-nu-mi-e-frica-de-nimic-imi-place-pe-scena","status":"publish","type":"post","link":"http:\/\/www.slineamt.ro\/apostolul\/arte-si-meseriii\/corina-grigoras-nu-mi-e-frica-de-nimic-imi-place-pe-scena\/","title":{"rendered":"Corina Grigora\u015f: Nu mi-e fric\u0103 de nimic, \u00eemi place pe scen\u0103"},"content":{"rendered":"<div class=\"wp-block-image\">\n<figure class=\"alignleft size-full\"><a href=\"http:\/\/www.slineamt.ro\/apostolul\/wp-content\/uploads\/2022\/09\/21-ap253-foto1.jpg\"><img loading=\"lazy\" decoding=\"async\" width=\"369\" height=\"293\" src=\"http:\/\/www.slineamt.ro\/apostolul\/wp-content\/uploads\/2022\/09\/21-ap253-foto1.jpg\" alt=\"\" class=\"wp-image-23068\" srcset=\"http:\/\/www.slineamt.ro\/apostolul\/wp-content\/uploads\/2022\/09\/21-ap253-foto1.jpg 369w, http:\/\/www.slineamt.ro\/apostolul\/wp-content\/uploads\/2022\/09\/21-ap253-foto1-300x238.jpg 300w, http:\/\/www.slineamt.ro\/apostolul\/wp-content\/uploads\/2022\/09\/21-ap253-foto1-260x206.jpg 260w, http:\/\/www.slineamt.ro\/apostolul\/wp-content\/uploads\/2022\/09\/21-ap253-foto1-160x127.jpg 160w\" sizes=\"auto, (max-width: 369px) 100vw, 369px\" \/><\/a><\/figure>\n<\/div>\n\n\n<p><em>\u2013 Dup\u0103 ce ai terminat liceul ai f\u0103cut ASE-ul, apoi facultatea de actorie. Ce te-a determinat s\u0103 schimbi traseul?<\/em><\/p>\n\n\n\n<p>\u2013 ASE-ul nu a fost ceva dorit, a fost o urmare fireasc\u0103 a patru ani de mate-fizic\u0103, a fost lipsa unui program de orientare profesional\u0103 \u015fi credin\u0163a c\u0103 e singura facultate \u00een urma c\u0103reia exist\u0103 \u015fansa s\u0103 realizezi ceva \u00een via\u0163\u0103. De fapt gre\u015fesc, mai erau \u015fi dreptul \u015fi medicina. Eu aveam a\u015fa un os artistic \u00een mine, \u00eemi pl\u0103cea s\u0103 desenez, s\u0103 c\u00e2nt, voiam mai degrab\u0103 s\u0103 citesc dec\u00e2t s\u0103 rezolv probleme la fizic\u0103, iubeam s\u0103 merg la teatru. ASE-ul a fost, de fapt, devia\u0163ia de la traseu. Sau poate nu de la traseu, ci de la mine, de la ceea ce eram eu. De\u015fi recunosc c\u0103 mi-a pl\u0103cut \u015fi matematica, dar ea e oricum foarte apropiat\u0103 de art\u0103. Mai pe scurt, am g\u0103sit \u00een teatru ceva ce f\u0103ceam cu pasiune, cu pl\u0103cere.<\/p>\n\n\n\n<p><em>\u2013 Cum a fost debutul pe scena TT? Te-ai integrat u\u015for \u00een trup\u0103?<\/em><\/p>\n\n\n\n<p>\u2013 Debutul a fost cu emo\u0163ii imen\u00adse. Aveam pantofi cu toc \u015fi m\u0103 temeam c\u0103 o s\u0103 mi se \u00eent\u00e2mple ceva, c\u0103 o s\u0103-mi rup un toc, o s\u0103 cad pe scen\u0103 \u015fi o s\u0103 m\u0103 fac de r\u00e2s. Sau c\u0103 o s\u0103 m\u0103 blochez \u015fi o s\u0103 r\u0103m\u00e2n \u00eempietrit\u0103 \u00een fa\u0163a publicului, ca un copil de gr\u0103dini\u0163\u0103, la serbare. N-a fost a\u015fa, m-am sim\u0163it minunat. C\u00e2t despre integrarea \u00een trup\u0103, \u00eemi place s\u0103 cred c\u0103 da, m-am integrat u\u015for.<\/p>\n\n\n<div class=\"wp-block-image\">\n<figure class=\"alignright size-full\"><a href=\"http:\/\/www.slineamt.ro\/apostolul\/wp-content\/uploads\/2022\/09\/21-ap253-foto2.jpg\"><img loading=\"lazy\" decoding=\"async\" width=\"353\" height=\"529\" src=\"http:\/\/www.slineamt.ro\/apostolul\/wp-content\/uploads\/2022\/09\/21-ap253-foto2.jpg\" alt=\"\" class=\"wp-image-23069\" srcset=\"http:\/\/www.slineamt.ro\/apostolul\/wp-content\/uploads\/2022\/09\/21-ap253-foto2.jpg 353w, http:\/\/www.slineamt.ro\/apostolul\/wp-content\/uploads\/2022\/09\/21-ap253-foto2-200x300.jpg 200w, http:\/\/www.slineamt.ro\/apostolul\/wp-content\/uploads\/2022\/09\/21-ap253-foto2-260x390.jpg 260w, http:\/\/www.slineamt.ro\/apostolul\/wp-content\/uploads\/2022\/09\/21-ap253-foto2-160x240.jpg 160w\" sizes=\"auto, (max-width: 353px) 100vw, 353px\" \/><\/a><\/figure>\n<\/div>\n\n\n<p><em>\u2013 De 11 ani e\u015fti la TT. E mult? Pu\u0163in? Cum sim\u0163i timpul care a trecut? Regre\u0163i ceva?<\/em><\/p>\n\n\n\n<p>\u2013 C\u00e2nd zic 11, mi se pare mult, da. Dar, altfel, nu \u015ftiu c\u00e2nd au trecut anii \u0103\u015ftia. Poate asta m\u0103 sperie, c\u0103 au trecut 11 ani ca fulgerul. Asta e de bine, nu? \u00censeamn\u0103 c\u0103 au fost plini \u015fi datorit\u0103 acestui fapt n-am resim\u0163it trecerea timpului. Nu cred c\u0103 regret nimic. Poate doar c\u0103 au fost spectacole \u00een care mi-ar fi pl\u0103cut s\u0103 joc \u015fi n-a fost s\u0103 fie. Dar asta face parte din meserie.<\/p>\n\n\n\n<p><em>\u2013 Ce spectacole \u00een care ai jucat sim\u0163i c\u0103 au contribuit mult la formarea ta? Te-au modelat, inspirat, transformat\u2026<\/em><\/p>\n\n\n\n<p>\u2013 Toate spectacolele au contribuit la formarea mea. \u015ei cele cu \u201ea\u015fa da\u201d \u015fi cele cu \u201ea\u015fa nu\u201d \u015fi chiar \u015fi cele \u00een care nu am jucat, pe care le-am v\u0103zut din sal\u0103.<\/p>\n\n\n\n<p><em>\u2013 Exist\u0103 vreun personaj care te-a chinuit, pe parcursul repeti\u0163iilor? Sau care \u0163i-a fost antipatic ini\u0163ial?<\/em><\/p>\n\n\n\n<p>\u2013 M-a chinuit televizorul din \u201eOAU!\u201d, c\u0103 nu reu\u015feam s\u0103 intru pe timp. Glumesc. Nu-mi amintesc s\u0103-mi fi fost antipatic vreun personaj. Iar de chinuit, toate m\u0103 chinuie, p\u00e2n\u0103-mi ies.<\/p>\n\n\n\n<p><em>\u2013 Cum te preg\u0103te\u015fti \u00eenainte de spectacol? Cum te deta\u015fezi? Ai vreun obicei sau \u201eritual\u201d personal pe care \u00eel respec\u0163i?<\/em><\/p>\n\n\n\n<p>\u2013 Din p\u0103cate n-o s\u0103 te uimesc cu vreun ritual prin care \u00eencerc s\u0103 intru \u00een vreo trans\u0103 anume. Nu. \u00cemi repet textul singur\u0103 acas\u0103, apoi cu partenerii de scen\u0103 sau cu sufleorul dac\u0103 am monolog, m\u0103 g\u00e2ndesc la parcursul scenic, la inten\u0163iile personajului, \u00eemi \u00eenc\u0103lzesc vocea \u015fi corpul, stau c\u00e2teva minute \u00een lini\u015fte, cu g\u00e2ndurile mele. \u015ei, de obicei, nu fumez \u00eenainte de spectacol.<\/p>\n\n\n\n<p><em>\u2013 Ce te face s\u0103 te sim\u0163i confortabil pe scen\u0103?<\/em><\/p>\n\n\n\n<p>\u2013 C\u00e2nd am siguran\u0163a c\u0103 e bine ce fac, c\u0103 am g\u0103sit drumul. Asta e valabil mai ales \u00een timpul lucrului. \u00cen rest, c\u00e2nd joc, m\u0103 simt confortabil c\u00e2nd \u015ftiu foarte bine ce am de f\u0103cut, c\u00e2nd tot lucrul, indica\u0163iile, textul, s-au topit \u015fi au devenit ale mele. A\u015f putea s\u0103 mai adaug c\u0103 un partener de \u00eencredere m\u0103 face s\u0103 m\u0103 simt confortabil. Dar colegii mei sunt to\u0163i parteneri de \u00eencredere, a\u015fa c\u0103 nu \u00eemi fac griji niciodat\u0103.<\/p>\n\n\n\n<p><em>\u2013 Ce-\u0163i place cel mai mult la meseria ta? Ce \u0163i se pare cel mai greu?<\/em><\/p>\n\n\n\n<p>\u2013 \u00cemi place noul, necunoscutul, schimbarea. Nu ai cum s\u0103 te plictise\u015fti. Mereu e un proiect nou, un text cu un subiect nou, un personaj interesant, o echip\u0103 nou\u0103 cu care lucrezi, echip\u0103 care vine cu o alt\u0103 estetic\u0103, o abordare diferit\u0103. Iar dinamica dintre noi, dintre colegii actori, e supus\u0103 \u015fi ea schimb\u0103rii, cu fiecare proiect nou.<\/p>\n\n\n\n<p>E greu c\u00e2nd nu g\u0103se\u015fti drumul, atunci c\u00e2nd lucrezi la un personaj. C\u0103utarea \u00een sine e fain\u0103, face parte din proces \u015fi c\u00e2nd g\u0103se\u015fti drumul, mul\u0163umirea e maxim\u0103. Dar se mai \u00eent\u00e2mpl\u0103 \u015fi s\u0103-\u0163i scape printre degete, s\u0103 fie o variant\u0103 bun\u0103, dar nu \u201ethe best\u201d \u015fi atunci r\u0103m\u00e2i a\u015fa, cu sentimentul nepl\u0103cut al lucrului ne\u00eemplinit.<\/p>\n\n\n<div class=\"wp-block-image\">\n<figure class=\"alignleft size-full\"><a href=\"http:\/\/www.slineamt.ro\/apostolul\/wp-content\/uploads\/2022\/09\/21-ap253-foto3.jpg\"><img loading=\"lazy\" decoding=\"async\" width=\"529\" height=\"352\" src=\"http:\/\/www.slineamt.ro\/apostolul\/wp-content\/uploads\/2022\/09\/21-ap253-foto3.jpg\" alt=\"\" class=\"wp-image-23070\" srcset=\"http:\/\/www.slineamt.ro\/apostolul\/wp-content\/uploads\/2022\/09\/21-ap253-foto3.jpg 529w, http:\/\/www.slineamt.ro\/apostolul\/wp-content\/uploads\/2022\/09\/21-ap253-foto3-300x200.jpg 300w, http:\/\/www.slineamt.ro\/apostolul\/wp-content\/uploads\/2022\/09\/21-ap253-foto3-260x173.jpg 260w, http:\/\/www.slineamt.ro\/apostolul\/wp-content\/uploads\/2022\/09\/21-ap253-foto3-160x106.jpg 160w\" sizes=\"auto, (max-width: 529px) 100vw, 529px\" \/><\/a><\/figure>\n<\/div>\n\n\n<p>Greu mi se mai pare c\u00e2nd nu e\u015fti distribuit. E greu s\u0103 nu o iei personal. Te g\u00e2nde\u015fti imediat c\u0103 nu e\u015fti destul de bun, de talentat, c\u0103 nu ai reu\u015fit s\u0103 convingi, c\u0103 ceva nu ai f\u0103cut bine \u015fi din cauza asta nu ai fost ales. De cele mai multe ori, lucrurile astea la care ne g\u00e2ndim noi, nu au nicio leg\u0103tur\u0103 cu procesul de selec\u0163ie. \u015ei a fi \u201erefuzat\u201d face parte din meserie \u015fi chiar dac\u0103 e foarte greu, asta e una dintre lec\u0163iile actorului, s\u0103 n-o iei personal.<\/p>\n\n\n\n<p><em>\u2013 \u0162i-e fric\u0103 de ceva c\u00e2nd e\u015fti pe scen\u0103?<\/em><\/p>\n\n\n\n<p>\u2013 Nu, nu mi-e fric\u0103 de nimic, \u00eemi place pe scen\u0103. Am fricile normale, ale oric\u0103rui actor. M\u0103 tem s\u0103 nu am un blanc de text, s\u0103 nu \u00eemi \u00eencurc colegii, s\u0103 nu m\u0103 pot concentra \u00eendeajuns.<\/p>\n\n\n\n<p><em>\u2013 Ce se \u00eent\u00e2mpl\u0103 cu personajele tale dup\u0103 reprezenta\u0163ie?<\/em><\/p>\n\n\n\n<p>\u2013 Eu sunt personajele mele, a\u015fa c\u0103, ce s\u0103 fac\u0103? Ce fac \u015fi eu! Mergem \u00eempreun\u0103 acas\u0103 sau la o bere cu ceilal\u0163i colegi \u015fi personajele lor.<\/p>\n\n\n\n<p><em>\u2013 O b\u00e2lb\u0103 memorabil\u0103 din timpul unui spectacol&#8230;<\/em><\/p>\n\n\n\n<p>\u2013 Chiar memorabil\u0103 a\u015fa, s\u0103 ne t\u0103v\u0103lim pe jos de r\u00e2s, nu cred c\u0103 am. Din p\u0103cate. Dar \u00eemi amintesc de una din spectacolul lui Sandu Dabija, \u201eO lad\u0103\u201d. Trebuia s\u0103 zic urm\u0103toarea replic\u0103: \u201e\u015ei m\u0103rul, b\u0103tut cu lopata de mere multe ce-avea!\u201d. Eu am zis: \u201e\u015ei m\u0103rul, b\u0103tut cu lopata de pere multe ce-avea!\u201d<\/p>\n\n\n\n<p><em>\u2013 Teatrul vindec\u0103 sau ad\u00e2nce\u015fte r\u0103ni?<\/em><\/p>\n\n\n\n<p>\u2013 Eu nu cred c\u0103 arta vine din suferin\u0163\u0103. Poate pentru unii da, pentru mine nu. Eu trebuie s\u0103 fiu echilibrat\u0103 c\u0103 s\u0103 livrez la capacitate maxim\u0103. Cred c\u0103 teatrul poate s\u0103 vindece r\u0103ni. De ad\u00e2ncit, nu \u015ftiu, poate doar atunci c\u00e2nd nu-l faci, de\u015fi i\u0163i dore\u015fti.<\/p>\n\n\n\n<p><em>\u2013 Primul cuv\u00e2nt care \u00ee\u0163i vine \u00een minte c\u00e2nd spui Corina Grigora\u015f\u2026<\/em><\/p>\n\n\n\n<p>\u2013 \u201eCea mai tare din ora\u015f!\u201d Nu e un cuv\u00e2nt \u015fi nici nu e ceva ce cred. E doar o glum\u0103, f\u0103cut\u0103 de unul dintre prietenii mei. Dar mi-a r\u0103mas \u00een minte ca o poezie \u015fi \u0103sta e urm\u0103torul vers dup\u0103 Corina Grigora\u015f.<\/p>\n\n\n\n<p><em>\u2013 Ce nu-\u0163i place la Corina Grigora\u015f?<\/em><\/p>\n\n\n\n<p>\u2013 Sensibilitatea excesiv\u0103, lipsa de r\u0103bdare, u\u015furin\u0163a cu care reu\u015fesc s\u0103 m\u0103 stresez.<\/p>\n\n\n\n<p><em>\u2013 Care sunt micile bucurii, cele care dau farmec unei zile obi\u015fnuite?<\/em><\/p>\n\n\n\n<p>\u2013 Cafeaua de diminea\u0163\u0103, un mic dejun bun, un telefon de la un prieten, c\u0103\u0163elul Mu\u015fu, care acum nu m\u0103 las\u0103 s\u0103 scriu, pentru c\u0103 vrea s\u0103 fie m\u00e2ng\u00e2iat, o \u00eembr\u0103\u0163i\u015fare plin\u0103 de iubire, repeti\u0163ii la un proiect fain, o carte, un serial, c\u00e2teva minute \u00een natur\u0103, pe o piatr\u0103 pe malul r\u00e2ului&#8230;<\/p>\n\n\n<div class=\"wp-block-image\">\n<figure class=\"alignright size-full is-resized\"><a href=\"http:\/\/www.slineamt.ro\/apostolul\/wp-content\/uploads\/2022\/09\/21-ap253-foto4.jpg\"><img loading=\"lazy\" decoding=\"async\" src=\"http:\/\/www.slineamt.ro\/apostolul\/wp-content\/uploads\/2022\/09\/21-ap253-foto4.jpg\" alt=\"\" class=\"wp-image-23071\" width=\"281\" height=\"421\" srcset=\"http:\/\/www.slineamt.ro\/apostolul\/wp-content\/uploads\/2022\/09\/21-ap253-foto4.jpg 353w, http:\/\/www.slineamt.ro\/apostolul\/wp-content\/uploads\/2022\/09\/21-ap253-foto4-200x300.jpg 200w, http:\/\/www.slineamt.ro\/apostolul\/wp-content\/uploads\/2022\/09\/21-ap253-foto4-260x390.jpg 260w, http:\/\/www.slineamt.ro\/apostolul\/wp-content\/uploads\/2022\/09\/21-ap253-foto4-160x240.jpg 160w\" sizes=\"auto, (max-width: 281px) 100vw, 281px\" \/><\/a><\/figure>\n<\/div>\n\n\n<p><em>\u2013 Faci un Master de Scriere Dramatic\u0103 la T\u00e2rgu Mure\u015f. Poveste\u015fte-mi cum e, cum se \u00eempac\u0103 actri\u0163a cu scriitoarea.<\/em><\/p>\n\n\n\n<p>\u2013 Se \u00eempac\u0103 foarte bine. Cred chiar c\u0103 m\u0103 ajut\u0103 foarte mult faptul c\u0103 sunt actri\u0163\u0103 \u015fi sunt mereu conectat\u0103 la ce \u00eenseamn\u0103 textul dramatic.<\/p>\n\n\n\n<p><em>\u2013 Dac\u0103 ai scrie un text (sau poate c\u0103 ai scris deja) despre Corina Grigora\u015f, acesta s-ar numi&#8230;<\/em><\/p>\n\n\n\n<p>\u2013 \u201eCea mai tare din ora\u015f!\u201d. Glumesc. Habar nu am.<\/p>\n\n\n\n<p><strong><em>A consemnat Gen\u0163iana IONESCU<\/em><\/strong><\/p>\n\n\n\n<p><strong><em>Foto: Marius SUMLEA<\/em><\/strong><\/p>\n","protected":false},"excerpt":{"rendered":"<p>\u2013 Dup\u0103 ce ai terminat liceul ai f\u0103cut ASE-ul, apoi facultatea de actorie. Ce te-a determinat s\u0103 schimbi traseul? \u2013 ASE-ul nu a fost ceva dorit, a fost o urmare fireasc\u0103 a patru ani de mate-fizic\u0103, a fost lipsa unui&hellip;<\/p>\n<p class=\"more-link-p\"><a class=\"more-link\" href=\"http:\/\/www.slineamt.ro\/apostolul\/arte-si-meseriii\/corina-grigoras-nu-mi-e-frica-de-nimic-imi-place-pe-scena\/\">Read more &rarr;<\/a><\/p>\n","protected":false},"author":1,"featured_media":0,"comment_status":"open","ping_status":"closed","sticky":false,"template":"","format":"standard","meta":{"footnotes":""},"categories":[7,459],"tags":[],"class_list":["post-23067","post","type-post","status-publish","format-standard","hentry","category-arte-si-meseriii","category-numarul-253"],"_links":{"self":[{"href":"http:\/\/www.slineamt.ro\/apostolul\/wp-json\/wp\/v2\/posts\/23067","targetHints":{"allow":["GET"]}}],"collection":[{"href":"http:\/\/www.slineamt.ro\/apostolul\/wp-json\/wp\/v2\/posts"}],"about":[{"href":"http:\/\/www.slineamt.ro\/apostolul\/wp-json\/wp\/v2\/types\/post"}],"author":[{"embeddable":true,"href":"http:\/\/www.slineamt.ro\/apostolul\/wp-json\/wp\/v2\/users\/1"}],"replies":[{"embeddable":true,"href":"http:\/\/www.slineamt.ro\/apostolul\/wp-json\/wp\/v2\/comments?post=23067"}],"version-history":[{"count":1,"href":"http:\/\/www.slineamt.ro\/apostolul\/wp-json\/wp\/v2\/posts\/23067\/revisions"}],"predecessor-version":[{"id":23072,"href":"http:\/\/www.slineamt.ro\/apostolul\/wp-json\/wp\/v2\/posts\/23067\/revisions\/23072"}],"wp:attachment":[{"href":"http:\/\/www.slineamt.ro\/apostolul\/wp-json\/wp\/v2\/media?parent=23067"}],"wp:term":[{"taxonomy":"category","embeddable":true,"href":"http:\/\/www.slineamt.ro\/apostolul\/wp-json\/wp\/v2\/categories?post=23067"},{"taxonomy":"post_tag","embeddable":true,"href":"http:\/\/www.slineamt.ro\/apostolul\/wp-json\/wp\/v2\/tags?post=23067"}],"curies":[{"name":"wp","href":"https:\/\/api.w.org\/{rel}","templated":true}]}}