{"id":23092,"date":"2022-09-20T14:21:14","date_gmt":"2022-09-20T14:21:14","guid":{"rendered":"http:\/\/www.slineamt.ro\/apostolul\/?p=23092"},"modified":"2022-09-20T14:21:14","modified_gmt":"2022-09-20T14:21:14","slug":"flipped-classroom-printre-atelierele-de-lucru-ale-congresului-agiro-2022","status":"publish","type":"post","link":"http:\/\/www.slineamt.ro\/apostolul\/pasi-spre-europa\/flipped-classroom-printre-atelierele-de-lucru-ale-congresului-agiro-2022\/","title":{"rendered":"Flipped Classroom printre atelierele de lucru ale Congresului AGIRo, 2022"},"content":{"rendered":"<div class=\"wp-block-image\">\n<figure class=\"alignleft size-full\"><a href=\"http:\/\/www.slineamt.ro\/apostolul\/wp-content\/uploads\/2022\/09\/15-ap253-foto1.jpg\"><img loading=\"lazy\" decoding=\"async\" width=\"567\" height=\"263\" src=\"http:\/\/www.slineamt.ro\/apostolul\/wp-content\/uploads\/2022\/09\/15-ap253-foto1.jpg\" alt=\"\" class=\"wp-image-23095\" srcset=\"http:\/\/www.slineamt.ro\/apostolul\/wp-content\/uploads\/2022\/09\/15-ap253-foto1.jpg 567w, http:\/\/www.slineamt.ro\/apostolul\/wp-content\/uploads\/2022\/09\/15-ap253-foto1-300x139.jpg 300w, http:\/\/www.slineamt.ro\/apostolul\/wp-content\/uploads\/2022\/09\/15-ap253-foto1-560x260.jpg 560w, http:\/\/www.slineamt.ro\/apostolul\/wp-content\/uploads\/2022\/09\/15-ap253-foto1-260x121.jpg 260w, http:\/\/www.slineamt.ro\/apostolul\/wp-content\/uploads\/2022\/09\/15-ap253-foto1-160x74.jpg 160w\" sizes=\"auto, (max-width: 567px) 100vw, 567px\" \/><\/a><\/figure>\n<\/div>\n\n\n<p>\u00cen intervalul 25-28 iulie 2022, la Piatra-Neam\u0163, a avut loc al 44-lea Congres Interna\u0163ional al cadrelor didactice din Rom\u00e2nia \u015fi al cadrelor didactice de etnie rom\u00e2n\u0103 de peste hotare. La edi\u0163ia din acest an au participat cadre didactice din 20 de jude\u0163e ale \u0163\u0103rii \u015fi din Republica Moldova, Ungaria, Serbia, Ucraina (Cern\u0103u\u0163i \u015fi Odessa).<\/p>\n\n\n\n<p>Dup\u0103 transmiterea mesajelor tradi\u0163ionale de bun venit \u015fi a discursurilor \u00een plen, lucr\u0103rile congresului au continuat cu ateliere de lucru, conferin\u0163e \u015fi edi\u0163ia a XIX-a a Simpozionului <em>Portrete de dasc\u0103li \u2013 \u00een memoria lui Leon Mrejeriu \u015fi Gheorghe Amaicei<\/em>, care a marcat aniversarea a 110 ani de la \u00eenfiin\u0163area Asocia\u0163iei \u00cenv\u0103\u0163\u0103torilor din jude\u0163ul Neam\u0163.<\/p>\n\n\n\n<p>Printre atelierele de lucru, s-a num\u0103rat \u015fi <em>Flipped Classroom<\/em> (<em>Clasa inversat\u0103<\/em>), av\u00e2nd formator pe d-na conf. dr. Mariana Marin de la Universitatea Pedagogic\u0103 de Stat \u201eIon Creang\u0103\u201d din Chi\u015fin\u0103u \u015fi Universitatea de Stat din Moldova.<\/p>\n\n\n\n<p>Av\u00e2ndu-\u015fi originea prin anii 2010, \u00een SUA, ca o abordare pedagogic\u0103 modern\u0103 de promovare a lec\u0163iilor ce \u201er\u0103stoarn\u0103\u201d modelul tradi\u0163ional al taxonomiei lui Bloom, metoda clasei inversate realizeaz\u0103 trecerea de la centrarea pe profesor la centrarea pe elev pentru a-i putea satisface nevoile individuale de cunoa\u015ftere \u015fi \u00eenv\u0103\u0163are.<\/p>\n\n\n<div class=\"wp-block-image\">\n<figure class=\"alignright size-full\"><a href=\"http:\/\/www.slineamt.ro\/apostolul\/wp-content\/uploads\/2022\/09\/15-ap253-foto2.jpg\"><img loading=\"lazy\" decoding=\"async\" width=\"454\" height=\"302\" src=\"http:\/\/www.slineamt.ro\/apostolul\/wp-content\/uploads\/2022\/09\/15-ap253-foto2.jpg\" alt=\"\" class=\"wp-image-23094\" srcset=\"http:\/\/www.slineamt.ro\/apostolul\/wp-content\/uploads\/2022\/09\/15-ap253-foto2.jpg 454w, http:\/\/www.slineamt.ro\/apostolul\/wp-content\/uploads\/2022\/09\/15-ap253-foto2-300x200.jpg 300w, http:\/\/www.slineamt.ro\/apostolul\/wp-content\/uploads\/2022\/09\/15-ap253-foto2-260x173.jpg 260w, http:\/\/www.slineamt.ro\/apostolul\/wp-content\/uploads\/2022\/09\/15-ap253-foto2-160x106.jpg 160w\" sizes=\"auto, (max-width: 454px) 100vw, 454px\" \/><\/a><\/figure>\n<\/div>\n\n\n<p>Procesul de instruire \u00een acest format \u201einversat\u201d se desf\u0103\u015foar\u0103 \u00een dou\u0103 etape succesive: mai \u00eent\u00e2i elevul studiaz\u0103 o tem\u0103 din manual sau alte materiale pe un anumit subiect (vizioneaz\u0103 o serie de video-uri, ascult\u0103 \u00eenregistr\u0103ri audio\/podcasturi, analizeaz\u0103 prezent\u0103ri preg\u0103tite de profesor, utilizeaz\u0103 aplica\u0163ii digitale, cite\u015fte texte propuse de cadrul didactic etc.), iar la \u015fcoal\u0103, pune \u00een aplicare cele \u00eenv\u0103\u0163ate acas\u0103 \u015fi interac\u0163ioneaz\u0103 cu colegii \u015fi cadrul didactic (particip\u0103 la dezbateri, adreseaz\u0103 \u00eentreb\u0103ri, propune solu\u0163ii pentru anumite probleme, realizeaz\u0103 lucr\u0103ri de laborator, elaboreaz\u0103 proiecte etc.). Concret, \u00een cadrul celor 3 ore de activitate, pentru a \u00een\u0163elege practic aceast\u0103 metod\u0103, d-na conferen\u0163iar ne-a dat c\u00e2teva sarcini de lucru, pe grupe, despre Piatra-Neam\u0163 \u015fi zona Neam\u0163ului, f\u0103r\u0103 a preciza\/formula un titlu exact, \u00een sensul clasic. Fiecare grup\u0103 a primit una din temele: Legende despre Piatra-Neam\u0163 \u015fi \u00eemprejurimi; istoricul ora\u015fului \u015fi al jude\u0163ului; S\u0103 fie alc\u0103tuit\u0103 o poezie despre Piatra-Neam\u0163 \u015fi jude\u0163; s\u0103 compunem o problem\u0103 despre Piatra-Neam\u0163; s\u0103 culegem c\u00e2ntece, folclor din Piatra-Neam\u0163 etc., preciz\u00e2ndu-ni-se faptul c\u0103 ne este permis\u0103 utilizarea oric\u0103rei surse de informa\u0163ii, putem lua leg\u0103tura o singur\u0103 dat\u0103 cu o persoan\u0103 din afara grupului. \u00cen momentul \u00een care, la final, fiecare grup\u0103 a prezentat rezultatele muncii, to\u0163i participan\u0163ii din sal\u0103 au \u00een\u0163eles faptul c\u0103 subiectul a fost Ora\u015ful Piatra-Neam\u0163 \u015fi jude\u0163ul Neam\u0163, tem\u0103 ce avea acum o abordare complex\u0103 din mai multe puncte de vedere (istoric, geografic, administrativ, cultural, religios etc.).<\/p>\n\n\n\n<p>Participan\u0163ii au con\u015ftientizat avantajele utiliz\u0103rii acestei metode av\u00e2ndu-se \u00een vedere faptul c\u0103 timpul \u00een clas\u0103 este dedicat \u00eenv\u0103\u0163\u0103rii active, profesorul are rol de facilitator \u00een \u00eenv\u0103\u0163area condus\u0103 de c\u0103tre elevi, materialele sunt selectate, \u00een prealabil, de c\u0103tre profesor, dar totodat\u0103, elevii au posibilitatea de a consulta o varietate de surse. \u00cenv\u0103\u0163area are un con\u0163inut diferen\u0163iat \u00eentr-un mediu flexibil, ceea ce \u00eel motiveaz\u0103 pe elev \u00een procesul instructiv-educativ.<\/p>\n\n\n\n<p><strong><em>Prof. dr. Mihai FLOROAIA<\/em><\/strong><\/p>\n","protected":false},"excerpt":{"rendered":"<p>\u00cen intervalul 25-28 iulie 2022, la Piatra-Neam\u0163, a avut loc al 44-lea Congres Interna\u0163ional al cadrelor didactice din Rom\u00e2nia \u015fi al cadrelor didactice de etnie rom\u00e2n\u0103 de peste hotare. La edi\u0163ia din acest an au participat cadre didactice din 20&hellip;<\/p>\n<p class=\"more-link-p\"><a class=\"more-link\" href=\"http:\/\/www.slineamt.ro\/apostolul\/pasi-spre-europa\/flipped-classroom-printre-atelierele-de-lucru-ale-congresului-agiro-2022\/\">Read more &rarr;<\/a><\/p>\n","protected":false},"author":1,"featured_media":0,"comment_status":"open","ping_status":"closed","sticky":false,"template":"","format":"standard","meta":{"footnotes":""},"categories":[9,459],"tags":[],"class_list":["post-23092","post","type-post","status-publish","format-standard","hentry","category-pasi-spre-europa","category-numarul-253"],"_links":{"self":[{"href":"http:\/\/www.slineamt.ro\/apostolul\/wp-json\/wp\/v2\/posts\/23092","targetHints":{"allow":["GET"]}}],"collection":[{"href":"http:\/\/www.slineamt.ro\/apostolul\/wp-json\/wp\/v2\/posts"}],"about":[{"href":"http:\/\/www.slineamt.ro\/apostolul\/wp-json\/wp\/v2\/types\/post"}],"author":[{"embeddable":true,"href":"http:\/\/www.slineamt.ro\/apostolul\/wp-json\/wp\/v2\/users\/1"}],"replies":[{"embeddable":true,"href":"http:\/\/www.slineamt.ro\/apostolul\/wp-json\/wp\/v2\/comments?post=23092"}],"version-history":[{"count":1,"href":"http:\/\/www.slineamt.ro\/apostolul\/wp-json\/wp\/v2\/posts\/23092\/revisions"}],"predecessor-version":[{"id":23096,"href":"http:\/\/www.slineamt.ro\/apostolul\/wp-json\/wp\/v2\/posts\/23092\/revisions\/23096"}],"wp:attachment":[{"href":"http:\/\/www.slineamt.ro\/apostolul\/wp-json\/wp\/v2\/media?parent=23092"}],"wp:term":[{"taxonomy":"category","embeddable":true,"href":"http:\/\/www.slineamt.ro\/apostolul\/wp-json\/wp\/v2\/categories?post=23092"},{"taxonomy":"post_tag","embeddable":true,"href":"http:\/\/www.slineamt.ro\/apostolul\/wp-json\/wp\/v2\/tags?post=23092"}],"curies":[{"name":"wp","href":"https:\/\/api.w.org\/{rel}","templated":true}]}}