{"id":23097,"date":"2022-09-20T14:23:43","date_gmt":"2022-09-20T14:23:43","guid":{"rendered":"http:\/\/www.slineamt.ro\/apostolul\/?p=23097"},"modified":"2022-09-20T14:23:43","modified_gmt":"2022-09-20T14:23:43","slug":"profesori-de-la-colegiul-spiru-haret-la-cursuri-de-formare-in-spania-si-grecia","status":"publish","type":"post","link":"http:\/\/www.slineamt.ro\/apostolul\/numarul-253\/profesori-de-la-colegiul-spiru-haret-la-cursuri-de-formare-in-spania-si-grecia\/","title":{"rendered":"Profesori de la Colegiul \u201eSpiru Haret\u201d, la cursuri de formare \u00een Spania \u015fi Grecia"},"content":{"rendered":"\n<p><\/p>\n\n\n<div class=\"wp-block-image\">\n<figure class=\"alignleft size-full is-resized\"><a href=\"http:\/\/www.slineamt.ro\/apostolul\/wp-content\/uploads\/2022\/09\/14-ap253-foto1.jpg\"><img loading=\"lazy\" decoding=\"async\" src=\"http:\/\/www.slineamt.ro\/apostolul\/wp-content\/uploads\/2022\/09\/14-ap253-foto1.jpg\" alt=\"\" class=\"wp-image-23098\" width=\"547\" height=\"435\" srcset=\"http:\/\/www.slineamt.ro\/apostolul\/wp-content\/uploads\/2022\/09\/14-ap253-foto1.jpg 605w, http:\/\/www.slineamt.ro\/apostolul\/wp-content\/uploads\/2022\/09\/14-ap253-foto1-300x239.jpg 300w, http:\/\/www.slineamt.ro\/apostolul\/wp-content\/uploads\/2022\/09\/14-ap253-foto1-560x445.jpg 560w, http:\/\/www.slineamt.ro\/apostolul\/wp-content\/uploads\/2022\/09\/14-ap253-foto1-260x207.jpg 260w, http:\/\/www.slineamt.ro\/apostolul\/wp-content\/uploads\/2022\/09\/14-ap253-foto1-160x127.jpg 160w\" sizes=\"auto, (max-width: 547px) 100vw, 547px\" \/><\/a><\/figure>\n<\/div>\n\n\n<p>Proiectul \u201eO nou\u0103 abordare \u015fcolar\u0103\u201d desf\u0103\u015furat la Colegiul Tehnologic \u201eSpiru Haret\u201d din Piatra-Neam\u0163 \u00een perioada 2020-2022 prin programul ERASMUS+, a ajuns la etapa mobilit\u0103\u0163ilor de formare a cadrelor didactice.<\/p>\n\n\n\n<p>Printre obiectivele particip\u0103rii la aceste mobilit\u0103\u0163i se num\u0103r\u0103 \u00eembun\u0103t\u0103\u0163irea competen\u0163elor lingvistice \u015fi culturale, cunoa\u015fterea instrumentelor digitale inovative care s\u0103 creeze un impact pozitiv la nivel de clas\u0103, cunoa\u015fterea metodelor de lucru eficiente cu elevii, dob\u00e2ndirea de cuno\u015ftin\u0163e necesare combaterii absenteismului, deprinderea tehnicilor de abordare eficient\u0103 a p\u0103rin\u0163ilor, dob\u00e2ndirea competen\u0163elor necesare de lucru cu elevii cu CES, cre\u015fterea motiva\u0163iei profesionale, dob\u00e2ndirea competen\u0163elor necesare utiliz\u0103rii eficiente a instrumentelor \u015fi metodelor bazate pe TIC \u00een procesul educa\u0163ional.<\/p>\n\n\n\n<p>Din \u00eemplinirea acestor nevoi de formare ale cadrelor didactice va decurge \u00een mod firesc \u00eemplinirea nevoilor institu\u0163iei, cum ar fi: cre\u015fterea atractivit\u0103\u0163ii \u015fcolii \u015fi \u00eembun\u0103t\u0103\u0163irea condi\u0163iilor de \u00eenv\u0103\u0163are, \u00eembun\u0103t\u0103\u0163irea parteneriatului \u015fcoal\u0103-familie, combaterea fenomenului de absenteism \u015fcolar, asigurarea calit\u0103\u0163ii \u00een educa\u0163ie \u015fi \u00een formarea profesional\u0103, aplicarea metodelor interactive de grup, utilizarea instrumentelor moderne de predare-\u00eenv\u0103\u0163are.<\/p>\n\n\n\n<p>\u00cen preambulul acestor mobilit\u0103\u0163i, cadrele didactice selectate pentru participare au desf\u0103\u015furat activit\u0103\u0163i de contractare, precum \u015fi diferite activit\u0103\u0163i de preg\u0103tire cultural\u0103, lingvistic\u0103 \u015fi pedagogic\u0103.<\/p>\n\n\n\n<p>Prima dintre cele patru mobilit\u0103\u0163i a avut loc la centrul Cervantes Training \u00een Alcal\u00e1 de Henares, Madrid (Spania), \u00eentre 8 \u015fi 14 mai 2021, tema acesteia fiind <em>Innovative skills in ICT through collaborative and project-based teaching and learning<\/em>. Acest curs a reprezentat, pentru participan\u0163i, o important\u0103 oportunitate de \u00eenv\u0103\u0163are, dar \u015fi una de a intra \u00een contact cu o nou\u0103 cultur\u0103.<\/p>\n\n\n\n<p><em>Scopul cursului este de a permite participan\u0163ilor s\u0103 organizeze activit\u0103\u0163i folosind TIC printr-o metodologie bazat\u0103 pe munca \u00een colaborare, cum ar fi Webquests \/ eTwinning, care va sprijini \u015fi \u00eembun\u0103t\u0103\u0163i demersul didactic interdisciplinar, predarea colaborativ\u0103, \u00een paralel cu introducerea metodologiei adecvate privind un parteneriat strategic \u00een cadrul Erasmus+<\/em>, a men\u0163ionat prof. Radu Mititelu, participant de asemenea la curs.<\/p>\n\n\n\n<p>A doua mobilitate, la care au participat alte trei cadre didactice, s-a desf\u0103\u015furat \u00eentre 17 \u015fi 21 mai 2021, la centrul IDEC din Pireus, Grecia, av\u00e2nd tema <em>Inclusive education: tackling with classroom diversity and early school leaving<\/em>.<\/p>\n\n\n<div class=\"wp-block-image\">\n<figure class=\"alignright size-full\"><a href=\"http:\/\/www.slineamt.ro\/apostolul\/wp-content\/uploads\/2022\/09\/14-ap253-foto2.jpg\"><img loading=\"lazy\" decoding=\"async\" width=\"605\" height=\"396\" src=\"http:\/\/www.slineamt.ro\/apostolul\/wp-content\/uploads\/2022\/09\/14-ap253-foto2.jpg\" alt=\"\" class=\"wp-image-23099\" srcset=\"http:\/\/www.slineamt.ro\/apostolul\/wp-content\/uploads\/2022\/09\/14-ap253-foto2.jpg 605w, http:\/\/www.slineamt.ro\/apostolul\/wp-content\/uploads\/2022\/09\/14-ap253-foto2-300x196.jpg 300w, http:\/\/www.slineamt.ro\/apostolul\/wp-content\/uploads\/2022\/09\/14-ap253-foto2-560x367.jpg 560w, http:\/\/www.slineamt.ro\/apostolul\/wp-content\/uploads\/2022\/09\/14-ap253-foto2-260x170.jpg 260w, http:\/\/www.slineamt.ro\/apostolul\/wp-content\/uploads\/2022\/09\/14-ap253-foto2-160x105.jpg 160w\" sizes=\"auto, (max-width: 605px) 100vw, 605px\" \/><\/a><\/figure>\n<\/div>\n\n\n<p><em>Am exersat proiectarea diferen\u0163iat\u0103 a lec\u0163iilor, am lucrat \u00een mod concret pe tehnici de adaptare a curriculumului la clas\u0103, av\u00e2nd \u00een vedere specificul clasei. [&#8230;] Am avut acces online la recomand\u0103rile formatorilor legate de site-uri de specialitate care ofer\u0103 resurse educa\u0163ionale adaptate copiilor cu CES sau materiale specifice, concepute pentru combaterea discrimin\u0103rii, pentru promovarea incluziunii, pentru prevenirea abandonului \u015fcolar<\/em>, a detaliat prof. Ioana Poe\u0163elea, surprinz\u00e2nd astfel multitudinea de cuno\u015ftin\u0163e \u015fi experien\u0163e pe care participarea la un astfel de curs le faciliteaz\u0103.<\/p>\n\n\n\n<p>Cea de-a treia mobilitate desf\u0103\u015furat\u0103 \u00een cadrul proiectului a avut loc \u00een M\u00e1laga, Spania, la centrul iDevelop Teacher Training, \u00eentre 24 \u015fi 28 mai 2021, cu participarea altor patru cadre didactice din \u015fcoala noastr\u0103. Cursul s-a intitulat <em>Parents &amp; Teachers: Building Bridges<\/em> \u015fi a avut ca obiective: verificarea \u015fi dezvoltarea abilit\u0103\u0163ilor pedagogice \u015fi de comunicare, abordarea \u00eentr-o manier\u0103 mai u\u015foar\u0103 chiar \u015fi a elevilor celor mai solicitan\u0163i, gestionarea emo\u0163iilor \u015fi a conflictelor prin concentrarea aten\u0163iei pe g\u0103sirea de solu\u0163ii, cooperarea cu p\u0103rin\u0163ii, elevii, dar \u015fi cu alte cadre didactice, promovarea lucrului \u00een grup \u015fi a proiectelor pe termen lung.<\/p>\n\n\n\n<p><em>Participarea la aceast\u0103 mobilitate a reprezentat pentru mine o reu\u015fit\u0103 experien\u0163\u0103 profesional\u0103, ce a avut ca rezultat dezvoltarea abilit\u0103\u0163ilor pedagogice \u015fi de comunicare, \u00een vederea \u00eembun\u0103t\u0103\u0163irii rela\u0163iilor profesor-p\u0103rinte-elev, lucru care va conduce la cre\u015fterea nivelului de implicare activ\u0103 a p\u0103rin\u0163ilor \u00een activitatea \u015fcolii \u015fi la ridicarea nivelului de motiva\u0163ie a elevilor. Am identificat tipurile mai frecvente de p\u0103rin\u0163i \u015fi nevoile lor legate de \u015fcoal\u0103 \u015fi de copiii lor. Am practicat tehnici de comunicare non-violent\u0103, de identificare \u015fi de exprimare a emo\u0163iilor \u015fi a nevoilor. Am evaluat obiceiurile noastre de ascultare \u015fi am \u00eencercat s\u0103 dob\u00e2ndim abilit\u0103\u0163i active de ascultare<\/em>, a precizat prof. Mona Cozma.<\/p>\n\n\n\n<p>A patra, \u015fi ultima, mobilitate din cadrul proiectului s-a desf\u0103\u015furat la Areadne Lifelong Learning Centre din Kalamata, Grecia, \u00eentre 7 \u015fi 11 iunie 2021. La aceasta au participat cinci cadre didactice din \u015fcoala noastr\u0103. Cursul, intitulat <em>Special Needs Children<\/em>, a atins obiective esen\u0163iale pentru adaptarea demersului didactic la realit\u0103\u0163ile zilelor noastre.<\/p>\n\n\n\n<p>Prof. Cristina Anton surprinde esen\u0163a a ceea ce a reprezentat participarea la acest curs: <em>Am aflat tipuri noi de activit\u0103\u0163i aplicabile la clas\u0103 prin care s\u0103 pot veni \u00een sprijinul copiilor cu nevoi speciale, am \u00eenv\u0103\u0163at c\u00e2t de important\u0103 este rela\u0163ionarea cu familia, c\u00e2t de important este s\u0103 faci ac\u0163iuni \u00een care s\u0103 implici \u015fi familia din care provin ace\u015fti copii, deoarece familiile acestor copii se autoizoleaz\u0103 datorit\u0103 traumei pe care o tr\u0103iesc<\/em>.<\/p>\n\n\n\n<p>Beneficiile acestui proiect, ale cursurilor la care au participat cele 16 cadre didactice din \u015fcoala noastr\u0103, sunt de necontestat. \u00cen contextul european al zilelor noastre, cople\u015fit de schimb\u0103ri \u00een plan social, cultural, dar mai ales educa\u0163ional, este esen\u0163ial s\u0103 \u0163inem pasul cu nout\u0103\u0163ile, dar mai ales cu inova\u0163iile din domeniul educa\u0163iei. Aceste particip\u0103ri la cursurile oferite prin intermediul programelor Erasmus+ ne permit s\u0103 devenim o \u015fcoal\u0103 \u015fi mai competitiv\u0103 \u015fi vizibil\u0103 la nivel local, dar \u015fi regional, na\u0163ional \u015fi chiar interna\u0163ional, prin oportunit\u0103\u0163ile de parteneriat pe care aceste mobilit\u0103\u0163i le deschid.<\/p>\n\n\n\n<p><strong><em>Ioana CIUREA \u2013 Responsabil de diseminare<\/em><\/strong><\/p>\n\n\n\n<p><strong><em>Mona Elena COZMA \u2013 Responsabil management institu\u0163ional<\/em><\/strong><\/p>\n","protected":false},"excerpt":{"rendered":"<p>Proiectul \u201eO nou\u0103 abordare \u015fcolar\u0103\u201d desf\u0103\u015furat la Colegiul Tehnologic \u201eSpiru Haret\u201d din Piatra-Neam\u0163 \u00een perioada 2020-2022 prin programul ERASMUS+, a ajuns la etapa mobilit\u0103\u0163ilor de formare a cadrelor didactice. Printre obiectivele particip\u0103rii la aceste mobilit\u0103\u0163i se num\u0103r\u0103 \u00eembun\u0103t\u0103\u0163irea competen\u0163elor lingvistice&hellip;<\/p>\n<p class=\"more-link-p\"><a class=\"more-link\" href=\"http:\/\/www.slineamt.ro\/apostolul\/numarul-253\/profesori-de-la-colegiul-spiru-haret-la-cursuri-de-formare-in-spania-si-grecia\/\">Read more &rarr;<\/a><\/p>\n","protected":false},"author":1,"featured_media":0,"comment_status":"open","ping_status":"closed","sticky":false,"template":"","format":"standard","meta":{"footnotes":""},"categories":[459],"tags":[],"class_list":["post-23097","post","type-post","status-publish","format-standard","hentry","category-numarul-253"],"_links":{"self":[{"href":"http:\/\/www.slineamt.ro\/apostolul\/wp-json\/wp\/v2\/posts\/23097","targetHints":{"allow":["GET"]}}],"collection":[{"href":"http:\/\/www.slineamt.ro\/apostolul\/wp-json\/wp\/v2\/posts"}],"about":[{"href":"http:\/\/www.slineamt.ro\/apostolul\/wp-json\/wp\/v2\/types\/post"}],"author":[{"embeddable":true,"href":"http:\/\/www.slineamt.ro\/apostolul\/wp-json\/wp\/v2\/users\/1"}],"replies":[{"embeddable":true,"href":"http:\/\/www.slineamt.ro\/apostolul\/wp-json\/wp\/v2\/comments?post=23097"}],"version-history":[{"count":1,"href":"http:\/\/www.slineamt.ro\/apostolul\/wp-json\/wp\/v2\/posts\/23097\/revisions"}],"predecessor-version":[{"id":23100,"href":"http:\/\/www.slineamt.ro\/apostolul\/wp-json\/wp\/v2\/posts\/23097\/revisions\/23100"}],"wp:attachment":[{"href":"http:\/\/www.slineamt.ro\/apostolul\/wp-json\/wp\/v2\/media?parent=23097"}],"wp:term":[{"taxonomy":"category","embeddable":true,"href":"http:\/\/www.slineamt.ro\/apostolul\/wp-json\/wp\/v2\/categories?post=23097"},{"taxonomy":"post_tag","embeddable":true,"href":"http:\/\/www.slineamt.ro\/apostolul\/wp-json\/wp\/v2\/tags?post=23097"}],"curies":[{"name":"wp","href":"https:\/\/api.w.org\/{rel}","templated":true}]}}