{"id":23101,"date":"2022-09-20T14:25:03","date_gmt":"2022-09-20T14:25:03","guid":{"rendered":"http:\/\/www.slineamt.ro\/apostolul\/?p=23101"},"modified":"2022-09-20T14:25:03","modified_gmt":"2022-09-20T14:25:03","slug":"rataciti-intre-pandemii","status":"publish","type":"post","link":"http:\/\/www.slineamt.ro\/apostolul\/scoala-nemteana-la-zi\/rataciti-intre-pandemii\/","title":{"rendered":"R\u0103t\u0103ci\u0163i \u00eentre pandemii"},"content":{"rendered":"\n<p><\/p>\n\n\n\n<p>Imediat dup\u0103 1989, ministru al \u00cenv\u0103\u0163\u0103m\u00e2ntului a fost numit Mihai \u015eora \u2013 atunci nimeni nu se g\u00e2ndea c\u0103 va ajunge s\u0103 tr\u0103iasc\u0103 peste 100 de ani \u015fi va putea contribui la discu\u0163iile despre \u015fcoala rom\u00e2neasc\u0103 nereformat\u0103 \u00eenc\u0103 \u2013 \u015fi se p\u0103rea c\u0103 drumul spre nou era larg deschis. Filosoful \u015eora n-a reformat nimic, dar a pus bazele unor concepte actuale \u00eenc\u0103: aveam un \u00eenv\u0103\u0163\u0103m\u00e2nt mult prea stufos, prea multe materii, mai ales cele care vorbeau despre trecut, despre valori na\u0163ionale, trebuie materii noi, adaptate vremurilor, trebuie mutat\u0103 aten\u0163ia de pe profesor pe elev, trebuie schimbat stilul de predare \u015fi crescut rolul p\u0103rintelui \u00een \u015fcoal\u0103 p\u00e2n\u0103 la pusul notei \u00een catalog etc.<\/p>\n\n\n\n<p>Ast\u0103zi, dup\u0103 33 de ani, ce putem constata? Nu mai facem istorie dec\u00e2t sub un control al tematicii mai ceva ca pe vremea cenzurii comuniste, nu po\u0163i vorbi despre un general erou \u00een primul r\u0103zboi mondial pentru c\u0103 a fost declarat criminal de r\u0103zboi de comuni\u015fti, dup\u0103 alt r\u0103zboi de re\u00eentregire, sentin\u0163\u0103 preluat\u0103 cu entuziasm de istoriografia actual\u0103 plin\u0103 de corectitudine politic\u0103 \u2013 finan\u0163at\u0103 mai mult sau mai pu\u0163in discret \u00een ultimii ani \u2013 \u015fi ridicat\u0103 la nivel de axiom\u0103.<\/p>\n\n\n\n<p>Ni se induce zi de zi ideea c\u0103 a vorbi despre Decebal, Gelu, Glad, Menumorut e de prost gust, \u00een condi\u0163iile \u00een care au fost ni\u015fte \u201elooseri\u201d \u015fi, oricum, n-au l\u0103sat mare lucru \u00een urm\u0103. C\u0103 nici Sarmizegetusa nu-i chiar ce ni s-a spus, singurul lucru care ar trebui s\u0103-l re\u0163inem e c\u0103 dacii au avut aur pe care l-au pierdut pentru c\u0103 a tr\u0103dat un dac. Semn c\u0103 tr\u0103darea ar fi cumva \u00een ADN-ul neamului, asta ca s\u0103 nu ne mir\u0103m prea tare de tr\u0103d\u0103rile conduc\u0103torilor contemporani.<\/p>\n\n\n\n<p>Mai departe, Mircea n-a fost \u00een stare s\u0103 bat\u0103 un mare imperiu la Rovine, a\u015fa c\u0103 nu-i mare lucru de el, Iancu nu-i al nostru, c\u0103 dac\u0103 nu erau ungurii cine mai \u015ftia ceva despre el, \u015etefan a fost mare, dar era cam afemeiat \u015fi asta i-a ocupat aproape tot timpul, noroc c\u0103 ungurii \u015fi polonii, apoi turcii \u015fi t\u0103tarii l-au mai trezit la realitate. A construit ni\u015fte biserici, c\u0103 at\u00e2t a putut, antam\u00e2nd viitoarea postur\u0103 de sf\u00e2nt ortodox, care-l men\u0163ine \u00een aten\u0163ia unui popor \u00eenc\u0103 ata\u015fat de tradi\u0163ia religioas\u0103 ortodox\u0103.<\/p>\n\n\n\n<p>Despre unirea lui Mihai supranumit Viteazu, a devenit clar ca nu se poate vorbi ca despre o ac\u0163iune con\u015ftient\u0103 a unui domn cu viziune. Mihai nu a f\u0103cut dec\u00e2t s\u0103 preia ideile unor unguri, dornici s\u0103 ne uneasc\u0103 apostolic, de\u015fi nici m\u0103car nu fost capabil s\u0103 le exprime clar, \u00een timp ce lupta sau juca diplomatic cu\/ contra a trei imperii, plus t\u0103tarii \u015fi mercenarii care l-au \u015fi ucis cu ordin de la dr\u0103gu\u0163ul de \u00eemp\u0103rat de la Viena. Un alt dr\u0103gu\u0163 de \u00eemp\u0103rat tot de pe-acolo uita promisiunile la 1848 \u015fi provoca bolunzala lui Avram Iancu, personaj din ce \u00een ce mai uitat de istoricii tineri, atra\u015fi mai mult s\u0103 scrie despre atrocit\u0103\u0163ile mo\u0163ilor contra ungurilor, uit\u00e2nd c\u0103 principiul dup\u0103 fapt\u0103 \u015fi r\u0103splat\u0103 trebuie m\u0103car consemnat corect. Eroii de la 1848 mor\u0163i \u00een Transilvania nu mai au loc \u00een c\u0103r\u0163ile de istorie, \u00een schimb castelele celor care i-au omor\u00e2t au fost retrocedate, cu desp\u0103gubiri uria\u015fe, urma\u015filor uciga\u015filor. C\u0103 rom\u00e2nii \u015ftiu s\u0103 ierte \u015fi s\u0103 recunoasc\u0103 atunci c\u00e2nd au gre\u015fit.<\/p>\n\n\n\n<p>Mai t\u00e2rziu, \u00een al doilea r\u0103zboi, rom\u00e2nii au recunoscut masacre \u2013 la Odessa, de exemplu \u2013 unde au gre\u015fit c\u0103 au r\u0103spuns la provocarea unor criminali care au aruncat \u00een aer centrul de opera\u0163iuni al unei unit\u0103\u0163i militare. Rom\u00e2nii au fost transforma\u0163i \u00een c\u0103l\u0103i, criminalii care au pus bombele au devenit eroi sovietici. Nimeni nu mai vorbe\u015fte despre umilin\u0163a criminal\u0103 la care au fost supu\u015fi solda\u0163ii rom\u00e2ni dup\u0103 ultimatumul sovietic \u00een Basarabia, din partea unor popula\u0163ii primite s\u0103 locuiasc\u0103 \u00een zon\u0103, dar r\u0103spunsul dat dup\u0103 alte provoc\u0103ri \u015fi sabotaje a fost catalogat drept criminal, de\u015fi nu se compar\u0103 cu fapte pe care istoria le consemneaz\u0103 acum cu non\u015falan\u0163\u0103 drept legitim\u0103 ap\u0103rare sau ap\u0103rarea drepturilor unor popula\u0163ii care n-au cerut niciodat\u0103 s\u0103 fie ap\u0103rate.<\/p>\n\n\n\n<p>Totu\u015fi, dincolo de toate b\u00e2lbele cu adev\u0103rat criminale \u00een ceea ce prive\u015fte predarea istoriei na\u0163ionale \u2013 pentru restul lumii suntem din ce \u00een ce mai performan\u0163i, mai ales dac\u0103 ni se impune s\u0103 fim \u2013 elevii dau semne c\u0103-i intereseaz\u0103 trecutul. \u015ei asta pentru c\u0103 mai exist\u0103 educatori dedica\u0163i \u2013 de la \u00eenv\u0103\u0163\u0103tori la profesori \u2013 care trec peste planuri transmise centralizat, f\u0103cute parc\u0103 s\u0103 pun\u0103 piedici pred\u0103rii istoriei na\u0163ionale \u2013 \u015fi transmit elevilor mai mult dec\u00e2t date, evenimente sau analize. Care mai cred c\u0103 \u015fcoala este mai mult dec\u00e2t un loc \u00een care sunt trimi\u015fi copiii s\u0103 ia obligatoriu note bune, premii \u00een func\u0163ie de statutul social al p\u0103rin\u0163ilor, care mai cred c\u0103 modelul apostolatului \u00een educa\u0163ie este la fel de actual \u015fi acum, \u00een care un pre\u015fedinte de \u0163ar\u0103 f\u0103cea elogiul \u00eenv\u0103\u0163\u0103rii cu profesorul \u201egoag\u0103l\u201d \u00een dauna pred\u0103rii \u00eentr-o sala de clas\u0103. Care \u00eencearc\u0103 s\u0103 transmit\u0103 tr\u0103iri \u015fi sentimente odat\u0103 cu fapte istorice consemnate. Care \u00eencearc\u0103 s\u0103 demonstreze c\u0103 termenul de <em>con\u015ftiin\u0163\u0103 na\u0163ional\u0103<\/em> nu este unul desuet ci, dimpotriv\u0103, poate fi s\u0103dit \u00een sufletul tinerilor \u015fi, de ce nu \u015fi a p\u0103rin\u0163ilor.<\/p>\n\n\n\n<p><strong><em>Prof. Cristina B\u0102L\u0102NESCU<\/em><\/strong><\/p>\n\n\n\n<p><strong><em>\u015ecoala Gimnazial\u0103 nr. 5 Piatra-Neam\u0163<\/em><\/strong><\/p>\n","protected":false},"excerpt":{"rendered":"<p>Imediat dup\u0103 1989, ministru al \u00cenv\u0103\u0163\u0103m\u00e2ntului a fost numit Mihai \u015eora \u2013 atunci nimeni nu se g\u00e2ndea c\u0103 va ajunge s\u0103 tr\u0103iasc\u0103 peste 100 de ani \u015fi va putea contribui la discu\u0163iile despre \u015fcoala rom\u00e2neasc\u0103 nereformat\u0103 \u00eenc\u0103 \u2013 \u015fi se&hellip;<\/p>\n<p class=\"more-link-p\"><a class=\"more-link\" href=\"http:\/\/www.slineamt.ro\/apostolul\/scoala-nemteana-la-zi\/rataciti-intre-pandemii\/\">Read more &rarr;<\/a><\/p>\n","protected":false},"author":1,"featured_media":0,"comment_status":"open","ping_status":"closed","sticky":false,"template":"","format":"standard","meta":{"footnotes":""},"categories":[10,459],"tags":[],"class_list":["post-23101","post","type-post","status-publish","format-standard","hentry","category-scoala-nemteana-la-zi","category-numarul-253"],"_links":{"self":[{"href":"http:\/\/www.slineamt.ro\/apostolul\/wp-json\/wp\/v2\/posts\/23101","targetHints":{"allow":["GET"]}}],"collection":[{"href":"http:\/\/www.slineamt.ro\/apostolul\/wp-json\/wp\/v2\/posts"}],"about":[{"href":"http:\/\/www.slineamt.ro\/apostolul\/wp-json\/wp\/v2\/types\/post"}],"author":[{"embeddable":true,"href":"http:\/\/www.slineamt.ro\/apostolul\/wp-json\/wp\/v2\/users\/1"}],"replies":[{"embeddable":true,"href":"http:\/\/www.slineamt.ro\/apostolul\/wp-json\/wp\/v2\/comments?post=23101"}],"version-history":[{"count":1,"href":"http:\/\/www.slineamt.ro\/apostolul\/wp-json\/wp\/v2\/posts\/23101\/revisions"}],"predecessor-version":[{"id":23102,"href":"http:\/\/www.slineamt.ro\/apostolul\/wp-json\/wp\/v2\/posts\/23101\/revisions\/23102"}],"wp:attachment":[{"href":"http:\/\/www.slineamt.ro\/apostolul\/wp-json\/wp\/v2\/media?parent=23101"}],"wp:term":[{"taxonomy":"category","embeddable":true,"href":"http:\/\/www.slineamt.ro\/apostolul\/wp-json\/wp\/v2\/categories?post=23101"},{"taxonomy":"post_tag","embeddable":true,"href":"http:\/\/www.slineamt.ro\/apostolul\/wp-json\/wp\/v2\/tags?post=23101"}],"curies":[{"name":"wp","href":"https:\/\/api.w.org\/{rel}","templated":true}]}}