{"id":23107,"date":"2022-09-20T14:31:20","date_gmt":"2022-09-20T14:31:20","guid":{"rendered":"http:\/\/www.slineamt.ro\/apostolul\/?p=23107"},"modified":"2022-09-20T14:31:20","modified_gmt":"2022-09-20T14:31:20","slug":"ministerul-educatiei-precizari-privind-stabilirea-normei-didactice-de-predare-a-personalului-didactic-de-predare-in-anul-scolar-2022-2023","status":"publish","type":"post","link":"http:\/\/www.slineamt.ro\/apostolul\/scoala-nemteana-la-zi\/ministerul-educatiei-precizari-privind-stabilirea-normei-didactice-de-predare-a-personalului-didactic-de-predare-in-anul-scolar-2022-2023\/","title":{"rendered":"Ministerul Educa\u0163iei: Preciz\u0103ri privind stabilirea normei didactice de predare a personalului didactic de predare \u00een anul \u015fcolar 2022-2023"},"content":{"rendered":"<div class=\"wp-block-image\">\n<figure class=\"alignleft size-full\"><a href=\"http:\/\/www.slineamt.ro\/apostolul\/wp-content\/uploads\/2022\/09\/10-ap253-foto1.jpg\"><img loading=\"lazy\" decoding=\"async\" width=\"170\" height=\"170\" src=\"http:\/\/www.slineamt.ro\/apostolul\/wp-content\/uploads\/2022\/09\/10-ap253-foto1.jpg\" alt=\"\" class=\"wp-image-23108\" srcset=\"http:\/\/www.slineamt.ro\/apostolul\/wp-content\/uploads\/2022\/09\/10-ap253-foto1.jpg 170w, http:\/\/www.slineamt.ro\/apostolul\/wp-content\/uploads\/2022\/09\/10-ap253-foto1-150x150.jpg 150w, http:\/\/www.slineamt.ro\/apostolul\/wp-content\/uploads\/2022\/09\/10-ap253-foto1-160x160.jpg 160w\" sizes=\"auto, (max-width: 170px) 100vw, 170px\" \/><\/a><\/figure>\n<\/div>\n\n\n<p><strong>DIREC\u0162IA GENERAL\u0102 \u00ceNV\u0102\u0162\u0102M\u00c2NT PREUNIVERSITAR<\/strong><\/p>\n\n\n\n<p><strong>CENTRUL NA\u0162IONAL DE DEZVOLTARE A<\/strong><\/p>\n\n\n\n<p><strong>\u00ceNV\u0102\u0162\u0102M\u00c2NTULUI PROFESIONAL \u015eI TEHNIC<\/strong><\/p>\n\n\n\n<p><strong>Nr. VET 1589\/07.09.2022<\/strong><\/p>\n\n\n\n<p><strong>Aprob,<\/strong><\/p>\n\n\n\n<p><strong>Secretar de Stat,<\/strong><\/p>\n\n\n\n<p><strong>Ionel Florian LIXANDRU<\/strong><\/p>\n\n\n\n<p><\/p>\n\n\n\n<p>1. \u00cen conformitate cu prevederile Legii educa\u0163iei na\u0163ionale nr. 1\/2011, cu modific\u0103rile \u015fi complet\u0103rile ulterioare \u015fi ale Ordinului Ministrului Educa\u0163iei nr. 3505\/ 31.03.2022 privind structura anului \u015fcolar 2022-2023, norma didactic\u0103 de predare pentru anul \u015fcolar 2022-2023 se calculeaz\u0103 pentru num\u0103rul de s\u0103pt\u0103m\u00e2ni ale anului \u015fcolar, respectiv 36 de s\u0103pt\u0103m\u00e2ni.<\/p>\n\n\n\n<p>2. Pentru \u00eenv\u0103\u0163\u0103m\u00e2ntul profesional \u015fi liceal \u2013 filiera tehnologic\u0103, num\u0103rul de s\u0103pt\u0103m\u00e2ni de cursuri este stabilit \u00een conformitate cu prevederile Ordinului ME nr. 3505\/ 31.03.2022 privind structura anului \u015fcolar 2022-2023, iar m\u0103surile de aplicare \u015fi corelare a planurilor de \u00eenv\u0103\u0163\u0103m\u00e2nt pentru \u00eenv\u0103\u0163\u0103m\u00e2ntul profesional, liceal \u2013 filiera tehnologic\u0103 \u015fi postliceal cu structura anului \u015fcolar 2022 \u2013 2023 sunt aprobate prin Ordinul ME nr. 3610\/ 20.04.2022. Pentru \u00eenv\u0103\u0163\u0103m\u00e2ntul postliceal, \u00eenv\u0103\u0163\u0103m\u00e2ntul profesional special \u015fi stagiile de preg\u0103tire practic\u0103, num\u0103rul de s\u0103pt\u0103m\u00e2ni de cursuri este stabilit \u00een conformitate cu prevederile Ordinului ME nr. 3610\/ 20.04.2022. Pentru \u00eenv\u0103\u0163\u0103m\u00e2ntul special \u2013 clasele a IX-a \u2013 a XI-a, ciclul inferior al liceului, filiera tehnologic\u0103, se respect\u0103 durata cursurilor stabilit\u0103 prin planurile cadru de \u00eenv\u0103\u0163\u0103m\u00e2nt \u00een vigoare, aprobate prin Ordinul MECI nr. 3414\/ 2009.<\/p>\n\n\n\n<p>3. \u00cen func\u0163ie de calificarea profesional\u0103 \u015fi de nivelul de calificare, precum \u015fi de modul de organizare a activit\u0103\u0163ii \u015fcolare a unit\u0103\u0163ii de \u00eenv\u0103\u0163\u0103m\u00e2nt (elaborarea schemei orare, parteneriatul cu operatorul economic), structura s\u0103pt\u0103m\u00e2nilor de curs poate fi diferit\u0103 \u015fi cuprinde prin alternan\u0163\u0103:<\/p>\n\n\n\n<p>&#8211; s\u0103pt\u0103m\u00e2ni simple, f\u0103r\u0103 preg\u0103tire practic\u0103;<\/p>\n\n\n\n<p>&#8211; s\u0103pt\u0103m\u00e2ni mixte care con\u0163in preg\u0103tire teoretic\u0103 \u015fi preg\u0103tire practic\u0103;<\/p>\n\n\n\n<p>&#8211; s\u0103pt\u0103m\u00e2ni cu preg\u0103tire practic\u0103 comasat\u0103\/stagii de preg\u0103tire practic\u0103.<\/p>\n\n\n\n<p>4. Pentru anul \u015fcolar 2022 \u2013 2023, indiferent de num\u0103rul de s\u0103pt\u0103m\u00e2ni prev\u0103zute \u00een planurile cadru de \u00eenv\u0103\u0163\u0103m\u00e2nt \u015fi de structura s\u0103pt\u0103m\u00e2nilor de curs, calculul normei didactice de predare anuale pentru cadrele didactice se face astfel:<\/p>\n\n\n\n<p>&#8211; pentru profesori: 36 s\u0103pt\u0103m\u00e2ni x 18 ore\/ s\u0103pt\u0103m\u00e2n\u0103;<\/p>\n\n\n\n<p>&#8211; pentru mai\u015ftri instructori\/profesori de instruire practic\u0103: 36 s\u0103pt\u0103m\u00e2ni x 24 ore \/s\u0103pt\u0103m\u00e2n\u0103.<\/p>\n\n\n\n<p>5. Norma didactic\u0103 de predare anual\u0103 pentru cadrele didactice din \u00eenv\u0103\u0163\u0103m\u00e2ntul special se stabile\u015fte astfel:<\/p>\n\n\n\n<p>&#8211; pentru profesori la predare: 36 s\u0103pt\u0103m\u00e2ni x 16 ore\/s\u0103pt\u0103m\u00e2n\u0103;<\/p>\n\n\n\n<p>&#8211; pentru profesori \u2013 educatori \u015fi profesori pentru instruire practic\u0103: 36 s\u0103pt\u0103m\u00e2ni x 20 ore \/s\u0103pt\u0103m\u00e2n\u0103.<\/p>\n\n\n\n<p>6. \u00cencadrarea cu norm\u0103 didactic\u0103 \u00eentreag\u0103 (complet\u0103) a cadrelor didactice se face astfel \u00eenc\u00e2t num\u0103rul de ore realizat anual s\u0103 fie egal cu cel precizat la punctele 4 \u015fi 5.<\/p>\n\n\n\n<p>7. Personalul didactic de predare din \u00eenv\u0103\u0163\u0103m\u00e2ntul secundar \u015fi ter\u0163iar non universitar, din \u00eenv\u0103\u0163\u0103m\u00e2ntul special \u015fi personalul de instruire practic\u0103 cu o vechime \u00een \u00eenv\u0103\u0163\u0103m\u00e2nt de peste 25 de ani \u015fi gradul didactic I a c\u0103ror solicitare de reducere a normei didactice de predare a fost aprobat\u0103 de c\u0103tre consiliile de administra\u0163ie, va fi \u00eencadrat prin reducerea normei didactice cu 2 ore s\u0103pt\u0103m\u00e2nal, f\u0103r\u0103 diminuarea salariului.<\/p>\n\n\n\n<p>8. \u00cen conformitate cu prevederile Ordinului ME nr. 3505\/31.03.2022 privind structura anului \u015fcolar 2022-2023, cursurile pentru elevii din clasele a VIII-a se \u00eencheie la data de 9 iunie 2023.<\/p>\n\n\n\n<p>9. Cadrele didactice care au \u00een \u00eencadrare clasa a VIII-a vor planifica activitatea astfel \u00eenc\u00e2t s\u0103 se realizeze parcurgerea integral\u0103 a programelor \u015fcolare.<\/p>\n\n\n\n<p>10. \u00cen baza prevederilor art. 262, alin. (1), lit. a) din Legea educa\u0163iei na\u0163ionale nr. 1 \/2011, cu modific\u0103rile \u015fi complet\u0103rile ulterioare, \u00een perioada 12 \u2013 16 iunie 2023, conducerile unit\u0103\u0163ilor de \u00eenv\u0103\u0163\u0103m\u00e2nt vor atribui cadrelor didactice care predau la clasa a VIII-a sarcini de lucru specifice sf\u00e2r\u015fitului de an \u015fcolar, preg\u0103tirii evalu\u0103rii na\u0163ionale pentru elevii claselor a VIII-a, precum \u015fi admiterii \u00een clasa a IX-a.<\/p>\n\n\n\n<p>11. \u00cen conformitate cu prevederile Ordinului ME nr. 3505\/ 31.03.2022 privind structura anului \u015fcolar 2022-2023, cursurile claselor a XII-a zi, a XIII-a seral \u015fi frecven\u0163\u0103 redus\u0103 se \u00eencheie la dat\u0103 de 2 iunie 2023.<\/p>\n\n\n\n<p>12. Cadrele didactice din unit\u0103\u0163ile de \u00eenv\u0103\u0163\u0103m\u00e2nt liceal vor planifica activitatea claselor a XII-a zi, a XIII-a seral \u015fi frecven\u0163\u0103 redus\u0103 astfel \u00eenc\u00e2t s\u0103 se realizeze parcurgerea integral\u0103 a programelor \u015fcolare.<\/p>\n\n\n\n<p>13. Cadrele didactice din unit\u0103\u0163ile de \u00eenv\u0103\u0163\u0103m\u00e2nt liceal, filiera tehnologic\u0103, care au \u00een \u00eencadrare clasele a XII-a zi, a XIII-a seral \u015fi frecven\u0163\u0103 redus\u0103 vor planific\u0103 activitatea astfel \u00eenc\u00e2t s\u0103 se realizeze parcurgerea integral\u0103 a programelor \u015fcolare, respect\u00e2nd prevederile ordinului ME nr. 3610\/ 20.04.2022 privind m\u0103surile de aplicare \u015fi corelare a planurilor de \u00eenv\u0103\u0163\u0103m\u00e2nt pentru \u00eenv\u0103\u0163\u0103m\u00e2ntul profesional, liceal \u2013 filiera tehnologic\u0103 \u015fi postliceal cu structura anului \u015fcolar 2022- 2023.<\/p>\n\n\n\n<p>14. \u00cen baza prevederilor art. 262, alin.(1), lit. a) din Legea educa\u0163iei na\u0163ionale nr. 1\/2011, cu modific\u0103rile \u015fi complet\u0103rile ulterioare, \u00een perioada 6 \u2013 16 iunie 2023, conducerile unit\u0103\u0163ilor de \u00eenv\u0103\u0163\u0103m\u00e2nt liceal vor atribui cadrelor didactice care predau la clasele a XII-a zi, a XIII-a seral \u015fi frecven\u0163\u0103 redus\u0103 sarcini de lucru specifice sf\u00e2r\u015fitului de an \u015fcolar, preg\u0103tirii examenului de bacalaureat, precum \u015fi admiterii \u00een clasa a IX-a.<\/p>\n\n\n\n<p><strong><em>Director General DG\u00ceP \u2013 Mihaela Tania IRIMIA<\/em><\/strong><\/p>\n\n\n\n<p><strong><em>Director General DGRURS \u2013 Corina MARIN<\/em><\/strong><\/p>\n\n\n\n<p><strong><em>Director CNDIPT, Dalia-Maria MIRCEA \u2013 D\u0102RAMU\u015e<\/em><\/strong><\/p>\n\n\n\n<p><strong><em>Director \u2013 Adrian Marius B\u0102RBULESCU<\/em><\/strong><\/p>\n\n\n\n<p><strong><em>Inspector \u2013 Gabriela DR\u0102GAN<\/em><\/strong><\/p>\n\n\n\n<p><strong><em>Inspectori de specialitate \u2013 Carmen R\u0102ILEANU,<\/em><\/strong><\/p>\n\n\n\n<p><strong><em>Denisa OLTEANU, Andreea MU\u015eOIU<\/em><\/strong><\/p>\n","protected":false},"excerpt":{"rendered":"<p>DIREC\u0162IA GENERAL\u0102 \u00ceNV\u0102\u0162\u0102M\u00c2NT PREUNIVERSITAR CENTRUL NA\u0162IONAL DE DEZVOLTARE A \u00ceNV\u0102\u0162\u0102M\u00c2NTULUI PROFESIONAL \u015eI TEHNIC Nr. VET 1589\/07.09.2022 Aprob, Secretar de Stat, Ionel Florian LIXANDRU 1. \u00cen conformitate cu prevederile Legii educa\u0163iei na\u0163ionale nr. 1\/2011, cu modific\u0103rile \u015fi complet\u0103rile ulterioare \u015fi ale&hellip;<\/p>\n<p class=\"more-link-p\"><a class=\"more-link\" href=\"http:\/\/www.slineamt.ro\/apostolul\/scoala-nemteana-la-zi\/ministerul-educatiei-precizari-privind-stabilirea-normei-didactice-de-predare-a-personalului-didactic-de-predare-in-anul-scolar-2022-2023\/\">Read more &rarr;<\/a><\/p>\n","protected":false},"author":1,"featured_media":0,"comment_status":"open","ping_status":"closed","sticky":false,"template":"","format":"standard","meta":{"footnotes":""},"categories":[10,459],"tags":[],"class_list":["post-23107","post","type-post","status-publish","format-standard","hentry","category-scoala-nemteana-la-zi","category-numarul-253"],"_links":{"self":[{"href":"http:\/\/www.slineamt.ro\/apostolul\/wp-json\/wp\/v2\/posts\/23107","targetHints":{"allow":["GET"]}}],"collection":[{"href":"http:\/\/www.slineamt.ro\/apostolul\/wp-json\/wp\/v2\/posts"}],"about":[{"href":"http:\/\/www.slineamt.ro\/apostolul\/wp-json\/wp\/v2\/types\/post"}],"author":[{"embeddable":true,"href":"http:\/\/www.slineamt.ro\/apostolul\/wp-json\/wp\/v2\/users\/1"}],"replies":[{"embeddable":true,"href":"http:\/\/www.slineamt.ro\/apostolul\/wp-json\/wp\/v2\/comments?post=23107"}],"version-history":[{"count":1,"href":"http:\/\/www.slineamt.ro\/apostolul\/wp-json\/wp\/v2\/posts\/23107\/revisions"}],"predecessor-version":[{"id":23109,"href":"http:\/\/www.slineamt.ro\/apostolul\/wp-json\/wp\/v2\/posts\/23107\/revisions\/23109"}],"wp:attachment":[{"href":"http:\/\/www.slineamt.ro\/apostolul\/wp-json\/wp\/v2\/media?parent=23107"}],"wp:term":[{"taxonomy":"category","embeddable":true,"href":"http:\/\/www.slineamt.ro\/apostolul\/wp-json\/wp\/v2\/categories?post=23107"},{"taxonomy":"post_tag","embeddable":true,"href":"http:\/\/www.slineamt.ro\/apostolul\/wp-json\/wp\/v2\/tags?post=23107"}],"curies":[{"name":"wp","href":"https:\/\/api.w.org\/{rel}","templated":true}]}}