{"id":23110,"date":"2022-09-20T14:32:58","date_gmt":"2022-09-20T14:32:58","guid":{"rendered":"http:\/\/www.slineamt.ro\/apostolul\/?p=23110"},"modified":"2022-09-20T14:32:58","modified_gmt":"2022-09-20T14:32:58","slug":"de-la-paradigma-sociala-a-credintei-la-activitatile-out-door-in-cadrul-orelor-de-religie","status":"publish","type":"post","link":"http:\/\/www.slineamt.ro\/apostolul\/nihil-sine-deo\/de-la-paradigma-sociala-a-credintei-la-activitatile-out-door-in-cadrul-orelor-de-religie\/","title":{"rendered":"De la paradigma social\u0103 a credin\u0163ei la activit\u0103\u0163ile out-door \u00een cadrul orelor de religie"},"content":{"rendered":"<div class=\"wp-block-image\">\n<figure class=\"alignleft size-full\"><a href=\"http:\/\/www.slineamt.ro\/apostolul\/wp-content\/uploads\/2022\/09\/09-ap253-foto1.jpg\"><img loading=\"lazy\" decoding=\"async\" width=\"454\" height=\"301\" src=\"http:\/\/www.slineamt.ro\/apostolul\/wp-content\/uploads\/2022\/09\/09-ap253-foto1.jpg\" alt=\"\" class=\"wp-image-23111\" srcset=\"http:\/\/www.slineamt.ro\/apostolul\/wp-content\/uploads\/2022\/09\/09-ap253-foto1.jpg 454w, http:\/\/www.slineamt.ro\/apostolul\/wp-content\/uploads\/2022\/09\/09-ap253-foto1-300x199.jpg 300w, http:\/\/www.slineamt.ro\/apostolul\/wp-content\/uploads\/2022\/09\/09-ap253-foto1-260x172.jpg 260w, http:\/\/www.slineamt.ro\/apostolul\/wp-content\/uploads\/2022\/09\/09-ap253-foto1-160x106.jpg 160w\" sizes=\"auto, (max-width: 454px) 100vw, 454px\" \/><\/a><\/figure>\n<\/div>\n\n\n<p>\u00cen s\u0103pt\u0103m\u00e2na 25-28 iulie 2022, \u00een cadrul Seminarului Teologic Ortodox \u201eVeniamin Costachi\u201d de la M\u0103n\u0103stirea Neam\u0163, s-au desf\u0103\u015furat lucr\u0103rile <strong>\u015ecolii de var\u0103 a profesorilor de religie<\/strong> din \u0163ara noastr\u0103.<\/p>\n\n\n\n<p>Coordonate de c\u0103tre ISJ Neam\u0163, ISJ Olt, ISMB, ISJ Buz\u0103u, Asocia\u0163ia Profesor de Religie, Liceul Teoretic \u201eAlexandru Ioan Cuza\u201d Corabia (Olt), Colegiul Na\u0163ional Pedagogic \u201eGheorghe Laz\u0103r\u201d din Cluj-Napoca, \u00een cadrul proiectului RED-Religie, activit\u0103\u0163ile desf\u0103\u015furate s-au centrat pe dou\u0103 teme:<\/p>\n\n\n\n<p><em>Paradigma social\u0103 a credin\u0163ei <\/em>\u015fi<em> Religia \u00een activit\u0103\u0163ile out-door\/ non-formal<\/em>.<\/p>\n\n\n\n<p>Dup\u0103 cum au declarat organizatorii, <em>\u015ecoala de var\u0103 este conceput\u0103 pentru profesorii care doresc s\u0103-\u015fi \u00eembun\u0103t\u0103\u0163easc\u0103 activitatea didactic\u0103, s\u0103 ofere o varietate de experien\u0163e pentru a construi cuno\u015ftin\u0163e, competen\u0163e, abilit\u0103\u0163i \u015fi s\u0103 propun\u0103 activit\u0103\u0163i inedite \u00een educa\u0163ia religioas\u0103. Dorim s\u0103 reflect\u0103m critic \u015fi creativ asupra propriului act didactic, s\u0103 g\u0103sim cea mai bun\u0103 cale de aplicare, \u00een diverse contexte educa\u0163ionale a celor \u00eensu\u015fite la aceast\u0103 activitate. Echipa, creativitatea \u015fi comunicarea sunt punctele noastre de reper<\/em>.<\/p>\n\n\n\n<p>Cum era \u015fi firesc, \u00eentr-o asemenea conjunctur\u0103, activit\u0103\u0163ile au debutat, \u00een data de 25 iulie 2022, cu o slujb\u0103 de Te Deum oficiat\u0103 \u00een Biserica \u201eSf\u00e2ntul Ioan Iacob Hozevitul\u201d, aflat\u0103 \u00een curtea institu\u0163iei gazd\u0103. Participan\u0163ii s-au bucurat de prezen\u0163a unor invita\u0163i de seam\u0103, personalit\u0103\u0163i marcante \u00een domeniile teologiei \u015fi pedagogiei, care au sus\u0163inut prelegeri \u00een tematica proiectului: conf. univ. dr. Vasile Timi\u015f, de la Universitatea \u201eBabe\u015f-Bolyai\u201d din Cluj-Napoca, inspector general \u00een cadrul Ministerului Educa\u0163iei, cu tema <em>Religiozitate \u015fi antireligiozitate \u00een Europa secolului XXI<\/em>; prof. univ. dr. Adrian Opre, de la Facultatea de Psihologie \u015fi \u015etiin\u0163ele Educa\u0163iei din cadrul Universit\u0103\u0163ii \u201eBabe\u015f-Bolyai\u201d din Cluj-Napoca, pe subiectul <em>Religia \u00een context social<\/em>; pr. prof. univ. dr. Mihai Himcinschi, de la Facultatea de Teologie Ortodox\u0103 a Universit\u0103\u0163ii \u201e1 Decembrie 1918\u201d din Alba Iulia, cu lucrarea <em>Dogm\u0103 \u015fi via\u0163\u0103<\/em>; lect. univ. dr. Ramona Buzgar, de la Facultatea de Psihologie \u015fi \u015etiin\u0163ele Educa\u0163iei din cadrul Universit\u0103\u0163ii \u201eBabe\u015f-Bolyai\u201d din Cluj-Napoca, pe tema <em>Religia \u00een context educa\u0163ional<\/em>. La finalul fiec\u0103rei prelegeri au avut loc discu\u0163ii libere, \u00eentreb\u0103ri \u015fi interven\u0163ii cu privire la tema abordat\u0103. Tot din r\u00e2ndul invita\u0163ilor a f\u0103cut parte \u015fi pr. dr. Ioan Emilian Raza, de la Spitalul Universitar \u201eMedical\u0103 IV\u201d din Cluj-Napoca, care a \u00eenfrumuse\u0163at aceast\u0103 perioad\u0103 prin <em>Dialogurile de sear\u0103<\/em>.<\/p>\n\n\n\n<p>Diverse ca structur\u0103, mesaj \u015fi tipul desf\u0103\u015fur\u0103rii, activit\u0103\u0163ile au vizat religia ca disciplin\u0103 de studiu \u00een contextul actual. Dintre acestea amintim: <em>Religia \u00een proiecte out-door; Activit\u0103\u0163i non-formale \u2013 exemple de bune practici; Emo\u0163iile \u00een cadrul orei de religie; Cartea mea de suflet; Aplicarea Curriculumului Na\u0163ional la disciplina religie; Perspective: proiectele Erasmus+ \u015fi Etwinning \u00een dezvoltarea personal\u0103 \u015fi profesional\u0103<\/em>.<\/p>\n\n\n\n<p>Aflat\u0103 la prima edi\u0163ie \u015fi conceput\u0103 pentru cadrele didactice care doresc s\u0103-\u015fi perfec\u0163ioneze activitatea didactic\u0103, prin activit\u0103\u0163ile sale, \u015fcoala de var\u0103 \u015fi-a propus \u015fi a reu\u015fit, \u00een mare m\u0103sur\u0103, s\u0103 reflecteze critic \u015fi creativ asupra actului didactic, comunicarea \u015fi colaborarea constituind punctele forte.<\/p>\n\n\n\n<p>Consider\u0103m c\u0103 astfel de \u00eent\u00e2lniri sunt mai mult dec\u00e2t necesare, schimbul de experien\u0163\u0103 \u015fi bucuria comuniunii duc\u00e2nd la optimizarea modului \u00een care \u00een\u0163elegem rolul formativ-educativ al educa\u0163iei religioase ast\u0103zi.<\/p>\n\n\n\n<p><strong><em>Prof. dr. Mihai FLOROAIA<\/em><\/strong><\/p>\n","protected":false},"excerpt":{"rendered":"<p>\u00cen s\u0103pt\u0103m\u00e2na 25-28 iulie 2022, \u00een cadrul Seminarului Teologic Ortodox \u201eVeniamin Costachi\u201d de la M\u0103n\u0103stirea Neam\u0163, s-au desf\u0103\u015furat lucr\u0103rile \u015ecolii de var\u0103 a profesorilor de religie din \u0163ara noastr\u0103. Coordonate de c\u0103tre ISJ Neam\u0163, ISJ Olt, ISMB, ISJ Buz\u0103u, Asocia\u0163ia&hellip;<\/p>\n<p class=\"more-link-p\"><a class=\"more-link\" href=\"http:\/\/www.slineamt.ro\/apostolul\/nihil-sine-deo\/de-la-paradigma-sociala-a-credintei-la-activitatile-out-door-in-cadrul-orelor-de-religie\/\">Read more &rarr;<\/a><\/p>\n","protected":false},"author":1,"featured_media":0,"comment_status":"open","ping_status":"closed","sticky":false,"template":"","format":"standard","meta":{"footnotes":""},"categories":[22,459],"tags":[],"class_list":["post-23110","post","type-post","status-publish","format-standard","hentry","category-nihil-sine-deo","category-numarul-253"],"_links":{"self":[{"href":"http:\/\/www.slineamt.ro\/apostolul\/wp-json\/wp\/v2\/posts\/23110","targetHints":{"allow":["GET"]}}],"collection":[{"href":"http:\/\/www.slineamt.ro\/apostolul\/wp-json\/wp\/v2\/posts"}],"about":[{"href":"http:\/\/www.slineamt.ro\/apostolul\/wp-json\/wp\/v2\/types\/post"}],"author":[{"embeddable":true,"href":"http:\/\/www.slineamt.ro\/apostolul\/wp-json\/wp\/v2\/users\/1"}],"replies":[{"embeddable":true,"href":"http:\/\/www.slineamt.ro\/apostolul\/wp-json\/wp\/v2\/comments?post=23110"}],"version-history":[{"count":1,"href":"http:\/\/www.slineamt.ro\/apostolul\/wp-json\/wp\/v2\/posts\/23110\/revisions"}],"predecessor-version":[{"id":23112,"href":"http:\/\/www.slineamt.ro\/apostolul\/wp-json\/wp\/v2\/posts\/23110\/revisions\/23112"}],"wp:attachment":[{"href":"http:\/\/www.slineamt.ro\/apostolul\/wp-json\/wp\/v2\/media?parent=23110"}],"wp:term":[{"taxonomy":"category","embeddable":true,"href":"http:\/\/www.slineamt.ro\/apostolul\/wp-json\/wp\/v2\/categories?post=23110"},{"taxonomy":"post_tag","embeddable":true,"href":"http:\/\/www.slineamt.ro\/apostolul\/wp-json\/wp\/v2\/tags?post=23110"}],"curies":[{"name":"wp","href":"https:\/\/api.w.org\/{rel}","templated":true}]}}