{"id":23113,"date":"2022-09-20T14:35:21","date_gmt":"2022-09-20T14:35:21","guid":{"rendered":"http:\/\/www.slineamt.ro\/apostolul\/?p=23113"},"modified":"2022-09-20T14:35:21","modified_gmt":"2022-09-20T14:35:21","slug":"simpozionul-international-de-acuarela-iulia-halaucescu","status":"publish","type":"post","link":"http:\/\/www.slineamt.ro\/apostolul\/pasi-spre-europa\/simpozionul-international-de-acuarela-iulia-halaucescu\/","title":{"rendered":"Simpozionul Interna\u0163ional de Acuarel\u0103 \u201eIulia H\u0103l\u0103ucescu\u201d"},"content":{"rendered":"<div class=\"wp-block-image\">\n<figure class=\"alignleft size-full\"><a href=\"http:\/\/www.slineamt.ro\/apostolul\/wp-content\/uploads\/2022\/09\/08-ap253-foto1.jpg\"><img loading=\"lazy\" decoding=\"async\" width=\"605\" height=\"223\" src=\"http:\/\/www.slineamt.ro\/apostolul\/wp-content\/uploads\/2022\/09\/08-ap253-foto1.jpg\" alt=\"\" class=\"wp-image-23114\" srcset=\"http:\/\/www.slineamt.ro\/apostolul\/wp-content\/uploads\/2022\/09\/08-ap253-foto1.jpg 605w, http:\/\/www.slineamt.ro\/apostolul\/wp-content\/uploads\/2022\/09\/08-ap253-foto1-300x111.jpg 300w, http:\/\/www.slineamt.ro\/apostolul\/wp-content\/uploads\/2022\/09\/08-ap253-foto1-560x206.jpg 560w, http:\/\/www.slineamt.ro\/apostolul\/wp-content\/uploads\/2022\/09\/08-ap253-foto1-260x96.jpg 260w, http:\/\/www.slineamt.ro\/apostolul\/wp-content\/uploads\/2022\/09\/08-ap253-foto1-160x59.jpg 160w\" sizes=\"auto, (max-width: 605px) 100vw, 605px\" \/><\/a><\/figure>\n<\/div>\n\n\n<p>\u00cen anul 2019, Funda\u0163ia \u201eMircea Titus Romanescu\u201d a ini\u0163iat un inedit \u015fi rodnic proiect, care \u015fi-a propus readucerea \u00een actualitate a figurii Iuliei H\u0103l\u0103ucescu \u2013 doamna acuarelei rom\u00e2ne\u015fti \u2013 prin promovarea tehnicii acuarelei, \u00een cadrul <strong>Simpozionului Interna\u0163ional de Acuarel\u0103 \u201eIulia H\u0103l\u0103ucescu\u201d<\/strong>.<\/p>\n\n\n\n<p>Cele patru simpozioane desf\u0103\u015furate anual \u00eencep\u00e2nd cu anul 2019 au reunit acuareli\u015fti de prestigiu, din \u0163ar\u0103 \u015fi str\u0103in\u0103tate, care au lucrat \u00eempreun\u0103 pe locurile umblate \u015fi imortalizate de Iulia H\u0103l\u0103ucescu, complet\u00e2nd prin generozitatea lor colec\u0163ia de acuarel\u0103 contemporan\u0103 a singurului Muzeu de Art\u0103 dedicat acuarelei din \u0163ar\u0103, aflat la Tarc\u0103u. Au participat \u00een total 20 de arti\u015fti: Crinela ANTONESCU, Ion Alexandru ANTONESCU, Dumitru BOSTAN, Teodor BUZU, Grigore CARAT\u0102, Corneliu DR\u0102GAN T\u00c2RGOVI\u015eTE, Iosif HAIDU, Ema HAGIU, Mirela HAGIU, Valeriu JABINSCHI, Lucia JUNCU, Eugen M\u0102CINIC, Eugen MIRCEA, Nadia NEGRU, Valter PARASCHIVESCU, Corina PERIANU, Arcadie R\u0102ILEANU, Mircea Titus ROMANESCU, Yan SU \u015fi Teodor VI\u015eAN. Numele arti\u015ftilor participan\u0163i, \u015fcolile absolvite, stiluri personale de abordare au f\u0103cut ca Tarc\u0103ul s\u0103 devin\u0103 un adev\u0103rat creuzet al crea\u0163iei \u00een dificila \u015fi pre\u0163ioasa tehnic\u0103 a acuarelei.<\/p>\n\n\n\n<p>Ajuns\u0103 anul acesta la cea de-a patra edi\u0163ie, manifestarea cultural\u0103 s-a desf\u0103\u015furat \u00een perioada 22 iulie &#8211; 3 august, la cabana \u201eZorile Tarc\u0103ului\u201d de l\u00e2ng\u0103 Schitul Tarc\u0103u, rezultatul dorit fiind \u015fi o recontextualizare cultural\u0103 a Tarc\u0103ului, ca reper pe traseele culturale na\u0163ionale \u015fi europene.<\/p>\n\n\n\n<p>Parte din picturile realizate \u00een cadrul atelierelor de crea\u0163ie ale celor patru edi\u0163ii au fost prezentate pentru prima dat\u0103 publicului iubitor de art\u0103 cu ocazia vernis\u0103rii <strong>Expozi\u0163iei Simpozionului Interna\u0163ional de acuarel\u0103 \u201eIulia H\u0103l\u0103ucescu\u201d, Tarc\u0103u 2019-2022<\/strong>, ce a avut loc la Muzeul de Art\u0103 din Piatra-Neam\u0163, \u00een data de 2 august 2022, orele 17.00. Expozi\u0163ia a putut fi vizitat\u0103 p\u00e2n\u0103 pe data de 30 august 2022.<\/p>\n\n\n\n<p>Regina expozi\u0163iei este \u00eens\u0103\u015fi capodopera Iuliei H\u0103l\u0103ucescu \u2013 Trandafiri din Moldova \u2013 care ne dovede\u015fte \u00eenc\u0103 o dat\u0103 geniul s\u0103u creator \u015fi justific\u0103 venera\u0163ia at\u00e2tor pictori.<\/p>\n\n\n\n<p>M-a impresionat foarte mult precizia tu\u015fei \u00een aceast\u0103 complicat\u0103 tehnic\u0103 a acuarelei oferit\u0103 de tablourile artistului <strong>Corneliu Dr\u0103gan-T\u00e2rgovi\u015fte<\/strong>, pe care l-a\u015f pune ca valoare imediat dup\u0103 cea a Iuliei H\u0103l\u0103ucescu \u015fi cap de afi\u015f al acestei expozi\u0163ii. \u00cen plus, impresioneaz\u0103 o alternan\u0163\u0103 clar-obscur foarte reu\u015fit\u0103 \u015fi o vag\u0103 impresie de fotografie vintage, care ne duce cu g\u00e2ndul la cuvintele maestrului: \u201eCeea ce vezi trebuie s\u0103-\u0163i creeze o anumit\u0103 stare!\u201d<\/p>\n\n\n\n<p>O men\u0163iune special\u0103 merit\u0103 <strong>Mircea Titus Romanescu<\/strong>, foarte bine reprezentat \u00een expozi\u0163ie \u00een lucr\u0103ri care se remarc\u0103 prin existen\u0163a unui contur care \u00eent\u0103re\u015fte formele, contur \u00een nuan\u0163e de negru \u015fi gri (ce aproape lipsesc la celelalte tablouri), fapt ce d\u0103 o semn\u0103tur\u0103 specific\u0103 \u015fi absolut personal\u0103 crea\u0163iilor. Aceasta este dublat\u0103 de o nuan\u0163\u0103 de cubism, inspirat integrat\u0103 \u00een peisaje.<\/p>\n\n\n\n<p><strong>Arcadie R\u0103ileanu<\/strong> se prezint\u0103 cu acuarele \u00een \u015fcoala Iuliei H\u0103l\u0103ucescu, conceptualizate \u00een tablouri ce aproape pot fi confundate cu ale acesteia. Am admirat opere ale maestrului Arcadie R\u0103ileanu care aproape vorbesc cu vocea Iuliei H\u0103l\u0103ucescu, \u00een acela\u015fi spirit cu aceasta, at\u00e2t \u00een ceea ce prive\u015fte alegerea culorilor c\u00e2t \u015fi curgerea acestora.<\/p>\n\n\n\n<p>Remarcabile sunt \u015fi florile lui <strong>Eugen Mircea<\/strong> cu degradeurile lor \u00eenc\u00e2nt\u0103toare precum \u015fi fascinantul peisaj de p\u0103dure care fur\u0103 ochiul prin detaliu. <strong>Mirela Hagiu<\/strong> impresioneaz\u0103 prin peisaje \u00eenv\u0103luite \u00eentr-o mare de verde crud \u015fi casele de \u0163ar\u0103 care primesc lumina albastr\u0103, \u00eemprumutat\u0103 de la cer \u00eentr-un mod special, capt\u00e2nd frumos aten\u0163ia. <strong>Yan Su<\/strong> aduce pe simeze lucr\u0103ri de dimensiuni mari, pictate pe vertical\u0103, impregnate de spiritualitatea asiatic\u0103, \u00een care pastelurile se \u00eempletesc \u00eentr-un mod extrem de fericit.<\/p>\n\n\n\n<p>Am adus \u00een discu\u0163ie doar c\u00e2\u0163iva dintre arti\u015ftii care au expus, dar fiecare lucrare este un univers care merit\u0103 contemplat. O privire de ansamblu aruncat\u0103 \u00een expozi\u0163ie \u00ee\u0163i aduce o mare doz\u0103 de prospe\u0163ime \u015fi este o adev\u0103rat\u0103 efuziune coloristic\u0103.<\/p>\n\n\n\n<p>\u00cenchei cu c\u00e2teva g\u00e2nduri adresate publicului revistei noastre de c\u0103tre <strong>Mircea Titus Romanescu<\/strong>, coordonatorul expozi\u0163iei \u015fi simpozioanelor: <em>Expozi\u0163ia de acuarel\u0103 de la Muzeul de Art\u0103 din Piatra-Neam\u0163 readuce \u00een prim plan importan\u0163a \u015fi frumuse\u0163ea acuarelei ca gen de sine st\u0103t\u0103tor, dup\u0103 o lung\u0103 \u015fi nejustificat\u0103 uitare. \u00cen acela\u015fi timp rememoreaz\u0103 amintirea marei acureliste Iulia H\u0103l\u0103ucescu, un nume emblematic pentru ora\u015ful Piatra-Neam\u0163 \u015fi \u0163inutul natal al Tarc\u0103ului, dar \u015fi un artist de renume na\u0163ional \u015fi interna\u0163ional. \u00cen cei patru ani de activitate, ca simpozion de acuarel\u0103 la Tarc\u0103u, s-a constituit un grup de peste 20 de arti\u015fti speciali\u015fti \u00een acuarel\u0103, care, \u00eempreun\u0103, au realizat un bogat patrimoniu artistic, \u00een parte expus la Piatra-Neam\u0163 \u015fi care se va reitera \u00een viitor la muzeele de art\u0103 din \u00eentreaga \u0163ar\u0103. Acest efort al arti\u015ftilor a fost sus\u0163inut de partenerul nostru, Prim\u0103ria Tarc\u0103u. \u00cen afar\u0103 de cele 4 edi\u0163ii ale Simpozionului de acuarel\u0103, \u00een aceea\u015fi perioad\u0103 au mai fost \u015fi parteneriate \u00eencheiate cu minunatele pensiuni din zon\u0103, cum ar fi cel cu Pensiunea Poiana Soarelui din Brate\u015f, finalizat cu dou\u0103 tabere de acuarel\u0103, \u00een anii 2020 \u015fi 2021. Ca rezultat al Simpozioanelor de acuarel\u0103 \u015fi al expozi\u0163iei se poate remarca \u015fi o cre\u015ftere a interesului publicului de art\u0103 pentru acuarel\u0103. Aici, cred c\u0103 trebuie s\u0103 mul\u0163umim \u015fi memoriei doamnei acuarelei rom\u00e2ne\u015fti, Iulia H\u0103l\u0103ucescu care a ridicat, cu ani \u00een urm\u0103, at\u00e2t de sus \u015ftacheta gustului pentru acuarel\u0103, at\u00e2t pe plan local c\u00e2t \u015fi na\u0163ional.<\/em><\/p>\n\n\n\n<p><strong><em>Gianina BURUIAN\u0102<\/em><\/strong><\/p>\n","protected":false},"excerpt":{"rendered":"<p>\u00cen anul 2019, Funda\u0163ia \u201eMircea Titus Romanescu\u201d a ini\u0163iat un inedit \u015fi rodnic proiect, care \u015fi-a propus readucerea \u00een actualitate a figurii Iuliei H\u0103l\u0103ucescu \u2013 doamna acuarelei rom\u00e2ne\u015fti \u2013 prin promovarea tehnicii acuarelei, \u00een cadrul Simpozionului Interna\u0163ional de Acuarel\u0103 \u201eIulia&hellip;<\/p>\n<p class=\"more-link-p\"><a class=\"more-link\" href=\"http:\/\/www.slineamt.ro\/apostolul\/pasi-spre-europa\/simpozionul-international-de-acuarela-iulia-halaucescu\/\">Read more &rarr;<\/a><\/p>\n","protected":false},"author":1,"featured_media":0,"comment_status":"open","ping_status":"closed","sticky":false,"template":"","format":"standard","meta":{"footnotes":""},"categories":[9,459],"tags":[],"class_list":["post-23113","post","type-post","status-publish","format-standard","hentry","category-pasi-spre-europa","category-numarul-253"],"_links":{"self":[{"href":"http:\/\/www.slineamt.ro\/apostolul\/wp-json\/wp\/v2\/posts\/23113","targetHints":{"allow":["GET"]}}],"collection":[{"href":"http:\/\/www.slineamt.ro\/apostolul\/wp-json\/wp\/v2\/posts"}],"about":[{"href":"http:\/\/www.slineamt.ro\/apostolul\/wp-json\/wp\/v2\/types\/post"}],"author":[{"embeddable":true,"href":"http:\/\/www.slineamt.ro\/apostolul\/wp-json\/wp\/v2\/users\/1"}],"replies":[{"embeddable":true,"href":"http:\/\/www.slineamt.ro\/apostolul\/wp-json\/wp\/v2\/comments?post=23113"}],"version-history":[{"count":1,"href":"http:\/\/www.slineamt.ro\/apostolul\/wp-json\/wp\/v2\/posts\/23113\/revisions"}],"predecessor-version":[{"id":23115,"href":"http:\/\/www.slineamt.ro\/apostolul\/wp-json\/wp\/v2\/posts\/23113\/revisions\/23115"}],"wp:attachment":[{"href":"http:\/\/www.slineamt.ro\/apostolul\/wp-json\/wp\/v2\/media?parent=23113"}],"wp:term":[{"taxonomy":"category","embeddable":true,"href":"http:\/\/www.slineamt.ro\/apostolul\/wp-json\/wp\/v2\/categories?post=23113"},{"taxonomy":"post_tag","embeddable":true,"href":"http:\/\/www.slineamt.ro\/apostolul\/wp-json\/wp\/v2\/tags?post=23113"}],"curies":[{"name":"wp","href":"https:\/\/api.w.org\/{rel}","templated":true}]}}