{"id":23202,"date":"2022-10-25T04:34:25","date_gmt":"2022-10-25T04:34:25","guid":{"rendered":"http:\/\/www.slineamt.ro\/apostolul\/?p=23202"},"modified":"2022-10-25T04:34:25","modified_gmt":"2022-10-25T04:34:25","slug":"proiect-local-de-interes-public-marca-laurentiu-dimisca","status":"publish","type":"post","link":"http:\/\/www.slineamt.ro\/apostolul\/arte-si-meserii-plastica\/proiect-local-de-interes-public-marca-laurentiu-dimisca\/","title":{"rendered":"Proiect local de interes public marca Lauren\u0163iu Dimi\u015fc\u0103"},"content":{"rendered":"\n<p><strong>Joc \u015fi culoare \u00een ora\u015ful meu<\/strong><\/p>\n\n\n<div class=\"wp-block-image\">\n<figure class=\"alignleft size-full is-resized\"><a href=\"http:\/\/www.slineamt.ro\/apostolul\/wp-content\/uploads\/2022\/10\/19-ap254-foto1.jpg\"><img loading=\"lazy\" decoding=\"async\" src=\"http:\/\/www.slineamt.ro\/apostolul\/wp-content\/uploads\/2022\/10\/19-ap254-foto1.jpg\" alt=\"\" class=\"wp-image-23203\" width=\"333\" height=\"250\" srcset=\"http:\/\/www.slineamt.ro\/apostolul\/wp-content\/uploads\/2022\/10\/19-ap254-foto1.jpg 567w, http:\/\/www.slineamt.ro\/apostolul\/wp-content\/uploads\/2022\/10\/19-ap254-foto1-300x225.jpg 300w, http:\/\/www.slineamt.ro\/apostolul\/wp-content\/uploads\/2022\/10\/19-ap254-foto1-560x421.jpg 560w, http:\/\/www.slineamt.ro\/apostolul\/wp-content\/uploads\/2022\/10\/19-ap254-foto1-260x195.jpg 260w, http:\/\/www.slineamt.ro\/apostolul\/wp-content\/uploads\/2022\/10\/19-ap254-foto1-160x120.jpg 160w\" sizes=\"auto, (max-width: 333px) 100vw, 333px\" \/><\/a><\/figure>\n<\/div>\n\n\n<p>\u00cen baza Legii nr. 350 din 2005 privind finan\u0163\u0103rile nerambursabile din fonduri publice alocate activit\u0103\u0163ilor nonprofit de interes general, la solicitarea Pre\u015fedintelui Funda\u0163iei OUTSIDER Art, <strong>Lauren\u0163iu Dimi\u015fc\u0103<\/strong>, dr. \u00een Arte Plastice \u015fi Decorative, Prim\u0103ria \u015fi Consiliul Local Piatra-Neam\u0163 au sus\u0163inut continuarea picturii murale pe zidurile Stadionului Municipal \u015fi realizarea unor picto-obiecte pentru a fi expuse \u00een spa\u0163ii publice, prin proiectul \u201e<strong>Joc \u015fi culoare \u00een ora\u015ful meu<\/strong>\u201d.<\/p>\n\n\n\n<p>Sumele acordate reprezint\u0103 doar contravaloarea materialelor folosite, astfel \u00eenc\u00e2t manopera, drepturile de autor, conceptul lucr\u0103rii \u015fi valoarea dat\u0103 de originalitate reprezint\u0103 un act de voluntariat din partea artistului Lauren\u0163iu Dimi\u015fc\u0103. De altfel, pictorul a declarat c\u0103 <em>pentru aceast\u0103 lucrare, ca \u015fi pentru altele pe care le-am realizat \u015fi expus \u00een locuri publice din ora\u015ful meu natal, eu semnez un act de dona\u0163ie cu municipalitatea, astfel \u00eenc\u00e2t nimeni altcineva nu va putea personal s\u0103-\u015fi \u00eensu\u015feasc\u0103 vreodat\u0103 vreo lucrare a mea. \u00cemi doresc \u015fi sper ca genera\u0163iile viitoare s\u0103 se inspire \u00een aceea\u015fi m\u0103sur\u0103 din aceste scene colorate, pentru a realiza c\u00e2t mai multe activit\u0103\u0163i sportive, de performan\u0163\u0103 sau pentru men\u0163inerea s\u0103n\u0103t\u0103\u0163ii proprii<\/em>.<\/p>\n\n\n\n<p>O component\u0103 esen\u0163ial\u0103 a proiectului \u201eJoc \u015fi culoare \u00een ora\u015ful meu\u201d o reprezint\u0103 caracterul s\u0103u integrator bazat pe interdisciplinaritate, aduc\u00e2nd la un loc o component\u0103 artistic\u0103 \u015fi una social\u0103, interdependente, care se sus\u0163in reciproc. Proiectul este menit s\u0103 contribuie la:<\/p>\n\n\n\n<p>\u2022 promovarea dialogului intercultural \u015fi combaterea intoleran\u0163ei \u00een r\u00e2ndul tinerilor;<\/p>\n\n\n\n<p>\u2022 cre\u015fterea gradului de informare \u015fi sensibilizare asupra vie\u0163ii comunit\u0103\u0163ii \u015fi dezvoltarea unei atitudini civice, de voluntariat;<\/p>\n\n\n\n<p>\u2022 p\u0103strarea \u015fi promovarea patrimoniului \u015fi tradi\u0163iei culturale;<\/p>\n\n\n\n<p>\u2022 cre\u015fterea gradului de implicare a cet\u0103\u0163enilor \u00een arte plastice;<\/p>\n\n\n\n<p>\u2022 organizarea de expozi\u0163ii de art\u0103;<\/p>\n\n\n\n<p>\u2022 asigurarea oportunit\u0103\u0163ii de exprimare prin mijloace artistice a cet\u0103\u0163enilor, membri ai comunit\u0103\u0163ii locale din diverse categorii sociale \u015fi de diferite v\u00e2rste;<\/p>\n\n\n\n<p>\u2022 asigurarea accesului direct la cultur\u0103 a membrilor diver\u015fi ai comunit\u0103\u0163ii locale pentru a contribui la dezvoltarea lor personal\u0103, pentru \u00eencurajarea rela\u0163ion\u0103rii \u015fi exprim\u0103rii libere interumane;<\/p>\n\n\n\n<p>\u2022 elaborarea unor materiale informative \u015fi de promovare pe domeniul cultural \u015fi social de interes (bro\u015furi, pliante, afi\u015fe, produse \u015fi materiale multimedia etc.);<\/p>\n\n\n\n<p>\u2022 promovarea accesului la art\u0103 \u015fi cultur\u0103 prin aducerea \u00een spa\u0163iul public urban a unor forme de art\u0103 autentic\u0103 actual\u0103, contribuind at\u00e2t la \u00eenfrumuse\u0163area ambientului specific, c\u00e2t \u015fi la sporirea atractivit\u0103\u0163ii ora\u015fului din punct de vedere cultural \u015fi turistic.<\/p>\n\n\n\n<p>Noutatea proiectului const\u0103 \u00een faptul c\u0103 r\u0103spunde nevoii locale de a crea un spa\u0163iu public cultural \u015fi comunitar de implicare activ\u0103 \u015fi ie\u015fire din starea de izolare \u015fi pasivitate, care s\u0103 aib\u0103 implica\u0163ii pe termen lung.<\/p>\n\n\n\n<p>Acest proiect cultural de utilitate public\u0103 va stimula organiza\u0163iile nonguvernamentale s\u0103 ofere programe integrate \u015fi interdisciplinare cu component\u0103 socio-cultural\u0103, de promovare a culturii locale \u015fi de integrare a persoanelor defavorizate.<\/p>\n\n\n\n<p>Un astfel de proiect r\u0103spunde nevoii de promovare a ora\u015fului Piatra-Neam\u0163 ca important centru cultural al jude\u0163ului, contribuind la sporirea \u015fi sublinierea specificit\u0103\u0163ii sale cultural-artistice.<\/p>\n\n\n\n<p><strong><em>Gianina BURUIAN\u0102<\/em><\/strong><\/p>\n","protected":false},"excerpt":{"rendered":"<p>Joc \u015fi culoare \u00een ora\u015ful meu \u00cen baza Legii nr. 350 din 2005 privind finan\u0163\u0103rile nerambursabile din fonduri publice alocate activit\u0103\u0163ilor nonprofit de interes general, la solicitarea Pre\u015fedintelui Funda\u0163iei OUTSIDER Art, Lauren\u0163iu Dimi\u015fc\u0103, dr. \u00een Arte Plastice \u015fi Decorative, Prim\u0103ria&hellip;<\/p>\n<p class=\"more-link-p\"><a class=\"more-link\" href=\"http:\/\/www.slineamt.ro\/apostolul\/arte-si-meserii-plastica\/proiect-local-de-interes-public-marca-laurentiu-dimisca\/\">Read more &rarr;<\/a><\/p>\n","protected":false},"author":1,"featured_media":0,"comment_status":"open","ping_status":"closed","sticky":false,"template":"","format":"standard","meta":{"footnotes":""},"categories":[196,461],"tags":[],"class_list":["post-23202","post","type-post","status-publish","format-standard","hentry","category-arte-si-meserii-plastica","category-numarul-254"],"_links":{"self":[{"href":"http:\/\/www.slineamt.ro\/apostolul\/wp-json\/wp\/v2\/posts\/23202","targetHints":{"allow":["GET"]}}],"collection":[{"href":"http:\/\/www.slineamt.ro\/apostolul\/wp-json\/wp\/v2\/posts"}],"about":[{"href":"http:\/\/www.slineamt.ro\/apostolul\/wp-json\/wp\/v2\/types\/post"}],"author":[{"embeddable":true,"href":"http:\/\/www.slineamt.ro\/apostolul\/wp-json\/wp\/v2\/users\/1"}],"replies":[{"embeddable":true,"href":"http:\/\/www.slineamt.ro\/apostolul\/wp-json\/wp\/v2\/comments?post=23202"}],"version-history":[{"count":1,"href":"http:\/\/www.slineamt.ro\/apostolul\/wp-json\/wp\/v2\/posts\/23202\/revisions"}],"predecessor-version":[{"id":23204,"href":"http:\/\/www.slineamt.ro\/apostolul\/wp-json\/wp\/v2\/posts\/23202\/revisions\/23204"}],"wp:attachment":[{"href":"http:\/\/www.slineamt.ro\/apostolul\/wp-json\/wp\/v2\/media?parent=23202"}],"wp:term":[{"taxonomy":"category","embeddable":true,"href":"http:\/\/www.slineamt.ro\/apostolul\/wp-json\/wp\/v2\/categories?post=23202"},{"taxonomy":"post_tag","embeddable":true,"href":"http:\/\/www.slineamt.ro\/apostolul\/wp-json\/wp\/v2\/tags?post=23202"}],"curies":[{"name":"wp","href":"https:\/\/api.w.org\/{rel}","templated":true}]}}