{"id":23210,"date":"2022-10-25T04:40:59","date_gmt":"2022-10-25T04:40:59","guid":{"rendered":"http:\/\/www.slineamt.ro\/apostolul\/?p=23210"},"modified":"2022-10-25T04:40:59","modified_gmt":"2022-10-25T04:40:59","slug":"autoritatea-bisericeasca-si-puterea-statala-in-operele-sfantului-ioan-gura-de-aur-si-fericitului-augustin","status":"publish","type":"post","link":"http:\/\/www.slineamt.ro\/apostolul\/nihil-sine-deo\/autoritatea-bisericeasca-si-puterea-statala-in-operele-sfantului-ioan-gura-de-aur-si-fericitului-augustin\/","title":{"rendered":"Autoritatea bisericeasc\u0103 \u015fi puterea statal\u0103 \u00een operele Sf\u00e2ntului Ioan Gur\u0103 de Aur \u015fi Fericitului Augustin"},"content":{"rendered":"\n<p><\/p>\n\n\n<div class=\"wp-block-image\">\n<figure class=\"alignleft size-full\"><a href=\"http:\/\/www.slineamt.ro\/apostolul\/wp-content\/uploads\/2022\/10\/17-ap254-foto1.jpg\"><img loading=\"lazy\" decoding=\"async\" width=\"290\" height=\"416\" src=\"http:\/\/www.slineamt.ro\/apostolul\/wp-content\/uploads\/2022\/10\/17-ap254-foto1.jpg\" alt=\"\" class=\"wp-image-23211\" srcset=\"http:\/\/www.slineamt.ro\/apostolul\/wp-content\/uploads\/2022\/10\/17-ap254-foto1.jpg 290w, http:\/\/www.slineamt.ro\/apostolul\/wp-content\/uploads\/2022\/10\/17-ap254-foto1-209x300.jpg 209w, http:\/\/www.slineamt.ro\/apostolul\/wp-content\/uploads\/2022\/10\/17-ap254-foto1-260x373.jpg 260w, http:\/\/www.slineamt.ro\/apostolul\/wp-content\/uploads\/2022\/10\/17-ap254-foto1-160x230.jpg 160w\" sizes=\"auto, (max-width: 290px) 100vw, 290px\" \/><\/a><\/figure>\n<\/div>\n\n\n<p>Lucrarea <em>Autoritate ecleziastic\u0103 \u015fi putere imperial\u0103 \u00een Antichitatea T\u00e2rzie: Sf\u00e2ntul Ioan Gur\u0103 de Aur \u015fi Fericitul Augustin<\/em>, ap\u0103rut\u0103 la Editura Presa Universitar\u0103 Clujean\u0103, Cluj-Napoca, 2022, sub semn\u0103tura p\u0103rintelui lector universitar doctor Adrian-Aurel Podaru, ofer\u0103 at\u00e2t teologilor c\u00e2t \u015fi istoricilor numeroase r\u0103spunsuri la \u00eentreb\u0103rile iscate privind rela\u0163ia dintre Biseric\u0103 \u015fi Stat.<\/p>\n\n\n\n<p>Autorul, actualul prodecan al Facult\u0103\u0163ii de Teologie Ortodox\u0103 din cadrul Universit\u0103\u0163ii \u201eBabe\u015f-Bolyai\u201d Cluj-Napoca, face parte din t\u00e2n\u0103ra genera\u0163ie de cadre didactice universitare \u015fi cercet\u0103tori \u00een domeniul teologiei, fiind un bun cunosc\u0103tor al limbilor clasice greac\u0103 \u015fi latin\u0103, precum \u015fi al patrologiei.<\/p>\n\n\n\n<p>Veche \u015fi actual\u0103, \u00een acela\u015fi timp, problema rela\u0163iei Stat-Biseric\u0103 a constituit \u015fi constituie una dintre preocup\u0103rile oric\u0103rui cercet\u0103tor al istoriei Bisericii Cre\u015ftine. O abordare comparativ\u0103 a celor doi titani ai teologiei, Sf\u00e2ntul Ioan Gur\u0103 de Aur (354-407) \u015fi Fericitul Augustin (354-430), av\u00e2nd drept scop eviden\u0163ierea punctelor comune, dar \u015fi al diferen\u0163elor de abordare teologic\u0103, reprezint\u0103 demersul teologico-istoric pe care p\u0103rintele Adrian-Aurel Podaru l-a \u00eentreprins pe durata studiilor sale doctorale, sub \u00eendrumarea pr. prof. dr. Ioan-Vasile Leb.<\/p>\n\n\n\n<p>Con\u0163inutul lucr\u0103rii, cuprins \u00een 457 pagini, este structurat astfel: <em>Introducere, Stadiul actual al cercet\u0103rii, Via\u0163a \u015fi activitatea Sf\u00e2ntului Ioan Gur\u0103 de Aur, Teoretiz\u0103ri hrisostomice privitoare la rela\u0163ia dintre autoritatea ecleziastic\u0103 \u015fi puterea imperial\u0103, Via\u0163a \u015fi activitatea Fericitului Augustin, Teoretiz\u0103ri augustinieri privitoare la rela\u0163ia dintre autoritatea ecleziastic\u0103 \u015fi puterea imperial\u0103, Concluziile<\/em> \u015fi aparatul bibliografic.<\/p>\n\n\n\n<p>Tema se \u00eencadreaz\u0103 \u00een spa\u0163iul Imperiului Roman, \u00een timpul \u00eemp\u0103ra\u0163ilor Constantin cel Mare (306-337), Constan\u0163iu al II-lea (337-361) \u015fi Teodosie cel Mare (379-394). \u00cen timpul lui Teodosie cel Mare \u015fi al urma\u015filor s\u0103i, climatul politic a fost unul favorabil Bisericii, \u00een aceast\u0103 perioad\u0103 desf\u0103\u015fur\u00e2ndu-\u015fi activitatea misionar\u0103 cei doi episcopi ai Bisericii.<\/p>\n\n\n\n<p>De\u015fi contemporani, cei doi p\u0103rin\u0163i ai Bisericii au tr\u0103it departe unul de alatul din punct de vedere geografic, fapt pentru care ac\u0163iunea \u00eendr\u0103znea\u0163\u0103 a autorului a trebuit s\u0103 analizeze contextul socio-politic, cultural \u015fi religios \u00een care ei \u015fi-au desf\u0103\u015furat activitatea.<\/p>\n\n\n<div class=\"wp-block-image\">\n<figure class=\"alignright size-full\"><a href=\"http:\/\/www.slineamt.ro\/apostolul\/wp-content\/uploads\/2022\/10\/17-ap254-foto2.jpg\"><img loading=\"lazy\" decoding=\"async\" width=\"290\" height=\"416\" src=\"http:\/\/www.slineamt.ro\/apostolul\/wp-content\/uploads\/2022\/10\/17-ap254-foto2.jpg\" alt=\"\" class=\"wp-image-23212\" srcset=\"http:\/\/www.slineamt.ro\/apostolul\/wp-content\/uploads\/2022\/10\/17-ap254-foto2.jpg 290w, http:\/\/www.slineamt.ro\/apostolul\/wp-content\/uploads\/2022\/10\/17-ap254-foto2-209x300.jpg 209w, http:\/\/www.slineamt.ro\/apostolul\/wp-content\/uploads\/2022\/10\/17-ap254-foto2-260x373.jpg 260w, http:\/\/www.slineamt.ro\/apostolul\/wp-content\/uploads\/2022\/10\/17-ap254-foto2-160x230.jpg 160w\" sizes=\"auto, (max-width: 290px) 100vw, 290px\" \/><\/a><\/figure>\n<\/div>\n\n\n<p>C\u00e2t prive\u015fte raportul dintre Biseric\u0103 \u015fi puterea politic\u0103, ambii Sfin\u0163i P\u0103rin\u0163i recunosc superioritatea celei dint\u00e2i (Biserica are \u00een vedere ve\u015fnicia, pe c\u00e2nd puterea imperial\u0103 este preocupat\u0103 de temporaneitate), \u00eens\u0103 f\u0103r\u0103 a dori s\u0103 impun\u0103 un model de organizare politic\u0103 teocratic\u0103, Biserica \u015fi statul trebuind s\u0103 r\u0103m\u00e2n\u0103 \u00een grani\u0163ele lor. De\u015fi este necesar\u0103 conlucrarea lor, nu e cazul ca vreuna s\u0103-\u015fi asume prerogativele celeilalte. Biserica se folose\u015fte de legea divin\u0103, statul de cea uman\u0103. \u00cen timp ce Sf\u00e2ntul Ioan Gur\u0103 de Aur dore\u015fte ca legea uman\u0103 (civil\u0103) s\u0103 fie ancorat\u0103 \u00een legea divin\u0103, Fericitul Augustin sus\u0163ine c\u0103, din cauza firii omene\u015fti c\u0103zute \u00een urma p\u0103catului str\u0103mo\u015fesc, pot exista legi civile care nu sunt \u00een concordan\u0163\u0103 (pot fi chiar contradictorii) cu legea dumnezeiasc\u0103.<\/p>\n\n\n\n<p>Libertatea religioas\u0103 este mai presus de orice, \u00eens\u0103 dezam\u0103girea vine atunci c\u00e2nd via\u0163a moral\u0103 a credincio\u015filor nu este tr\u0103it\u0103 \u00een concordan\u0163\u0103 cu legea moral\u0103.<\/p>\n\n\n\n<p>Lectura detaliat\u0103 \u015fi cu aten\u0163ie a prezentului volum adaug\u0103 consisten\u0163\u0103 imaginii de ansamblu \u015fi clarific\u0103 aspectele men\u0163ionate privind concep\u0163ia celor doi teologie asupra rela\u0163iei dintre Biseric\u0103 \u015fi puterea statal\u0103.<\/p>\n\n\n\n<p><strong><em>Mihai FLOROAIA<\/em><\/strong><\/p>\n","protected":false},"excerpt":{"rendered":"<p>Lucrarea Autoritate ecleziastic\u0103 \u015fi putere imperial\u0103 \u00een Antichitatea T\u00e2rzie: Sf\u00e2ntul Ioan Gur\u0103 de Aur \u015fi Fericitul Augustin, ap\u0103rut\u0103 la Editura Presa Universitar\u0103 Clujean\u0103, Cluj-Napoca, 2022, sub semn\u0103tura p\u0103rintelui lector universitar doctor Adrian-Aurel Podaru, ofer\u0103 at\u00e2t teologilor c\u00e2t \u015fi istoricilor numeroase&hellip;<\/p>\n<p class=\"more-link-p\"><a class=\"more-link\" href=\"http:\/\/www.slineamt.ro\/apostolul\/nihil-sine-deo\/autoritatea-bisericeasca-si-puterea-statala-in-operele-sfantului-ioan-gura-de-aur-si-fericitului-augustin\/\">Read more &rarr;<\/a><\/p>\n","protected":false},"author":1,"featured_media":0,"comment_status":"open","ping_status":"closed","sticky":false,"template":"","format":"standard","meta":{"footnotes":""},"categories":[22,461],"tags":[],"class_list":["post-23210","post","type-post","status-publish","format-standard","hentry","category-nihil-sine-deo","category-numarul-254"],"_links":{"self":[{"href":"http:\/\/www.slineamt.ro\/apostolul\/wp-json\/wp\/v2\/posts\/23210","targetHints":{"allow":["GET"]}}],"collection":[{"href":"http:\/\/www.slineamt.ro\/apostolul\/wp-json\/wp\/v2\/posts"}],"about":[{"href":"http:\/\/www.slineamt.ro\/apostolul\/wp-json\/wp\/v2\/types\/post"}],"author":[{"embeddable":true,"href":"http:\/\/www.slineamt.ro\/apostolul\/wp-json\/wp\/v2\/users\/1"}],"replies":[{"embeddable":true,"href":"http:\/\/www.slineamt.ro\/apostolul\/wp-json\/wp\/v2\/comments?post=23210"}],"version-history":[{"count":1,"href":"http:\/\/www.slineamt.ro\/apostolul\/wp-json\/wp\/v2\/posts\/23210\/revisions"}],"predecessor-version":[{"id":23213,"href":"http:\/\/www.slineamt.ro\/apostolul\/wp-json\/wp\/v2\/posts\/23210\/revisions\/23213"}],"wp:attachment":[{"href":"http:\/\/www.slineamt.ro\/apostolul\/wp-json\/wp\/v2\/media?parent=23210"}],"wp:term":[{"taxonomy":"category","embeddable":true,"href":"http:\/\/www.slineamt.ro\/apostolul\/wp-json\/wp\/v2\/categories?post=23210"},{"taxonomy":"post_tag","embeddable":true,"href":"http:\/\/www.slineamt.ro\/apostolul\/wp-json\/wp\/v2\/tags?post=23210"}],"curies":[{"name":"wp","href":"https:\/\/api.w.org\/{rel}","templated":true}]}}