{"id":23291,"date":"2022-11-22T05:18:48","date_gmt":"2022-11-22T05:18:48","guid":{"rendered":"http:\/\/www.slineamt.ro\/apostolul\/?p=23291"},"modified":"2022-11-22T05:18:48","modified_gmt":"2022-11-22T05:18:48","slug":"va-recomandam-coolt-neamt-29","status":"publish","type":"post","link":"http:\/\/www.slineamt.ro\/apostolul\/cronica-literara\/va-recomandam-coolt-neamt-29\/","title":{"rendered":"V\u0103 recomand\u0103m COOLT NEAM\u0162 29"},"content":{"rendered":"\n<p><\/p>\n\n\n\n<p>Sub egida Centrului pentru Cultur\u0103 \u015fi Arte \u201eCarmen Saeculare\u201d Neam\u0163, a ap\u0103rut num\u0103rul 29 al revistei <em>COOLT NEAM\u0162<\/em>, care se deschide cu editorialul semnat de p\u0103rintele <strong>Constantin Necula<\/strong>, <em>Frigul din noi<\/em>. Invitatul de onoare al lunii Brum\u0103rel este actorul <strong>Cuzin Toma<\/strong>, cel care, p\u00e2n\u0103 a urca pe scen\u0103, a fost miner, buc\u0103tar, dansator \u015fi agent imobiliar.<\/p>\n\n\n\n<p>Cititorii se pot bucura de un album foto \u00eentins pe \u015fase pagini, \u00een care artistul fotograf <strong>Marius C\u0103t\u0103lin Popovici<\/strong> aduce \u00een primplan <em>Toamna pe Ceahl\u0103u<\/em>.<\/p>\n\n\n\n<p>Num\u0103rul 29 al revistei <em>Cool Neam\u0163<\/em> mai cuprinde dou\u0103 evoc\u0103ri: a regretatului profesor <strong>Gheorghe \u0162ig\u0103u<\/strong> care, printre altele, s-a aplecat \u015fi asupra poeziei populare din \u0163inutul Neam\u0163 (<em>Profesorul Gheorghe \u0162ig\u0103u \u015fi poezia popular\u0103<\/em>); cealalt\u0103 \u00eel readuce \u00een memoria nem\u0163enilor pe actorul <strong>Cornel Nicoar\u0103<\/strong>, trecut \u00een nefiin\u0163\u0103 acum un an: <em>Cornel Nicoar\u0103, omul cu inima c\u00e2t muntele Ceahl\u0103u<\/em>.<\/p>\n\n\n\n<p>La rubrica <em>Implicare social\u0103<\/em> este prezentat istoricul \u015fi politologul pietrean <strong>Stej\u0103rel Olaru<\/strong>, cel care, prin activitatea sa profesional\u0103, scoate la lumin\u0103 oameni \u015fi fapte din lunga \u015fi frumoasa istorie na\u0163ional\u0103.<\/p>\n\n\n\n<p>Magia unor petece de rai din cadrul \u0163inutul Neam\u0163 este relevat\u0103 cititorilor prin dou\u0103 materiale bogat ilustrate semnate de <strong>profesorul Daniel Dieaconu <\/strong>\u2013 <em>M\u0103n\u0103stirea \u015fi Palatul Cnejilor Cantacuzini de la poale de Ceahl\u0103u \u2013 <\/em>\u015fi <strong>Talida Cozma<\/strong> \u2013 <em>R\u0103gaz de rug\u0103ciune la Hor\u0103icioara.<\/em><\/p>\n\n\n\n<p>Din multitudinea activit\u0103\u0163ilor lunii septembrie, desf\u0103\u015furate de Centrul pentru Cultur\u0103 \u015fi Arte \u201eCarmen Saeculare\u201d Neam\u0163, eviden\u0163iem <em>Ziua Editurii Nona<\/em>, eveniment care s-a bucurat de prezen\u0163a a doi dintre actorii de marc\u0103 din istoria Teatrului Tineretului \u2013 <strong>Coca Bloos<\/strong> \u015fi <strong>Paul Chiribu\u0163\u0103 <\/strong>\u2013, invita\u0163i la prezentarea monografiei <em>Festivalul de Teatru Piatra-Neam\u0163, 1969-2019. Pagini de istorie cultural\u0103<\/em>, \u00een cadrul edi\u0163iei a XII-a a T\u00e2rgului de carte <em>Libris<\/em>.<\/p>\n\n\n\n<p>La finalul revistei, cititorii pot g\u0103si propunerea de lectur\u0103 f\u0103cut\u0103 de <strong>Suz\u0103nica T\u0103nase <\/strong>(Emanuela Ign\u0103\u0163oiu Sora \u2013 <em>Clinamen<\/em>) \u015fi propunerea cinematografic\u0103 a <strong>Irinei Margareta Nistor \u2013 <\/strong><em>Mrs. Harris Goes to Paris<\/em>, cu Lesley Manville, Isabelle Huppert, Lambert Wilson \u015fi Anna Chancellor<em>.<\/em><\/p>\n\n\n\n<p><strong><em>Valentin ANDREI<\/em><\/strong><\/p>\n","protected":false},"excerpt":{"rendered":"<p>Sub egida Centrului pentru Cultur\u0103 \u015fi Arte \u201eCarmen Saeculare\u201d Neam\u0163, a ap\u0103rut num\u0103rul 29 al revistei COOLT NEAM\u0162, care se deschide cu editorialul semnat de p\u0103rintele Constantin Necula, Frigul din noi. Invitatul de onoare al lunii Brum\u0103rel este actorul Cuzin&hellip;<\/p>\n<p class=\"more-link-p\"><a class=\"more-link\" href=\"http:\/\/www.slineamt.ro\/apostolul\/cronica-literara\/va-recomandam-coolt-neamt-29\/\">Read more &rarr;<\/a><\/p>\n","protected":false},"author":1,"featured_media":0,"comment_status":"open","ping_status":"closed","sticky":false,"template":"","format":"standard","meta":{"footnotes":""},"categories":[16,462],"tags":[],"class_list":["post-23291","post","type-post","status-publish","format-standard","hentry","category-cronica-literara","category-numarul-255"],"_links":{"self":[{"href":"http:\/\/www.slineamt.ro\/apostolul\/wp-json\/wp\/v2\/posts\/23291","targetHints":{"allow":["GET"]}}],"collection":[{"href":"http:\/\/www.slineamt.ro\/apostolul\/wp-json\/wp\/v2\/posts"}],"about":[{"href":"http:\/\/www.slineamt.ro\/apostolul\/wp-json\/wp\/v2\/types\/post"}],"author":[{"embeddable":true,"href":"http:\/\/www.slineamt.ro\/apostolul\/wp-json\/wp\/v2\/users\/1"}],"replies":[{"embeddable":true,"href":"http:\/\/www.slineamt.ro\/apostolul\/wp-json\/wp\/v2\/comments?post=23291"}],"version-history":[{"count":1,"href":"http:\/\/www.slineamt.ro\/apostolul\/wp-json\/wp\/v2\/posts\/23291\/revisions"}],"predecessor-version":[{"id":23292,"href":"http:\/\/www.slineamt.ro\/apostolul\/wp-json\/wp\/v2\/posts\/23291\/revisions\/23292"}],"wp:attachment":[{"href":"http:\/\/www.slineamt.ro\/apostolul\/wp-json\/wp\/v2\/media?parent=23291"}],"wp:term":[{"taxonomy":"category","embeddable":true,"href":"http:\/\/www.slineamt.ro\/apostolul\/wp-json\/wp\/v2\/categories?post=23291"},{"taxonomy":"post_tag","embeddable":true,"href":"http:\/\/www.slineamt.ro\/apostolul\/wp-json\/wp\/v2\/tags?post=23291"}],"curies":[{"name":"wp","href":"https:\/\/api.w.org\/{rel}","templated":true}]}}