{"id":23793,"date":"2023-02-22T11:16:56","date_gmt":"2023-02-22T11:16:56","guid":{"rendered":"http:\/\/www.slineamt.ro\/apostolul\/?p=23793"},"modified":"2023-02-22T14:53:23","modified_gmt":"2023-02-22T14:53:23","slug":"elena-morozan-expune-in-tematica-cucuteni","status":"publish","type":"post","link":"http:\/\/www.slineamt.ro\/apostolul\/arte-si-meserii-plastica\/elena-morozan-expune-in-tematica-cucuteni\/","title":{"rendered":"Elena Morozan expune \u00een tematica Cucuteni"},"content":{"rendered":"<div class=\"wp-block-image\">\n<figure class=\"alignleft size-full is-resized\"><a href=\"http:\/\/www.slineamt.ro\/apostolul\/wp-content\/uploads\/2023\/02\/19-ap258-foto1.jpg\"><img loading=\"lazy\" decoding=\"async\" src=\"http:\/\/www.slineamt.ro\/apostolul\/wp-content\/uploads\/2023\/02\/19-ap258-foto1.jpg\" alt=\"\" class=\"wp-image-23790\" width=\"258\" height=\"343\" srcset=\"http:\/\/www.slineamt.ro\/apostolul\/wp-content\/uploads\/2023\/02\/19-ap258-foto1.jpg 369w, http:\/\/www.slineamt.ro\/apostolul\/wp-content\/uploads\/2023\/02\/19-ap258-foto1-225x300.jpg 225w, http:\/\/www.slineamt.ro\/apostolul\/wp-content\/uploads\/2023\/02\/19-ap258-foto1-260x346.jpg 260w, http:\/\/www.slineamt.ro\/apostolul\/wp-content\/uploads\/2023\/02\/19-ap258-foto1-160x213.jpg 160w\" sizes=\"auto, (max-width: 258px) 100vw, 258px\" \/><\/a><\/figure>\n<\/div>\n\n\n<p>Gleriile de Art\u0103 \u201eLasc\u0103r Vorel\u201d au marcat debutul lunii februarie printr-o not\u0103 de pros\u00adpe\u00ad\u0163ime, adus\u0103 de expozi\u0163ia unei artiste care bate la por\u0163ile consacr\u0103rii, \u00eencerc\u00e2nd s\u0103-\u015fi \u00eens\u00adcrie numele \u00een panoplia arti\u015ftilor plastici nem\u0163eni. Astfel, s\u00e2mb\u0103t\u0103 4 februarie, la ora 11, \u00een prezen\u0163a unui public numeros, a avut loc vernisajul expozi\u0163iei de pictur\u0103 al Elenei Morozan.<\/p>\n\n\n\n<p>Manifestarea a fost deschis\u0103, ca de obicei, printr-un scurt cuv\u00e2nt al pictorului \u015etefan Potop, pre\u015fedintele Filialei U.A.P. a jude\u0163ului Neam\u0163.<\/p>\n\n\n\n<p>Curatorul expozi\u0163iei a fost binecunoscutul scriitor \u015fi critic de art\u0103 Emil Nicolae, care a concluzionat: <em>\u00centrebarea care se pune este de ce se apuc\u0103 omul de pictur\u0103? De ce alege acest limbaj? Ce face un artist, un pictor? Se exprim\u0103 prin culori. Avem aici galben, avem ro\u015fu, combina\u0163ii&#8230; cu care se exprim\u0103 starea primar\u0103 \u015fi se comunic\u0103 \u00eentr-un limbaj artistic. Elena Morozan a ales simbolistica cucuteanian\u0103 \u015fi vedem c\u0103 de fapt artista investigheaz\u0103 \u015fi aduce \u00een actualitate ni\u015fte lucruri structurale, iar culorile \u015fi cromatica sunt doar ni\u015fte pretexte<\/em>.<\/p>\n\n\n\n<p>\u00cen afar\u0103 de lucr\u0103rile cu amprent\u0103 cucutenian\u0103 expozi\u0163ia a mai cuprins o parte peisagistic\u0103, ce a adus \u00een aten\u0163ie aspecte spectaculoase din zona Ag\u00e2rcia, surprinse \u00een diferite anotimpuri. Am observat la artist\u0103 \u015fi pasiunea pentru flori, surprinse de asemenea, ca de altfel \u00eentreaga expozi\u0163ie, \u00eentr-o cromatic\u0103 extrem de vie.<\/p>\n\n\n\n<p>Elena Morozan a urmat ini\u0163ial cursurile \u015ecolii populare de art\u0103 din cadrul Centrului pentru Cultur\u0103 \u015fi Arte \u201eCarmen Saeculare\u201d din Piatra-Neam\u0163, \u00een specialitatea pictur\u0103, la clasa profesorului Arcadie R\u0103ileanu, iar apoi cursurile de grafic\u0103, la clasa profesorului Radu Cristian Macavei. De cur\u00e2nd absolvent\u0103 a Facult\u0103\u0163ii de Arte Vizuale \u015fi Design din cadrul Universit\u0103\u0163ii Na\u0163ionale de Arte \u201eGeorge Enescu\u201d din Ia\u015fi, a avut mai multe expozi\u0163ii personale, printre care: <em>Flori de prim\u0103var\u0103<\/em> (Teatrul Tineretului din Piatra-Neam\u0163 \u2013 martie 2015); <em>Dor de Br\u00e2ncu\u015fi<\/em> (Cercul Militar Na\u0163ional, Bucure\u015fti \u2013 ianuarie 2016; Central Plaza, Piatra-Neam\u0163 \u2013 februarie 2016; Galeria \u201eTop Art\u201d, Ia\u015fi \u2013 iunie 2017; Biblioteca Jude\u0163ean\u0103 \u201eOctavian Goga\u201d, Cluj \u2013 septembrie 2017); <em>Cumin\u0163enia p\u0103m\u00e2ntului<\/em> (Cercul Militar Na\u0163ional, Bucure\u015fti \u2013 aprilie 2018). Al\u0103turi de acestea a participat \u015fi la numeroase expozi\u0163ii colective \u00een \u0163ar\u0103 \u015fi \u00een str\u0103in\u0103tate (Italia, Spania etc).<\/p>\n\n\n\n<p><em>Prin aceast\u0103 expozi\u0163ie am inten\u0163ionat s\u0103 trezesc ceva din \u201eamintirea milenar\u0103\u201d, s\u0103 realizez o \u00eentoarcere \u00een timp spre zonele arhetipale ale culturii \u015fi omenirii, spre timpurile primordiale, c\u00e2nd fiin\u0163a uman\u0103 se contopea cu universul. Simbolurile ne vorbesc despre soare, p\u0103m\u00e2nt, etapele de existen\u0163\u0103 uman\u0103 ale fiec\u0103rui individ, dar \u015fi despre etapele de existen\u0163\u0103 ale unei comunit\u0103\u0163i, ale unui popor, cu felul lui de a tr\u0103i, cu momentele vie\u0163ii \u015fi leg\u0103turile lui cu cerul \u015fi p\u0103m\u00e2ntul. \u00cen viziunea mea, omul \u015fi-a organizat dintotdeauna mediul de via\u0163\u0103 ca un microcosmos \u00een care formele, semnele, simbolurile reprezint\u0103 codificarea proprie, un fel de ADN transmis din genera\u0163ie \u00een genera\u0163ie.<\/em><\/p>\n\n\n<div class=\"wp-block-image\">\n<figure class=\"alignright size-full is-resized\"><a href=\"http:\/\/www.slineamt.ro\/apostolul\/wp-content\/uploads\/2023\/02\/19-ap258-foto2.jpg\"><img loading=\"lazy\" decoding=\"async\" src=\"http:\/\/www.slineamt.ro\/apostolul\/wp-content\/uploads\/2023\/02\/19-ap258-foto2.jpg\" alt=\"\" class=\"wp-image-23791\" width=\"359\" height=\"285\" srcset=\"http:\/\/www.slineamt.ro\/apostolul\/wp-content\/uploads\/2023\/02\/19-ap258-foto2.jpg 416w, http:\/\/www.slineamt.ro\/apostolul\/wp-content\/uploads\/2023\/02\/19-ap258-foto2-300x238.jpg 300w, http:\/\/www.slineamt.ro\/apostolul\/wp-content\/uploads\/2023\/02\/19-ap258-foto2-260x206.jpg 260w, http:\/\/www.slineamt.ro\/apostolul\/wp-content\/uploads\/2023\/02\/19-ap258-foto2-160x127.jpg 160w\" sizes=\"auto, (max-width: 359px) 100vw, 359px\" \/><\/a><\/figure>\n<\/div>\n\n\n<p><em>Proiectul meu artistic vine cu o bogat\u0103 \u00eenc\u0103rc\u0103tur\u0103 istoric\u0103, este un t\u0103r\u00e2m al interferen\u0163elor \u00eentre legend\u0103 \u015fi mister, \u00eenf\u0103\u0163i\u015f\u00e2nd simbolurile specifice culturii Cucuteni. Acestea sunt filtrate prin imagina\u0163ia mea artistic\u0103, dob\u00e2ndind o \u00eenc\u0103rc\u0103tur\u0103 pozitiv\u0103 din punct de vedere cromatic dar \u015fi compozi\u0163ional. Cred c\u0103 cel mai bine m\u0103 reg\u0103sesc acum \u00eentr-un g\u00e2nd al lui Mircea Eliade, care spunea c\u0103 \u201ea fi om \u00eenseamn\u0103 s\u0103 cau\u0163i semnifica\u0163ia, valoarea, s\u0103 o inventezi, s\u0103 o proiectezi, s\u0103 o reinventezi\u201d<\/em> \u2013 a declarat protagonista expozi\u0163iei la finalul vernisajului.<\/p>\n\n\n\n<p>Parafraz\u00e2ndu-l pe Emil Nicolae cu \u00eentreb\u0103rile sale retorice, mi-am pus \u015fi eu o \u00eentrebare la ie\u015firea de la eveniment: <em>De ce s\u0103 mergi la vernisaje?<\/em> Pentru c\u0103 e un moment monden c\u00e2nd ai ocazia s\u0103-\u0163i salu\u0163i prietenii iubitori de art\u0103, \u015fi mai ales pentru \u00eent\u00e2lnirea cu artistul, pe care po\u0163i s\u0103-l vezi de aproape, s\u0103-i studiezi mimica, gesturile, stilul vestimentar, s\u0103-l auzi \u2013 ceea ce este o experien\u0163\u0103 interesant\u0103.<\/p>\n\n\n\n<p><strong><em>&nbsp;Gianina BURUIAN\u0102<\/em><\/strong><strong><em><\/em><\/strong><\/p>\n","protected":false},"excerpt":{"rendered":"<p>Gleriile de Art\u0103 \u201eLasc\u0103r Vorel\u201d au marcat debutul lunii februarie printr-o not\u0103 de pros\u00adpe\u00ad\u0163ime, adus\u0103 de expozi\u0163ia unei artiste care bate la por\u0163ile consacr\u0103rii, \u00eencerc\u00e2nd s\u0103-\u015fi \u00eens\u00adcrie numele \u00een panoplia arti\u015ftilor plastici nem\u0163eni. Astfel, s\u00e2mb\u0103t\u0103 4 februarie, la ora 11,&hellip;<\/p>\n<p class=\"more-link-p\"><a class=\"more-link\" href=\"http:\/\/www.slineamt.ro\/apostolul\/arte-si-meserii-plastica\/elena-morozan-expune-in-tematica-cucuteni\/\">Read more &rarr;<\/a><\/p>\n","protected":false},"author":1,"featured_media":0,"comment_status":"open","ping_status":"closed","sticky":false,"template":"","format":"standard","meta":{"footnotes":""},"categories":[196,468],"tags":[],"class_list":["post-23793","post","type-post","status-publish","format-standard","hentry","category-arte-si-meserii-plastica","category-numarul-258"],"_links":{"self":[{"href":"http:\/\/www.slineamt.ro\/apostolul\/wp-json\/wp\/v2\/posts\/23793","targetHints":{"allow":["GET"]}}],"collection":[{"href":"http:\/\/www.slineamt.ro\/apostolul\/wp-json\/wp\/v2\/posts"}],"about":[{"href":"http:\/\/www.slineamt.ro\/apostolul\/wp-json\/wp\/v2\/types\/post"}],"author":[{"embeddable":true,"href":"http:\/\/www.slineamt.ro\/apostolul\/wp-json\/wp\/v2\/users\/1"}],"replies":[{"embeddable":true,"href":"http:\/\/www.slineamt.ro\/apostolul\/wp-json\/wp\/v2\/comments?post=23793"}],"version-history":[{"count":1,"href":"http:\/\/www.slineamt.ro\/apostolul\/wp-json\/wp\/v2\/posts\/23793\/revisions"}],"predecessor-version":[{"id":23796,"href":"http:\/\/www.slineamt.ro\/apostolul\/wp-json\/wp\/v2\/posts\/23793\/revisions\/23796"}],"wp:attachment":[{"href":"http:\/\/www.slineamt.ro\/apostolul\/wp-json\/wp\/v2\/media?parent=23793"}],"wp:term":[{"taxonomy":"category","embeddable":true,"href":"http:\/\/www.slineamt.ro\/apostolul\/wp-json\/wp\/v2\/categories?post=23793"},{"taxonomy":"post_tag","embeddable":true,"href":"http:\/\/www.slineamt.ro\/apostolul\/wp-json\/wp\/v2\/tags?post=23793"}],"curies":[{"name":"wp","href":"https:\/\/api.w.org\/{rel}","templated":true}]}}