{"id":23864,"date":"2023-03-20T12:22:08","date_gmt":"2023-03-20T12:22:08","guid":{"rendered":"http:\/\/www.slineamt.ro\/apostolul\/?p=23864"},"modified":"2023-03-20T12:22:08","modified_gmt":"2023-03-20T12:22:08","slug":"27-martie-sarbatorirea-zilei-unirii-basarabiei-cu-romania","status":"publish","type":"post","link":"http:\/\/www.slineamt.ro\/apostolul\/eveniment\/27-martie-sarbatorirea-zilei-unirii-basarabiei-cu-romania\/","title":{"rendered":"27 martie \u2013 S\u0103rb\u0103torirea zilei Unirii Basarabiei cu Rom\u00e2nia"},"content":{"rendered":"<div class=\"wp-block-image\">\n<figure class=\"alignleft size-full is-resized\"><a href=\"http:\/\/www.slineamt.ro\/apostolul\/wp-content\/uploads\/2023\/03\/25-ap259-foto1.jpg\"><img loading=\"lazy\" decoding=\"async\" src=\"http:\/\/www.slineamt.ro\/apostolul\/wp-content\/uploads\/2023\/03\/25-ap259-foto1.jpg\" alt=\"\" class=\"wp-image-23865\" width=\"280\" height=\"256\" srcset=\"http:\/\/www.slineamt.ro\/apostolul\/wp-content\/uploads\/2023\/03\/25-ap259-foto1.jpg 302w, http:\/\/www.slineamt.ro\/apostolul\/wp-content\/uploads\/2023\/03\/25-ap259-foto1-300x274.jpg 300w, http:\/\/www.slineamt.ro\/apostolul\/wp-content\/uploads\/2023\/03\/25-ap259-foto1-260x238.jpg 260w, http:\/\/www.slineamt.ro\/apostolul\/wp-content\/uploads\/2023\/03\/25-ap259-foto1-160x146.jpg 160w\" sizes=\"auto, (max-width: 280px) 100vw, 280px\" \/><\/a><\/figure>\n<\/div>\n\n\n<p>\u00cen fiecare an la 27 martie, Rom\u00e2nia \u00eembrac\u0103 straie de s\u0103rb\u0103toare pentru a marca a\u015fa cum se cuvine Ziua Unirii Basarabiei cu Rom\u00e2nia \u2013 s\u0103rb\u0103toare na\u0163ional\u0103 de suflet a \u00eentregului spa\u0163iu rom\u00e2nesc.<\/p>\n\n\n\n<p>\u00cen urm\u0103 cu 105 ani Sfatul \u0162\u0103rii vota prin vot nominal deschis Unirea cu Regatul Rom\u00e2niei, declara\u0163ia Sfatului \u0162\u0103rii men\u0163ion\u00e2nd:<\/p>\n\n\n\n<p>\u201e\u00cen numele poporului Basarabiei, Sfatul \u0162\u0103rii declar\u0103: Republica Democratic\u0103 Moldoveneasc\u0103 (Basarabia) \u00een hotarele ei dintre Prut, Nistru, Dun\u0103re, Marea Neagr\u0103 \u015fi vechile grani\u0163e cu Austria, rupt\u0103 de Rusia acum o sut\u0103 \u015fi mai bine de ani, din trupul vechii Moldove. \u00cen puterea dreptului istoric \u015fi dreptului de neam, pe baza principiului ca noroadele singure s\u0103-\u015fi hot\u0103rasc\u0103 soarta lor de azi \u00eenainte \u015fi pentru totdeauna se une\u015fte cu mama ei Rom\u00e2nia.\u201d<\/p>\n\n\n\n<p>Acest act istoric a deschis procesul Marii Uniri, finalizat cu Marea Adunare de la Alba Iulia de la 1 Decembrie 1918, c\u00e2nd rom\u00e2nii din Transilvania, Banat, Maramure\u015f \u015fi Cri\u015fana au decis, la r\u00e2ndul lor, Unirea cu \u0163ara, evenimentul consfin\u0163ind constituirea statului rom\u00e2n modern.<\/p>\n\n\n\n<p>Men\u0163ion\u0103m c\u0103 Pre\u015fedintele Rom\u00e2niei, domnul Klaus Iohannis a semnat la 27 martie 2017 decretul privind promulgarea Legii pentru declararea zilei de 27 martie \u2013 Ziua Unirii Basarabiei cu Rom\u00e2nia ca zi de s\u0103rb\u0103toare na\u0163ional\u0103.<\/p>\n\n\n\n<p><strong><em>&nbsp;Red.<\/em><\/strong><strong><em><\/em><\/strong><\/p>\n","protected":false},"excerpt":{"rendered":"<p>\u00cen fiecare an la 27 martie, Rom\u00e2nia \u00eembrac\u0103 straie de s\u0103rb\u0103toare pentru a marca a\u015fa cum se cuvine Ziua Unirii Basarabiei cu Rom\u00e2nia \u2013 s\u0103rb\u0103toare na\u0163ional\u0103 de suflet a \u00eentregului spa\u0163iu rom\u00e2nesc. \u00cen urm\u0103 cu 105 ani Sfatul \u0162\u0103rii vota&hellip;<\/p>\n<p class=\"more-link-p\"><a class=\"more-link\" href=\"http:\/\/www.slineamt.ro\/apostolul\/eveniment\/27-martie-sarbatorirea-zilei-unirii-basarabiei-cu-romania\/\">Read more &rarr;<\/a><\/p>\n","protected":false},"author":1,"featured_media":0,"comment_status":"open","ping_status":"closed","sticky":false,"template":"","format":"standard","meta":{"footnotes":""},"categories":[18,469],"tags":[],"class_list":["post-23864","post","type-post","status-publish","format-standard","hentry","category-eveniment","category-numarul-259"],"_links":{"self":[{"href":"http:\/\/www.slineamt.ro\/apostolul\/wp-json\/wp\/v2\/posts\/23864","targetHints":{"allow":["GET"]}}],"collection":[{"href":"http:\/\/www.slineamt.ro\/apostolul\/wp-json\/wp\/v2\/posts"}],"about":[{"href":"http:\/\/www.slineamt.ro\/apostolul\/wp-json\/wp\/v2\/types\/post"}],"author":[{"embeddable":true,"href":"http:\/\/www.slineamt.ro\/apostolul\/wp-json\/wp\/v2\/users\/1"}],"replies":[{"embeddable":true,"href":"http:\/\/www.slineamt.ro\/apostolul\/wp-json\/wp\/v2\/comments?post=23864"}],"version-history":[{"count":1,"href":"http:\/\/www.slineamt.ro\/apostolul\/wp-json\/wp\/v2\/posts\/23864\/revisions"}],"predecessor-version":[{"id":23866,"href":"http:\/\/www.slineamt.ro\/apostolul\/wp-json\/wp\/v2\/posts\/23864\/revisions\/23866"}],"wp:attachment":[{"href":"http:\/\/www.slineamt.ro\/apostolul\/wp-json\/wp\/v2\/media?parent=23864"}],"wp:term":[{"taxonomy":"category","embeddable":true,"href":"http:\/\/www.slineamt.ro\/apostolul\/wp-json\/wp\/v2\/categories?post=23864"},{"taxonomy":"post_tag","embeddable":true,"href":"http:\/\/www.slineamt.ro\/apostolul\/wp-json\/wp\/v2\/tags?post=23864"}],"curies":[{"name":"wp","href":"https:\/\/api.w.org\/{rel}","templated":true}]}}