{"id":23867,"date":"2023-03-20T12:23:25","date_gmt":"2023-03-20T12:23:25","guid":{"rendered":"http:\/\/www.slineamt.ro\/apostolul\/?p=23867"},"modified":"2023-03-20T12:23:25","modified_gmt":"2023-03-20T12:23:25","slug":"2023-anul-cultural-dimitrie-cantemir-si-ciprian-porumbescu","status":"publish","type":"post","link":"http:\/\/www.slineamt.ro\/apostolul\/eveniment\/2023-anul-cultural-dimitrie-cantemir-si-ciprian-porumbescu\/","title":{"rendered":"2023 &#8211; Anul cultural Dimitrie Cantemir \u015fi Ciprian Porumbescu"},"content":{"rendered":"\n<p><\/p>\n\n\n\n<p>Adoptat\u0103 de Parlamentul Rom\u00e2niei \u00een decembrie trecut, legea care prevede ca 2023 s\u0103 fie declarat \u201eAnul cultural Dimitrie Cantemir \u015fi Ciprian Porumbescu\u201d a fost promulgat\u0103 de Klaus Iohannis, Pre\u015fedintele Rom\u00e2niei, joi, 12 ianuarie 2023.<\/p>\n\n\n\n<p>\u201eSe instituie anul 2023 ca \u00abAnul cultural Dimitrie Cantemir \u015fi Ciprian Porumbescu\u00bb, pentru celebrarea vie\u0163ii \u015fi operei c\u0103rturarului Dimitrie Cantemir \u015fi a operei compozitorului Ciprian Porumbescu\u201d, se arat\u0103 \u00een primul articol al legii votate de Parlament.<\/p>\n\n\n\n<p><strong>Ciprian Porumbescu<\/strong> s-a n\u0103scut \u00een 1853 \u015fi a trecut la via\u0163a ve\u015fnic\u0103 \u00een 6 iunie1883. \u00cen 2023 se \u00eemplinesc 170 de ani de la na\u015fterea compozitorului \u015fi 140 de la moartea sa.<\/p>\n\n\n\n<p><strong>Dimitrie Cantemir<\/strong> a fost domn al Moldovei (1710-1711), un mare c\u0103rturar \u015fi istoric. S-a n\u0103scut la 26 octombrie \u00een anul 1673 \u015fi a trecut la Domnul la 21 august \u00een 1723, la v\u00e2rsta de 50 de ani. Anul acesta se \u00eemplinesc 350 de ani de la na\u015fterea c\u0103rturarului \u015fi 300 de la moartea lui.<\/p>\n\n\n\n<p>Articolul 2 al Legii nr. 38\/2023 (Monitorul Oficial al Rom\u00e2niei, Partea I, nr. 40 din 13 ianuarie 2023) prevede c\u0103 institu\u0163iile centrale \u015fi locale pot organiza activit\u0103\u0163i culturale artistice sau educa\u0163ionale dedicate celebr\u0103rii vie\u0163ilor \u015fi operelor acestora, pentru a celebra anul cultural.<\/p>\n\n\n\n<p><strong><em>Red.<\/em><\/strong><strong><em><\/em><\/strong><\/p>\n","protected":false},"excerpt":{"rendered":"<p>Adoptat\u0103 de Parlamentul Rom\u00e2niei \u00een decembrie trecut, legea care prevede ca 2023 s\u0103 fie declarat \u201eAnul cultural Dimitrie Cantemir \u015fi Ciprian Porumbescu\u201d a fost promulgat\u0103 de Klaus Iohannis, Pre\u015fedintele Rom\u00e2niei, joi, 12 ianuarie 2023. \u201eSe instituie anul 2023 ca \u00abAnul&hellip;<\/p>\n<p class=\"more-link-p\"><a class=\"more-link\" href=\"http:\/\/www.slineamt.ro\/apostolul\/eveniment\/2023-anul-cultural-dimitrie-cantemir-si-ciprian-porumbescu\/\">Read more &rarr;<\/a><\/p>\n","protected":false},"author":1,"featured_media":0,"comment_status":"open","ping_status":"closed","sticky":false,"template":"","format":"standard","meta":{"footnotes":""},"categories":[18,469],"tags":[],"class_list":["post-23867","post","type-post","status-publish","format-standard","hentry","category-eveniment","category-numarul-259"],"_links":{"self":[{"href":"http:\/\/www.slineamt.ro\/apostolul\/wp-json\/wp\/v2\/posts\/23867","targetHints":{"allow":["GET"]}}],"collection":[{"href":"http:\/\/www.slineamt.ro\/apostolul\/wp-json\/wp\/v2\/posts"}],"about":[{"href":"http:\/\/www.slineamt.ro\/apostolul\/wp-json\/wp\/v2\/types\/post"}],"author":[{"embeddable":true,"href":"http:\/\/www.slineamt.ro\/apostolul\/wp-json\/wp\/v2\/users\/1"}],"replies":[{"embeddable":true,"href":"http:\/\/www.slineamt.ro\/apostolul\/wp-json\/wp\/v2\/comments?post=23867"}],"version-history":[{"count":1,"href":"http:\/\/www.slineamt.ro\/apostolul\/wp-json\/wp\/v2\/posts\/23867\/revisions"}],"predecessor-version":[{"id":23868,"href":"http:\/\/www.slineamt.ro\/apostolul\/wp-json\/wp\/v2\/posts\/23867\/revisions\/23868"}],"wp:attachment":[{"href":"http:\/\/www.slineamt.ro\/apostolul\/wp-json\/wp\/v2\/media?parent=23867"}],"wp:term":[{"taxonomy":"category","embeddable":true,"href":"http:\/\/www.slineamt.ro\/apostolul\/wp-json\/wp\/v2\/categories?post=23867"},{"taxonomy":"post_tag","embeddable":true,"href":"http:\/\/www.slineamt.ro\/apostolul\/wp-json\/wp\/v2\/tags?post=23867"}],"curies":[{"name":"wp","href":"https:\/\/api.w.org\/{rel}","templated":true}]}}