{"id":23877,"date":"2023-03-20T12:31:41","date_gmt":"2023-03-20T12:31:41","guid":{"rendered":"http:\/\/www.slineamt.ro\/apostolul\/?p=23877"},"modified":"2023-03-20T12:31:41","modified_gmt":"2023-03-20T12:31:41","slug":"premiul-national-pentru-proza-ion-creanga-opera-omnia-editia-a-vii-a-2023","status":"publish","type":"post","link":"http:\/\/www.slineamt.ro\/apostolul\/eveniment\/premiul-national-pentru-proza-ion-creanga-opera-omnia-editia-a-vii-a-2023\/","title":{"rendered":"Premiul na\u0163ional pentru proz\u0103 \u201eIon Creang\u0103\u201d, Opera Omnia, Edi\u0163ia a VII-a, 2023"},"content":{"rendered":"\n<p><\/p>\n\n\n\n<p>Pe 1 martie 2023, la Piatra-Neam\u0163 s-a desf\u0103\u015furat edi\u0163ia a VII-a a <strong>Premiului na\u0163ional pentru proz\u0103 \u201eIon Creang\u0103\u201d, Opera Omnia<\/strong>, proiect aflat \u00een organizarea Centrului pentru Cultur\u0103 \u015fi Arte \u201eCarmen Saeculare\u201d, cu finan\u0163area Consiliului Jude\u0163ean Neam\u0163.<\/p>\n\n\n\n<p>Gala <strong>Premiului na\u0163ional pentru proz\u0103 \u201eIon Creang\u0103\u201d, Opera Omnia<\/strong>, g\u0103zduit\u0103 de Colegiul Na\u0163ional \u201eCalistrat Hoga\u015f,\u201d a avut ca punct central festivitatea de decernare a Premiului, care a revenit anul acesta prozatorului <strong>Petru Cimpoe\u015fu<\/strong>. Astfel, prozatorul de origine vasluian\u0103 se al\u0103tur\u0103 unei \u00eentregi pleiade de laurea\u0163i: Dumitru Radu Popescu, Nicolae Breban, Eugen Uricaru, Dan Stanca, Gabriela Adame\u015fteanu, Gheorghe Schwartz.<\/p>\n\n\n\n<p>Laureatul din acest an, un prozator rom\u00e2n de cert\u0103 \u0163inut\u0103, \u201ecare s-a impus con\u015ftiin\u0163ei publice rom\u00e2ne\u015fti sau pe plan interna\u0163ional, cu lucr\u0103ri de cert\u0103 valoare \u015fi \u0163inut\u0103 artistic\u0103, unanim apreciate de critica literar\u0103 \u015fi de marele public\u201d, a\u015fa cum men\u0163ioneaz\u0103 regulamentul, a fost ales prin vot secret dintr-o list\u0103 preliminar\u0103 de nominaliz\u0103ri, care i-a mai inclus, \u00een ordine alfabetic\u0103 pe: \u015etefan Agopian, Val Butnaru, Radu Cosa\u015fu, Nichita Danilov, Gellu Dorian, Emilian Marcu, Bujor Nedelcovici, Lucian Strochi \u015fi Varujan Vosganian.<\/p>\n\n\n\n<p>\u015ei anul acesta juriul a avut \u00een componen\u0163\u0103 critici literari \u015fi scriitori de autoritate: Ioan Holban, pre\u015fedinte, Mircea A. Diaconu, Theodor Codreanu, Mircea Chelaru, Adrian Dinu Rachieru, Constantin Dram \u015fi Cristian Livescu.<\/p>\n\n\n\n<p>\u00cen cadrul aceleia\u015fi ceremonii, \u00een prezen\u0163a unui public numeros, scriitorul <strong>Gheorghe Schwartz<\/strong>, laureatul de anul trecut, a primit din partea Prim\u0103riei \u015fi a Consiliului Local T\u00e2rgu Neam\u0163, titlul de <strong>Cet\u0103\u0163ean de onoare<\/strong> al ora\u015fului de la poalele Cet\u0103\u0163ii Neam\u0163.<\/p>\n\n\n\n<p>Gala <strong>Premiului na\u0163ional pentru proz\u0103 \u201eIon Creang\u0103\u201d, Opera Omnia<\/strong> a debutat cu sesiunea de comunic\u0103ri \u201eIon Creang\u0103 \u2013 memorialist \u015fi povestitor nepereche\u201d. Au participat scriitori, critici \u015fi istorici literari: Marius Chelaru, Aurel \u015etefanachi, Gheorghe Schwartz, Nicolae Scurtu, Iulian Pruteanu Is\u0103cescu, Valentin Talpalaru, Cristian Livescu, Lucian Strochi, Radu Tudorel, Neculai Muscalu.<\/p>\n\n\n\n<p>La final, au fost lansate c\u00e2teva c\u0103r\u0163i \u00een rezonan\u0163\u0103 cu evenimentul: \u201eTr\u0103darea\u201d, de Gheorghe Schwartz (la Editura Nona, Piatra-Neam\u0163, \u00een seria <em>Prozatori rom\u00e2ni laurea\u0163i ai Premiului Na\u0163ional de proz\u0103 \u201eIon Creang\u0103\u201d<\/em>) \u015fi \u201eIdentitatea cultural\u0103 a sufletului rom\u00e2nesc\u201d, de Neculai Muscalu, la Editura Academiei. Publicul prezent, format din elevi \u015fi cadre didactice din cadrul Colegiului Na\u0163ional \u201eCalistrat Hoga\u015f\u201d, a putut viziona \u015fi Expozi\u0163ia de carte a Editurii Tipo Moldova din Ia\u015fi (director, Aurel \u015etefanachi).<\/p>\n\n\n\n<p>De asemenea, \u00een prezentarea criticului Cristian Livescu au fost recenzate cele mai recente numere ale revistei \u201eAntiteze\u201d ap\u0103rute la Editura Nona a Centrului pentru Cultur\u0103 \u015fi Arte \u201eCarmen Saeculare\u201d Neam\u0163.<\/p>\n\n\n\n<p><strong><em>Valentin ANDREI<\/em><\/strong><strong><em><\/em><\/strong><\/p>\n","protected":false},"excerpt":{"rendered":"<p>Pe 1 martie 2023, la Piatra-Neam\u0163 s-a desf\u0103\u015furat edi\u0163ia a VII-a a Premiului na\u0163ional pentru proz\u0103 \u201eIon Creang\u0103\u201d, Opera Omnia, proiect aflat \u00een organizarea Centrului pentru Cultur\u0103 \u015fi Arte \u201eCarmen Saeculare\u201d, cu finan\u0163area Consiliului Jude\u0163ean Neam\u0163. Gala Premiului na\u0163ional pentru&hellip;<\/p>\n<p class=\"more-link-p\"><a class=\"more-link\" href=\"http:\/\/www.slineamt.ro\/apostolul\/eveniment\/premiul-national-pentru-proza-ion-creanga-opera-omnia-editia-a-vii-a-2023\/\">Read more &rarr;<\/a><\/p>\n","protected":false},"author":1,"featured_media":0,"comment_status":"open","ping_status":"closed","sticky":false,"template":"","format":"standard","meta":{"footnotes":""},"categories":[18,469],"tags":[],"class_list":["post-23877","post","type-post","status-publish","format-standard","hentry","category-eveniment","category-numarul-259"],"_links":{"self":[{"href":"http:\/\/www.slineamt.ro\/apostolul\/wp-json\/wp\/v2\/posts\/23877","targetHints":{"allow":["GET"]}}],"collection":[{"href":"http:\/\/www.slineamt.ro\/apostolul\/wp-json\/wp\/v2\/posts"}],"about":[{"href":"http:\/\/www.slineamt.ro\/apostolul\/wp-json\/wp\/v2\/types\/post"}],"author":[{"embeddable":true,"href":"http:\/\/www.slineamt.ro\/apostolul\/wp-json\/wp\/v2\/users\/1"}],"replies":[{"embeddable":true,"href":"http:\/\/www.slineamt.ro\/apostolul\/wp-json\/wp\/v2\/comments?post=23877"}],"version-history":[{"count":1,"href":"http:\/\/www.slineamt.ro\/apostolul\/wp-json\/wp\/v2\/posts\/23877\/revisions"}],"predecessor-version":[{"id":23878,"href":"http:\/\/www.slineamt.ro\/apostolul\/wp-json\/wp\/v2\/posts\/23877\/revisions\/23878"}],"wp:attachment":[{"href":"http:\/\/www.slineamt.ro\/apostolul\/wp-json\/wp\/v2\/media?parent=23877"}],"wp:term":[{"taxonomy":"category","embeddable":true,"href":"http:\/\/www.slineamt.ro\/apostolul\/wp-json\/wp\/v2\/categories?post=23877"},{"taxonomy":"post_tag","embeddable":true,"href":"http:\/\/www.slineamt.ro\/apostolul\/wp-json\/wp\/v2\/tags?post=23877"}],"curies":[{"name":"wp","href":"https:\/\/api.w.org\/{rel}","templated":true}]}}