{"id":24053,"date":"2023-04-25T07:16:17","date_gmt":"2023-04-25T07:16:17","guid":{"rendered":"http:\/\/www.slineamt.ro\/apostolul\/?p=24053"},"modified":"2023-04-25T09:48:07","modified_gmt":"2023-04-25T09:48:07","slug":"poza-de-familie-langa-bustul-lui-eminescu","status":"publish","type":"post","link":"http:\/\/www.slineamt.ro\/apostolul\/lectia-de-istorie\/poza-de-familie-langa-bustul-lui-eminescu\/","title":{"rendered":"Poz\u0103 de familie l\u00e2ng\u0103 bustul lui Eminescu"},"content":{"rendered":"<div class=\"wp-block-image\">\n<figure class=\"alignleft size-full is-resized\"><a href=\"http:\/\/www.slineamt.ro\/apostolul\/wp-content\/uploads\/2023\/04\/09-ap260-foto1.jpg\"><img loading=\"lazy\" decoding=\"async\" src=\"http:\/\/www.slineamt.ro\/apostolul\/wp-content\/uploads\/2023\/04\/09-ap260-foto1.jpg\" alt=\"\" class=\"wp-image-24054\" width=\"246\" height=\"468\" srcset=\"http:\/\/www.slineamt.ro\/apostolul\/wp-content\/uploads\/2023\/04\/09-ap260-foto1.jpg 258w, http:\/\/www.slineamt.ro\/apostolul\/wp-content\/uploads\/2023\/04\/09-ap260-foto1-158x300.jpg 158w, http:\/\/www.slineamt.ro\/apostolul\/wp-content\/uploads\/2023\/04\/09-ap260-foto1-160x304.jpg 160w\" sizes=\"auto, (max-width: 246px) 100vw, 246px\" \/><\/a><\/figure>\n<\/div>\n\n\n<p>Ceva se \u00eent\u00e2mpl\u0103 totu\u015fi. Se-nt\u00e2mpl\u0103. Ne facem poze la bustul lui Eminescu de la Putna \u015fi poza asta trece \u00eentr-un album care va \u00eencerca s\u0103 le spun\u0103 urma\u015filor no\u015ftri cine am fost noi, ce am f\u0103cut, ce am \u015ftiut \u015fi pe cine-am \u015ftiut, care ne-au fost valorile, reperele \u015fi ce am c\u0103utat tot l\u0103s\u00e2nd \u00een urma noastr\u0103 drumuri, locuri \u015fi timpuri. Acolo, \u00een poza de la bustul lui Eminescu, suntem, de multe ori, cu cei dragi, iar op\u0163iunea devine una colectiv\u0103. Una de familie, dac\u0103 vre\u0163i. Aceea de a ad\u0103uga ve\u015fnicie geniului \u00een bronz \u015fi de a ne l\u0103sa str\u0103pun\u015fi de fulgerul lui.<\/p>\n\n\n\n<p>Acelea\u015fi poze \u015fi la Teiul lui Eminescu. Cu copii pe bra\u0163e. Sau cu nepo\u0163eii lumina\u0163i de floarea de tei. Poze \u00een care noi ne pierdem pe undeva, \u00eentr-o umbr\u0103 a lui \u015fi \u00eentr-o disperat\u0103-ncercare de a cuprinde bolta verde a unui copac cu istoria intrat\u0103 \u00een sevele-i \u015fi cu \u00eenflorirea r\u0103mas\u0103-n albume. Cu familia \u015fi acolo. \u00centr-o alt\u0103 str\u0103fulgerare a geniului.<\/p>\n\n\n\n<p>C\u00e2nd mergem prin parc, dintre multele lui alei o alegem pe cea a Clasicilor. Cu Eminescu \u00eentroienit de flori \u00eentr-un ianuarie oc\u0103r\u00e2t de copii. C\u0103 nu ninge \u015fi c\u0103 omului de z\u0103pad\u0103 nu i se d\u0103 viz\u0103 de c\u0103l\u0103torie \u00een copil\u0103riile lor. Miroase a busuioc pe Aleea Clasicilor. O fi fost cineva la biseric\u0103. O fi fost \u00eenainte ca s\u0103 ajung\u0103 aici. \u015ei mergem printre poe\u0163i, ating\u00e2nd cu-amintirile rimele. Ni se aud pa\u015fii pe caldar\u00e2mul vechi al unui manual de literatur\u0103, curio\u015fi s\u0103 \u015ftim despre ce va fi oare lec\u0163ia urm\u0103toare. Despre Eminescu e. C\u0103 s-a n\u0103scut dintr-un r\u0103s\u0103rit de Luceaf\u0103r \u015fi c\u0103 acolo, \u00een anii pe care i-a tr\u0103it, sem\u0103na foarte mult cu omul pe care \u00eel vezi acum pe o strad\u0103. \u00centr-un palton neluat \u00een seam\u0103 de v\u00e2nturi. \u00centr-o via\u0163\u0103 neluat\u0103 \u00een seam\u0103 de moarte.<\/p>\n\n\n\n<p>E la ni\u015fte pa\u015fi de bustul lui Grigore Vieru. Vine un apus de soare la o vreme anume \u015fi umbrele lor ne las\u0103 s\u0103 \u015ftim c\u0103 timpul trece \u015fi trece necru\u0163\u0103tor. Umbrele lor pe cadranul cu umbrele noastre.<\/p>\n\n\n\n<p>Peste c\u00e2teva zile, peste numai c\u00e2teva zile, alte \u00eentroieniri de petale se vor l\u0103sa pe Alee. La bustul lui Grigore Vieru. Peste numai c\u00e2teva zile. Ca s\u0103 \u00een\u0163elegem cumva, la aceea\u015fi lec\u0163ie de literatur\u0103, c\u0103 poe\u0163ii se nasc, dar poe\u0163ii \u015fi mor.<\/p>\n\n\n\n<p>Vom face poze iar\u0103\u015fi, ca \u015fi cum am avea o Putn\u0103 aici. Cu Eminescu ridic\u00e2ndu-se din valuri de crizanteme. \u015ei cu Grigore Vieru c\u0103ruia \u00eei dai \u201eBuna ziua!\u201d \u00een plin Chi\u015fin\u0103u ca unui om \u00een satul t\u0103u.<\/p>\n\n\n\n<p>Ce se \u00eent\u00e2mpl\u0103 totu\u015fi, dac\u0103 la casa de cultur\u0103 din Baurci-Moldoveni, un sat la fel de uitat de ninsori, s-a celebrat ziua poetului Mihai Eminescu ca o s\u0103rb\u0103toare cobor\u00e2t\u0103 din calendarele biserice\u015fti. Femei \u00een v\u00e2rst\u0103 cu c\u0103r\u0163i deschise \u00een fa\u0163a lor, femei \u00een v\u00e2rst\u0103 \u00een ie \u015fi \u00een catrin\u0163\u0103 au vorbit despre Eminescu.<\/p>\n\n\n\n<p>Am tot c\u0103utat o explica\u0163ie ca s\u0103-mi pot spune mie acum, de ce atunci c\u00e2nd eram noi copii, acolo, \u00een sat, pe Eminescu \u00eel omagiau doar copiii? Ni\u015fte copii \u00eentr-o clas\u0103 sau poate \u00een coridorul \u015fcolii, cu o foaie whatman prins\u0103-n piuneze la c\u00e2\u0163iva pa\u015fi de cancelarie. Ni\u015fte copii recit\u00e2nd poezii pentru care aveau deja nota cea mare-n agend\u0103. Ni\u015fte copii recit\u00e2nd \u00een fa\u0163a altor copii. \u015ei \u00een fa\u0163a unei profesoare de literatur\u0103 care nu a fost niciodat\u0103 pe Aleea Clasicilor, niciodat\u0103 la Putna, niciodat\u0103 la Ia\u015fi. Cu un tei care \u00eenflorea \u00een alb-negru. \u015ei morm\u00e2ntul poetului cu t\u0103cerea lui ajuns\u0103 \u00een manuale. Cu Caragiale la nicio umbr\u0103 de pom de el. Cu Sadoveanu. Aproape. C\u0103 trec narcisele de la o cruce la alta. C\u00e2nd vin prim\u0103verile. Se spunea doar c\u0103 a murit Eminescu. \u00centr-o zi. \u00centr-un an. Nimic despre morm\u00e2nt. Ar fi trebuit, altfel, s\u0103 \u015ftim c\u0103 e \u00eenmorm\u00e2ntat la Bucure\u015fti. Ar fi trebuit, dar se t\u0103cea.<\/p>\n\n\n\n<p>\u015ei c\u00e2nd copiii de-atunci ajung s\u0103 fie oamenii v\u00e2rstnici ai unui sat, ajung s\u0103 poarte ie \u015fi s\u0103 poarte catrin\u0163\u0103, de ce nu ar fi tot at\u00e2t de firesc s\u0103 se \u00eent\u00e2lneasc\u0103 \u00eentr-o zi de cincisprezece ianuarie \u00een jurul unei c\u0103r\u0163i de poezie. O carte care poart\u0103 pe copert\u0103 un arbore. Un arbore care a devenit poz\u0103 de pa\u015faport. Un pa\u015faport prin care ne identific\u0103m ca literatur\u0103, cultur\u0103 \u015fi g\u00e2ndire.<\/p>\n\n\n\n<p>\u015ei pare firesc acum s\u0103-i vedem celebr\u00e2nd. Sau, ca s\u0103 nu fie prea concertistic spus, s\u0103-i vedem recitind ni\u015fte poezii, ascult\u00e2nd un poem, vorbind despre Eminescu. De aici \u015fi poza aceea de familie la bustul lui Eminescu de la Putna. De aici \u015fi poza noastr\u0103 sub cerul de frunze al teiului din Parcul Copou, de aici \u015fi buchetul de crizanteme-nflorite pe o fil\u0103 de calendar scoas\u0103 de sub z\u0103pezi. Pentru c\u0103 poart\u0103-n pl\u0103m\u00e2ni pulberea astrului \u015fi colbul manualului de literatur\u0103. Nu aparatul Roentghen detecteaz\u0103 pulberea asta. Nu. O g\u0103sim doar cu t\u00e2mpl\u0103 \u015fi o g\u0103sim doar cu ce e sub ea. \u015ei, a\u015fa cum avem o fi\u015f\u0103 medical\u0103 pe undeva, avem, cred, \u015fi una pe care se poate citi urma lecturilor, a adev\u0103rurilor \u015fi a contactului nostru cu ceea ce ne reprezint\u0103 \u015fi care ne strecoar\u0103 sub aripi traiectoria zborului.<\/p>\n\n\n\n<p>\u00cen\u0163elegem, dup\u0103 c\u00e2te se-nt\u00e2mpl\u0103 acum \u015fi dup\u0103 c\u00e2te le puteam constata ast\u0103zi cu u\u015furin\u0163\u0103, c\u0103 \u015fcoala \u015fi doar \u015fcoala este singura poart\u0103 prin care Eminescu ajunge \u00een con\u015ftiin\u0163a noastr\u0103. Cu pu\u0163inul c\u00e2t ni s-a spus, cu prea atenta selec\u0163ie a poeziei, cu multul, preamultul Eminescu t\u0103cut sau ascuns \u00een spatele unor poezii de dragoste \u015fi \u00een spatele unui poem, e totu\u015fi o poart\u0103 deschis\u0103 continuu. \u015ei e explica\u0163ia pe care o c\u0103ut\u0103m pentru acea sear\u0103 \u00eenchinat\u0103 lui Eminescu \u00eentr-un sat \u00een care parc\u0103 ai a\u015ftepta s\u0103 vezi femei care torc, femei care deap\u0103n\u0103 amintiri despre hore. \u015ei e explica\u0163ia pe care o c\u0103ut\u0103m pentru poza de l\u00e2ng\u0103 bust, pentru poza de l\u00e2ng\u0103 tei, pentru florile lipite \u00eentr-un miez de iarn\u0103 de foaia rece-a granitului.<\/p>\n\n\n\n<p>Ceva se-nt\u00e2mpl\u0103 totu\u015fi. Numai c\u0103 nu se \u00eent\u00e2mpl\u0103 de azi. De c\u00e2nd \u00eel citim pe poet se \u00eent\u00e2mpl\u0103. (<strong>N.R.<\/strong> Sursa: <em>Limba rom\u00e2n\u0103<\/em>, Nr. 1-2, anul XXXIII, 2023)<\/p>\n\n\n\n<p><strong><em>Constantin OLTEANU<\/em><\/strong><\/p>\n","protected":false},"excerpt":{"rendered":"<p>Ceva se \u00eent\u00e2mpl\u0103 totu\u015fi. Se-nt\u00e2mpl\u0103. Ne facem poze la bustul lui Eminescu de la Putna \u015fi poza asta trece \u00eentr-un album care va \u00eencerca s\u0103 le spun\u0103 urma\u015filor no\u015ftri cine am fost noi, ce am f\u0103cut, ce am \u015ftiut \u015fi&hellip;<\/p>\n<p class=\"more-link-p\"><a class=\"more-link\" href=\"http:\/\/www.slineamt.ro\/apostolul\/lectia-de-istorie\/poza-de-familie-langa-bustul-lui-eminescu\/\">Read more &rarr;<\/a><\/p>\n","protected":false},"author":1,"featured_media":0,"comment_status":"open","ping_status":"closed","sticky":false,"template":"","format":"standard","meta":{"footnotes":""},"categories":[6,470],"tags":[],"class_list":["post-24053","post","type-post","status-publish","format-standard","hentry","category-lectia-de-istorie","category-numarul-260"],"_links":{"self":[{"href":"http:\/\/www.slineamt.ro\/apostolul\/wp-json\/wp\/v2\/posts\/24053","targetHints":{"allow":["GET"]}}],"collection":[{"href":"http:\/\/www.slineamt.ro\/apostolul\/wp-json\/wp\/v2\/posts"}],"about":[{"href":"http:\/\/www.slineamt.ro\/apostolul\/wp-json\/wp\/v2\/types\/post"}],"author":[{"embeddable":true,"href":"http:\/\/www.slineamt.ro\/apostolul\/wp-json\/wp\/v2\/users\/1"}],"replies":[{"embeddable":true,"href":"http:\/\/www.slineamt.ro\/apostolul\/wp-json\/wp\/v2\/comments?post=24053"}],"version-history":[{"count":1,"href":"http:\/\/www.slineamt.ro\/apostolul\/wp-json\/wp\/v2\/posts\/24053\/revisions"}],"predecessor-version":[{"id":24055,"href":"http:\/\/www.slineamt.ro\/apostolul\/wp-json\/wp\/v2\/posts\/24053\/revisions\/24055"}],"wp:attachment":[{"href":"http:\/\/www.slineamt.ro\/apostolul\/wp-json\/wp\/v2\/media?parent=24053"}],"wp:term":[{"taxonomy":"category","embeddable":true,"href":"http:\/\/www.slineamt.ro\/apostolul\/wp-json\/wp\/v2\/categories?post=24053"},{"taxonomy":"post_tag","embeddable":true,"href":"http:\/\/www.slineamt.ro\/apostolul\/wp-json\/wp\/v2\/tags?post=24053"}],"curies":[{"name":"wp","href":"https:\/\/api.w.org\/{rel}","templated":true}]}}