{"id":24056,"date":"2023-04-25T07:17:33","date_gmt":"2023-04-25T07:17:33","guid":{"rendered":"http:\/\/www.slineamt.ro\/apostolul\/?p=24056"},"modified":"2023-04-25T10:14:19","modified_gmt":"2023-04-25T10:14:19","slug":"formare-sindicala-peste-prut-o-veritabila-experienta-de-invatare","status":"publish","type":"post","link":"http:\/\/www.slineamt.ro\/apostolul\/viata-sindicala-imperative\/formare-sindicala-peste-prut-o-veritabila-experienta-de-invatare\/","title":{"rendered":"Formare sindical\u0103 peste Prut \u2013 o veritabil\u0103 experien\u0163\u0103 de \u00eenv\u0103\u0163are"},"content":{"rendered":"<div class=\"wp-block-image\">\n<figure class=\"alignleft size-full is-resized\"><a href=\"http:\/\/www.slineamt.ro\/apostolul\/wp-content\/uploads\/2023\/04\/08-ap260-foto1.jpg\"><img loading=\"lazy\" decoding=\"async\" src=\"http:\/\/www.slineamt.ro\/apostolul\/wp-content\/uploads\/2023\/04\/08-ap260-foto1.jpg\" alt=\"\" class=\"wp-image-24057\" width=\"402\" height=\"291\" srcset=\"http:\/\/www.slineamt.ro\/apostolul\/wp-content\/uploads\/2023\/04\/08-ap260-foto1.jpg 530w, http:\/\/www.slineamt.ro\/apostolul\/wp-content\/uploads\/2023\/04\/08-ap260-foto1-300x217.jpg 300w, http:\/\/www.slineamt.ro\/apostolul\/wp-content\/uploads\/2023\/04\/08-ap260-foto1-260x188.jpg 260w, http:\/\/www.slineamt.ro\/apostolul\/wp-content\/uploads\/2023\/04\/08-ap260-foto1-160x116.jpg 160w\" sizes=\"auto, (max-width: 402px) 100vw, 402px\" \/><\/a><\/figure>\n<\/div>\n\n\n<p>\u00cen cadrul parteneriatului dintre <strong>Sindicatul Liber al Lucr\u0103torilor din \u00cenv\u0103\u0163\u0103m\u00e2nt \u015fi Cercetare \u015etiin\u0163ific\u0103 Neam\u0163<\/strong> \u015fi <strong>Federa\u0163ia Sindical\u0103 a Educa\u0163iei \u015fi \u015etiin\u0163ei<\/strong>, s-a colaborat la sus\u0163inerea unui prim modul din cele patru ale cursului de instruire \u00een domeniul form\u0103rii formatorilor sindicali de nivel ramural din <strong>Republica Moldova<\/strong>.<\/p>\n\n\n\n<p>Astfel, 17 lideri din ramura educa\u0163iei \u015fi ramura culturii \u00ee\u015fi dezvolt\u0103 \u015fi \u00eembun\u0103t\u0103\u0163esc competen\u0163ele necesare desf\u0103\u015fur\u0103rii activit\u0103\u0163ilor de formare sindical\u0103 de calitate, pe parcursul acestui an calendaristic.<\/p>\n\n\n<div class=\"wp-block-image\">\n<figure class=\"alignright size-full is-resized\"><a href=\"http:\/\/www.slineamt.ro\/apostolul\/wp-content\/uploads\/2023\/04\/08-ap260-foto2.jpg\"><img loading=\"lazy\" decoding=\"async\" src=\"http:\/\/www.slineamt.ro\/apostolul\/wp-content\/uploads\/2023\/04\/08-ap260-foto2.jpg\" alt=\"\" class=\"wp-image-24058\" width=\"446\" height=\"286\" srcset=\"http:\/\/www.slineamt.ro\/apostolul\/wp-content\/uploads\/2023\/04\/08-ap260-foto2.jpg 529w, http:\/\/www.slineamt.ro\/apostolul\/wp-content\/uploads\/2023\/04\/08-ap260-foto2-300x192.jpg 300w, http:\/\/www.slineamt.ro\/apostolul\/wp-content\/uploads\/2023\/04\/08-ap260-foto2-260x167.jpg 260w, http:\/\/www.slineamt.ro\/apostolul\/wp-content\/uploads\/2023\/04\/08-ap260-foto2-160x103.jpg 160w\" sizes=\"auto, (max-width: 446px) 100vw, 446px\" \/><\/a><\/figure>\n<\/div>\n\n\n<p>Programul este structurat pe 4 module, iar primul dintre acestea a avut loc \u00een zilele de 23 \u015fi 24 martie 2023, la Institutul Muncii din Chi\u015fin\u0103u. La propunerea conducerii FSE\u015e, SLI Neam\u0163 a fost reprezentat prin dl. Gabriel Plosc\u0103, pre\u015fedinte \u015fi subsemnata, formator FSLI Rom\u00e2nia, sus\u0163in\u00e2nd activit\u0103\u0163ile de formare. A fost o experien\u0163\u0103 grozav\u0103 at\u00e2t din punct de vedere profesional, c\u00e2t \u015fi personal. Dna Nadejda Lavric, vicepre\u015fedinte FSE\u015e, \u00eempreun\u0103 cu buna noastr\u0103 coleg\u0103 (din echipa de redac\u0163ie a revistei \u201eApostolul\u201d), reprezentant FSE\u015e, dna Angelina Begu, ne-au \u00eent\u00e2mpinat cu bucurie \u015fi ospitalitate \u015fi ne-au sprijinit permanent \u00een organizarea activit\u0103\u0163ilor de formare.<\/p>\n\n\n<div class=\"wp-block-image\">\n<figure class=\"alignleft size-full is-resized\"><a href=\"http:\/\/www.slineamt.ro\/apostolul\/wp-content\/uploads\/2023\/04\/08-ap260-foto3.jpg\"><img loading=\"lazy\" decoding=\"async\" src=\"http:\/\/www.slineamt.ro\/apostolul\/wp-content\/uploads\/2023\/04\/08-ap260-foto3.jpg\" alt=\"\" class=\"wp-image-24059\" width=\"453\" height=\"323\" srcset=\"http:\/\/www.slineamt.ro\/apostolul\/wp-content\/uploads\/2023\/04\/08-ap260-foto3.jpg 529w, http:\/\/www.slineamt.ro\/apostolul\/wp-content\/uploads\/2023\/04\/08-ap260-foto3-300x214.jpg 300w, http:\/\/www.slineamt.ro\/apostolul\/wp-content\/uploads\/2023\/04\/08-ap260-foto3-260x185.jpg 260w, http:\/\/www.slineamt.ro\/apostolul\/wp-content\/uploads\/2023\/04\/08-ap260-foto3-160x114.jpg 160w\" sizes=\"auto, (max-width: 453px) 100vw, 453px\" \/><\/a><\/figure>\n<\/div>\n\n\n<p>Am fost onorat\u0103 s\u0103 interac\u0163ionez cu o grup\u0103 de cursan\u0163i ce de\u0163in o \u00eenalt\u0103 preg\u0103tire profesional\u0103 \u00een domeniul educa\u0163iei sau culturii, care, prin motiva\u0163ia personal\u0103, s-au \u00eenscris \u00een acest program \u015fi doresc s\u0103 devin\u0103 formatori sindicali foarte bine preg\u0103ti\u0163i. Coeziunea de grup s-a realizat cu u\u015furin\u0163\u0103, \u00eentruc\u00e2t to\u0163i participan\u0163ii au fost deschi\u015fi \u015fi permanent implica\u0163i. Pe parcursul celor dou\u0103 zile intense de instruire, am \u00eemp\u0103rt\u0103\u015fit <em>Tehnici \u015fi metode interactive \u00een lucrul cu adul\u0163ii<\/em>, <em>Tehnici de captare a aten\u0163iei auditoriului<\/em>, aspecte ce \u0163in de <em>Managementul timpului \u00een procesul de formare<\/em> \u015fi de <em>Structurarea eficient\u0103 a unui curs<\/em>, dar \u015fi informa\u0163ii valoroase despre <em>Arta oratoric\u0103 \u00een activitatea formatorului sindical<\/em> \u015fi <em>Motivarea \u00eenv\u0103\u0163\u0103rii la adul\u0163i<\/em>.<\/p>\n\n\n<div class=\"wp-block-image\">\n<figure class=\"alignright size-full is-resized\"><a href=\"http:\/\/www.slineamt.ro\/apostolul\/wp-content\/uploads\/2023\/04\/08-ap260-foto4.jpg\"><img loading=\"lazy\" decoding=\"async\" src=\"http:\/\/www.slineamt.ro\/apostolul\/wp-content\/uploads\/2023\/04\/08-ap260-foto4.jpg\" alt=\"\" class=\"wp-image-24060\" width=\"392\" height=\"222\" srcset=\"http:\/\/www.slineamt.ro\/apostolul\/wp-content\/uploads\/2023\/04\/08-ap260-foto4.jpg 567w, http:\/\/www.slineamt.ro\/apostolul\/wp-content\/uploads\/2023\/04\/08-ap260-foto4-300x170.jpg 300w, http:\/\/www.slineamt.ro\/apostolul\/wp-content\/uploads\/2023\/04\/08-ap260-foto4-560x317.jpg 560w, http:\/\/www.slineamt.ro\/apostolul\/wp-content\/uploads\/2023\/04\/08-ap260-foto4-260x147.jpg 260w, http:\/\/www.slineamt.ro\/apostolul\/wp-content\/uploads\/2023\/04\/08-ap260-foto4-160x91.jpg 160w\" sizes=\"auto, (max-width: 392px) 100vw, 392px\" \/><\/a><\/figure>\n<\/div>\n\n\n<p>\u00cen cea de a doua zi de activitate ni s-a al\u0103turat \u015fi dl. Ghenadie Donos, pe\u015fedinte al FSE\u015e, care, ca un adev\u0103rat lider a fost al\u0103turi de echipa sa \u015fi a intrat chiar \u00een rolul de cursant. Interactivitatea a permis tuturor s\u0103 se exprime, s\u0103 \u00eemp\u0103rt\u0103\u015feasc\u0103 din experien\u0163a proprie, iar <em>Arta oratoric\u0103<\/em> a fost exersat\u0103 cu implicare direct\u0103 \u015fi emo\u0163ii, aplic\u00e2nd <em>Regula 20-40-80<\/em> (cursan\u0163ii adul\u0163i \u00ee\u015fi amintesc de obicei 20% din ceea ce aud, 40% din ceea ce aud \u015fi v\u0103d \u015fi 80% din ceea ce aud, v\u0103d \u015fi fac).<\/p>\n\n\n<div class=\"wp-block-image\">\n<figure class=\"alignleft size-full is-resized\"><a href=\"http:\/\/www.slineamt.ro\/apostolul\/wp-content\/uploads\/2023\/04\/08-ap260-foto5.jpg\"><img loading=\"lazy\" decoding=\"async\" src=\"http:\/\/www.slineamt.ro\/apostolul\/wp-content\/uploads\/2023\/04\/08-ap260-foto5.jpg\" alt=\"\" class=\"wp-image-24061\" width=\"441\" height=\"290\" srcset=\"http:\/\/www.slineamt.ro\/apostolul\/wp-content\/uploads\/2023\/04\/08-ap260-foto5.jpg 506w, http:\/\/www.slineamt.ro\/apostolul\/wp-content\/uploads\/2023\/04\/08-ap260-foto5-300x197.jpg 300w, http:\/\/www.slineamt.ro\/apostolul\/wp-content\/uploads\/2023\/04\/08-ap260-foto5-260x171.jpg 260w, http:\/\/www.slineamt.ro\/apostolul\/wp-content\/uploads\/2023\/04\/08-ap260-foto5-160x105.jpg 160w\" sizes=\"auto, (max-width: 441px) 100vw, 441px\" \/><\/a><\/figure>\n<\/div>\n\n\n<p>Consider c\u0103 aceste momente au constituit veritabile situa\u0163ii de \u00eenv\u0103\u0163are pentru to\u0163i cei prezen\u0163i, iar feedback-ul oferit a fost pozitiv. Cursan\u0163ii au afirmat c\u0103 informa\u0163iile primite au fost noi \u015fi vor fi foarte utile at\u00e2t \u00een viitoarea activitate de formator, c\u00e2t \u015fi \u00een plan personal.<\/p>\n\n\n\n<p>Ca formator, pot spune c\u0103 a fost o experien\u0163\u0103 memorabil\u0103, ce mi-a permis s\u0103 interac\u0163ionez cu oameni minuna\u0163i, valoro\u015fi, deschi\u015fi spre cunoa\u015ftere, de la care am primit confirmarea c\u0103 \u00eemplinirea \u00een realizarea misiunii profesionale se ob\u0163ine nu doar c\u00e2nd te preg\u0103te\u015fti temeinic, ci \u015fi c\u00e2nd faci acest lucru cu tot sufletul.<\/p>\n\n\n<div class=\"wp-block-image\">\n<figure class=\"alignright size-full is-resized\"><a href=\"http:\/\/www.slineamt.ro\/apostolul\/wp-content\/uploads\/2023\/04\/08-ap260-foto6.jpg\"><img loading=\"lazy\" decoding=\"async\" src=\"http:\/\/www.slineamt.ro\/apostolul\/wp-content\/uploads\/2023\/04\/08-ap260-foto6.jpg\" alt=\"\" class=\"wp-image-24062\" width=\"446\" height=\"278\" srcset=\"http:\/\/www.slineamt.ro\/apostolul\/wp-content\/uploads\/2023\/04\/08-ap260-foto6.jpg 567w, http:\/\/www.slineamt.ro\/apostolul\/wp-content\/uploads\/2023\/04\/08-ap260-foto6-300x187.jpg 300w, http:\/\/www.slineamt.ro\/apostolul\/wp-content\/uploads\/2023\/04\/08-ap260-foto6-560x349.jpg 560w, http:\/\/www.slineamt.ro\/apostolul\/wp-content\/uploads\/2023\/04\/08-ap260-foto6-260x162.jpg 260w, http:\/\/www.slineamt.ro\/apostolul\/wp-content\/uploads\/2023\/04\/08-ap260-foto6-160x100.jpg 160w\" sizes=\"auto, (max-width: 446px) 100vw, 446px\" \/><\/a><\/figure>\n<\/div>\n\n\n<p>Am apreciat la organiza\u0163ia gazd\u0103 c\u0103 reprezint\u0103 o echip\u0103 puternic\u0103, format\u0103 din oameni implica\u0163i trup \u015fi suflet \u00een activitatea sindical\u0103, care se bazeaz\u0103 pe valori ca: munc\u0103, respect, prietenie, responsabilitate \u015fi profesionalism.<\/p>\n\n\n\n<p><strong><em>Prof. Ramona-Mihaela RO\u015eU<\/em><\/strong><strong><em><\/em><\/strong><\/p>\n","protected":false},"excerpt":{"rendered":"<p>\u00cen cadrul parteneriatului dintre Sindicatul Liber al Lucr\u0103torilor din \u00cenv\u0103\u0163\u0103m\u00e2nt \u015fi Cercetare \u015etiin\u0163ific\u0103 Neam\u0163 \u015fi Federa\u0163ia Sindical\u0103 a Educa\u0163iei \u015fi \u015etiin\u0163ei, s-a colaborat la sus\u0163inerea unui prim modul din cele patru ale cursului de instruire \u00een domeniul form\u0103rii formatorilor sindicali&hellip;<\/p>\n<p class=\"more-link-p\"><a class=\"more-link\" href=\"http:\/\/www.slineamt.ro\/apostolul\/viata-sindicala-imperative\/formare-sindicala-peste-prut-o-veritabila-experienta-de-invatare\/\">Read more &rarr;<\/a><\/p>\n","protected":false},"author":1,"featured_media":0,"comment_status":"open","ping_status":"closed","sticky":false,"template":"","format":"standard","meta":{"footnotes":""},"categories":[11,470],"tags":[],"class_list":["post-24056","post","type-post","status-publish","format-standard","hentry","category-viata-sindicala-imperative","category-numarul-260"],"_links":{"self":[{"href":"http:\/\/www.slineamt.ro\/apostolul\/wp-json\/wp\/v2\/posts\/24056","targetHints":{"allow":["GET"]}}],"collection":[{"href":"http:\/\/www.slineamt.ro\/apostolul\/wp-json\/wp\/v2\/posts"}],"about":[{"href":"http:\/\/www.slineamt.ro\/apostolul\/wp-json\/wp\/v2\/types\/post"}],"author":[{"embeddable":true,"href":"http:\/\/www.slineamt.ro\/apostolul\/wp-json\/wp\/v2\/users\/1"}],"replies":[{"embeddable":true,"href":"http:\/\/www.slineamt.ro\/apostolul\/wp-json\/wp\/v2\/comments?post=24056"}],"version-history":[{"count":1,"href":"http:\/\/www.slineamt.ro\/apostolul\/wp-json\/wp\/v2\/posts\/24056\/revisions"}],"predecessor-version":[{"id":24063,"href":"http:\/\/www.slineamt.ro\/apostolul\/wp-json\/wp\/v2\/posts\/24056\/revisions\/24063"}],"wp:attachment":[{"href":"http:\/\/www.slineamt.ro\/apostolul\/wp-json\/wp\/v2\/media?parent=24056"}],"wp:term":[{"taxonomy":"category","embeddable":true,"href":"http:\/\/www.slineamt.ro\/apostolul\/wp-json\/wp\/v2\/categories?post=24056"},{"taxonomy":"post_tag","embeddable":true,"href":"http:\/\/www.slineamt.ro\/apostolul\/wp-json\/wp\/v2\/tags?post=24056"}],"curies":[{"name":"wp","href":"https:\/\/api.w.org\/{rel}","templated":true}]}}