{"id":24082,"date":"2023-04-25T07:21:45","date_gmt":"2023-04-25T07:21:45","guid":{"rendered":"http:\/\/www.slineamt.ro\/apostolul\/?p=24082"},"modified":"2023-04-25T10:42:37","modified_gmt":"2023-04-25T10:42:37","slug":"nec-plus-ultra-la-aniversare-l-am-asociat-pe-parintele-ioan-mihoc-cu-un-munte","status":"publish","type":"post","link":"http:\/\/www.slineamt.ro\/apostolul\/eveniment\/nec-plus-ultra-la-aniversare-l-am-asociat-pe-parintele-ioan-mihoc-cu-un-munte\/","title":{"rendered":"NEC PLUS ULTRA &#8211; La aniversare: L-am asociat pe P\u0103rintele Ioan Mihoc cu un munte &#8230;"},"content":{"rendered":"<div class=\"wp-block-image\">\n<figure class=\"alignleft size-large is-resized\"><a href=\"http:\/\/www.slineamt.ro\/apostolul\/wp-content\/uploads\/2023\/04\/03-ap260-foto1.jpg\"><img loading=\"lazy\" decoding=\"async\" src=\"http:\/\/www.slineamt.ro\/apostolul\/wp-content\/uploads\/2023\/04\/03-ap260-foto1-771x1024.jpg\" alt=\"\" class=\"wp-image-24083\" width=\"247\" height=\"328\" srcset=\"http:\/\/www.slineamt.ro\/apostolul\/wp-content\/uploads\/2023\/04\/03-ap260-foto1-771x1024.jpg 771w, http:\/\/www.slineamt.ro\/apostolul\/wp-content\/uploads\/2023\/04\/03-ap260-foto1-226x300.jpg 226w, http:\/\/www.slineamt.ro\/apostolul\/wp-content\/uploads\/2023\/04\/03-ap260-foto1-768x1020.jpg 768w, http:\/\/www.slineamt.ro\/apostolul\/wp-content\/uploads\/2023\/04\/03-ap260-foto1-560x744.jpg 560w, http:\/\/www.slineamt.ro\/apostolul\/wp-content\/uploads\/2023\/04\/03-ap260-foto1-260x345.jpg 260w, http:\/\/www.slineamt.ro\/apostolul\/wp-content\/uploads\/2023\/04\/03-ap260-foto1-160x213.jpg 160w, http:\/\/www.slineamt.ro\/apostolul\/wp-content\/uploads\/2023\/04\/03-ap260-foto1.jpg 978w\" sizes=\"auto, (max-width: 247px) 100vw, 247px\" \/><\/a><\/figure>\n<\/div>\n\n\n<p>L-am v\u0103zut pe p\u0103rintele Ioan Mihoc de mai multe ori, \u00een anii din urm\u0103, dar nu pot spune c\u0103 l-am cunoscut. L-am asociat pe p\u0103rintele Ioan Mihoc cu un munte, \u00eenc\u0103 de la \u00eenceput. Un munte se arat\u0103 doar pe fa\u0163a pe care urci, dar \u015ftii foarte pu\u0163in despre \u00eentreg.<\/p>\n\n\n\n<p>Am mai m\u0103rturisit-o, \u00een anii \u015fcolarit\u0103\u0163ii \u201etimpurii\u201d, mi-am dorit foarte mult s\u0103 urmez cursurile Seminarului Teologic de la Neam\u0163. \u015ecoala aceasta avea o aur\u0103 aparte, p\u0103rea s\u0103 fie doar relativ deschis\u0103 spre lume, era ceva tainic care m\u0103 atr\u0103gea. Nu a fost posibil, din motive care \u0163ineau de epoca \u00een care ne aflam, erau multe dificult\u0103\u0163i cu care te confruntai ca s\u0103 faci o \u015fcoal\u0103 mai pu\u0163in supus\u0103 \u015fi expus\u0103 ideologiei oficiale. Dup\u0103 Revolu\u0163ie, am putut \u201ep\u0103trunde\u201d \u00een intimitatea Seminarului Teologic de la Neam\u0163, provocat fiind la mai multe \u00eent\u00e2lniri cu elevii de aici. \u015ei am invitat, la r\u00e2ndul meu al\u0163i confra\u0163i scriitori, convins fiind c\u0103 taina \u015fi faima unei literaturi se cultiv\u0103 prin tineri care se preg\u0103tesc pentru misiuni care \u00eembin\u0103 cultul \u015fi cultura, duhul artei cu Duhul Sf\u00e2nt, a\u015fa cum sunt preo\u0163ii \u00eentr-o societate a\u015fezat\u0103, vie. Am adus la Seminarul Teologic \u201eVeniamin Costachi\u201d de la Neam\u0163, \u00een bun\u0103 \u201ecomplicitate\u201d cu P\u0103rintele Director Ioan Mihoc, valori incontestabile ale literaturii rom\u00e2ne contemporane, dintre care amintesc acum: Cezar Iv\u0103nescu, Alexandru Zub, Liliana Ursu, Cristian Simionescu, Petru Ursache, Lucian Vasiliu, Gheorghe Grigurcu, Dan C. Mih\u0103ilescu, Magda Ursache, Gellu Dorian, Paul Aretzu, Nichita Danilov, al\u0163ii. S\u0103m\u00e2n\u0163a bun\u0103 a culturii, bine sem\u0103nat\u0103, d\u0103 roade, \u015ftiute sau nu, dar sigure. Eram la o \u00eent\u00e2lnire cu publicul, la Fl\u0103m\u00e2nzi, Boto\u015fani \u015fi la sf\u00e2r\u015fitul manifest\u0103rii am fost abordat de preotul din localitate. \u201eNu ave\u0163i cum s\u0103 m\u0103 mai \u0163ine\u0163i minte, \u00eemi spune, dar s\u0103 \u015fti\u0163i c\u0103 \u00eent\u00e2lnirile cu scriitorii, pe care le-a\u0163i provocat dumneavoastr\u0103 la Seminarul de la Neam\u0163, m-au apropiat de literatura rom\u00e2n\u0103 contemporan\u0103, ne-a\u0163i convins c\u0103 avem scriitori care \u015ftiu s\u0103 pun\u0103 Duh Sf\u00e2nt \u00een ceea ce scriu.\u201d Apoi, am desf\u0103\u015furat, la ini\u0163iativa p\u0103rintelui Elefterie P\u0103duraru, de la C\u0103rbuna, \u00een colaborare cu p\u0103rintele director Ioan Mihoc, c\u00e2teva edi\u0163ii ale Zilelor \u201eDaniil Sandu Tudor\u201d, la Seminarul de la Neam\u0163, \u00eencerc\u00e2nd s\u0103 reg\u00e2ndim varianta mi\u015fc\u0103rii \u201eRugul Aprins\u201d \u00een condi\u0163iile lumii \u015fi vie\u0163ii de azi. Ecourile acelor \u00eent\u00e2lniri le-am reg\u0103sit \u00een activitatea multor preo\u0163i, care au participat atunci, \u00een calitate de \u201eseminari\u015fti\u201d, la manifest\u0103rile noastre.<\/p>\n\n\n<div class=\"wp-block-image\">\n<figure class=\"alignright size-full is-resized\"><a href=\"http:\/\/www.slineamt.ro\/apostolul\/wp-content\/uploads\/2023\/04\/03-ap260-foto2.jpg\"><img loading=\"lazy\" decoding=\"async\" src=\"http:\/\/www.slineamt.ro\/apostolul\/wp-content\/uploads\/2023\/04\/03-ap260-foto2.jpg\" alt=\"\" class=\"wp-image-24084\" width=\"253\" height=\"344\" srcset=\"http:\/\/www.slineamt.ro\/apostolul\/wp-content\/uploads\/2023\/04\/03-ap260-foto2.jpg 361w, http:\/\/www.slineamt.ro\/apostolul\/wp-content\/uploads\/2023\/04\/03-ap260-foto2-221x300.jpg 221w, http:\/\/www.slineamt.ro\/apostolul\/wp-content\/uploads\/2023\/04\/03-ap260-foto2-260x354.jpg 260w, http:\/\/www.slineamt.ro\/apostolul\/wp-content\/uploads\/2023\/04\/03-ap260-foto2-160x218.jpg 160w\" sizes=\"auto, (max-width: 253px) 100vw, 253px\" \/><\/a><\/figure>\n<\/div>\n\n\n<p>Mi-a r\u0103mas \u00een memorie o secven\u0163\u0103 petrecut\u0103 \u00een cancelaria Seminarului Teologic, unde ne \u00eent\u00e2lnisem ca s\u0103 punem la cale o manifestare cultural\u0103. Era vineri \u015fi elevii primeau \u00eenvoire s\u0103 plece acas\u0103. Intrau, primeau binecuv\u00e2ntarea de la P\u0103rintele Director Ioan Mihoc, primeau biletul de voie \u015fi plecau. La urm\u0103, c\u00e2\u0163iva elevi a\u015fteptau la u\u015f\u0103, sfio\u015fi. Erau cei care nu aveau banii de drum ca s\u0103 plece acas\u0103, am \u00een\u0163eles mai apoi. C\u00e2\u0163iva erau din Basarabia, veniser\u0103 s\u0103 studieze \u201e\u00een \u0163ar\u0103\u201d. P\u0103rintele i-a m\u00e2ng\u00e2iat p\u0103rinte\u015fte pe cap, strecur\u00e2ndu-le cu discre\u0163ie fiec\u0103ruia \u00een parte suma necesar\u0103 pentru drum, dus \u015fi \u00eentors, f\u0103r\u0103 cuvinte \u00een plus. Profesorul care nu este \u015fi p\u0103rinte la \u015fcoal\u0103, nu se simte acas\u0103 \u00een cancelarie. Preotul care nu este \u015fi profesor \u00een Biseric\u0103, nu se reg\u0103se\u015fte \u00een deplin\u0103tatea misiunii sale.<\/p>\n\n\n<div class=\"wp-block-image\">\n<figure class=\"alignleft size-full is-resized\"><a href=\"http:\/\/www.slineamt.ro\/apostolul\/wp-content\/uploads\/2023\/04\/03-ap260-foto3.jpg\"><img loading=\"lazy\" decoding=\"async\" src=\"http:\/\/www.slineamt.ro\/apostolul\/wp-content\/uploads\/2023\/04\/03-ap260-foto3.jpg\" alt=\"\" class=\"wp-image-24085\" width=\"340\" height=\"238\" srcset=\"http:\/\/www.slineamt.ro\/apostolul\/wp-content\/uploads\/2023\/04\/03-ap260-foto3.jpg 397w, http:\/\/www.slineamt.ro\/apostolul\/wp-content\/uploads\/2023\/04\/03-ap260-foto3-300x210.jpg 300w, http:\/\/www.slineamt.ro\/apostolul\/wp-content\/uploads\/2023\/04\/03-ap260-foto3-260x182.jpg 260w, http:\/\/www.slineamt.ro\/apostolul\/wp-content\/uploads\/2023\/04\/03-ap260-foto3-160x112.jpg 160w\" sizes=\"auto, (max-width: 340px) 100vw, 340px\" \/><\/a><\/figure>\n<\/div>\n\n\n<p>Ferice de \u015fcoala care are asemenea directori! Ferice de Biserica Noastr\u0103 c\u0103 are a\u015fa slujitori dedica\u0163i! Ferice de lumea noastr\u0103 rom\u00e2neasc\u0103, fiindc\u0103 se \u00eempline\u015fte prin modele spirituale, misionare, adev\u0103rate!&nbsp;&nbsp;&nbsp;<\/p>\n\n\n\n<p>La mul\u0163i, mul\u0163i ani, iubite P\u0103rinte Ioan Mihoc! S\u0103n\u0103tate \u015fi tinere\u0163e f\u0103r\u0103 b\u0103tr\u00e2ne\u0163e!<\/p>\n\n\n\n<p><strong><em>Adrian ALUI GHEORGHE<\/em><\/strong><\/p>\n","protected":false},"excerpt":{"rendered":"<p>L-am v\u0103zut pe p\u0103rintele Ioan Mihoc de mai multe ori, \u00een anii din urm\u0103, dar nu pot spune c\u0103 l-am cunoscut. L-am asociat pe p\u0103rintele Ioan Mihoc cu un munte, \u00eenc\u0103 de la \u00eenceput. Un munte se arat\u0103 doar pe&hellip;<\/p>\n<p class=\"more-link-p\"><a class=\"more-link\" href=\"http:\/\/www.slineamt.ro\/apostolul\/eveniment\/nec-plus-ultra-la-aniversare-l-am-asociat-pe-parintele-ioan-mihoc-cu-un-munte\/\">Read more &rarr;<\/a><\/p>\n","protected":false},"author":1,"featured_media":0,"comment_status":"open","ping_status":"closed","sticky":false,"template":"","format":"standard","meta":{"footnotes":""},"categories":[18,470],"tags":[],"class_list":["post-24082","post","type-post","status-publish","format-standard","hentry","category-eveniment","category-numarul-260"],"_links":{"self":[{"href":"http:\/\/www.slineamt.ro\/apostolul\/wp-json\/wp\/v2\/posts\/24082","targetHints":{"allow":["GET"]}}],"collection":[{"href":"http:\/\/www.slineamt.ro\/apostolul\/wp-json\/wp\/v2\/posts"}],"about":[{"href":"http:\/\/www.slineamt.ro\/apostolul\/wp-json\/wp\/v2\/types\/post"}],"author":[{"embeddable":true,"href":"http:\/\/www.slineamt.ro\/apostolul\/wp-json\/wp\/v2\/users\/1"}],"replies":[{"embeddable":true,"href":"http:\/\/www.slineamt.ro\/apostolul\/wp-json\/wp\/v2\/comments?post=24082"}],"version-history":[{"count":1,"href":"http:\/\/www.slineamt.ro\/apostolul\/wp-json\/wp\/v2\/posts\/24082\/revisions"}],"predecessor-version":[{"id":24086,"href":"http:\/\/www.slineamt.ro\/apostolul\/wp-json\/wp\/v2\/posts\/24082\/revisions\/24086"}],"wp:attachment":[{"href":"http:\/\/www.slineamt.ro\/apostolul\/wp-json\/wp\/v2\/media?parent=24082"}],"wp:term":[{"taxonomy":"category","embeddable":true,"href":"http:\/\/www.slineamt.ro\/apostolul\/wp-json\/wp\/v2\/categories?post=24082"},{"taxonomy":"post_tag","embeddable":true,"href":"http:\/\/www.slineamt.ro\/apostolul\/wp-json\/wp\/v2\/tags?post=24082"}],"curies":[{"name":"wp","href":"https:\/\/api.w.org\/{rel}","templated":true}]}}