{"id":24090,"date":"2023-04-25T07:23:28","date_gmt":"2023-04-25T07:23:28","guid":{"rendered":"http:\/\/www.slineamt.ro\/apostolul\/?p=24090"},"modified":"2023-04-25T10:48:16","modified_gmt":"2023-04-25T10:48:16","slug":"promisiuni-mincinoase-interviu-cu-dl-gabriel-plosca-presedintele-sindicatului-din-invatamant-neamt","status":"publish","type":"post","link":"http:\/\/www.slineamt.ro\/apostolul\/viata-sindicala-imperative\/promisiuni-mincinoase-interviu-cu-dl-gabriel-plosca-presedintele-sindicatului-din-invatamant-neamt\/","title":{"rendered":"Promisiuni mincinoase &#8211; Interviu cu dl. Gabriel Plosc\u0103 \u2013 pre\u015fedintele Sindicatului din \u00cenv\u0103\u0163\u0103m\u00e2nt Neam\u0163"},"content":{"rendered":"\n<p><em>\u2013 Domnule Gabriel Plosc\u0103, a\u015f dori s\u0103 ne spune\u0163i ce are pe ordinea de zi mi\u015fcarea sindical\u0103 \u00een aceast\u0103 perioad\u0103?<\/em><\/p>\n\n\n\n<p>\u2013 \u00cen momentul \u00een care vorbim, deja avem o agend\u0103 complet\u0103 a protestelor, stabilit\u0103 de c\u0103tre Colegiul Na\u0163ional al Liderilor Federa\u0163iei Sindicatelor Libere din \u00cenv\u0103\u0163\u0103m\u00e2nt. Este vorba despre noi pichet\u0103ri la Guvern \u00een 25 \u015fi 26 aprilie 2023, apoi un miting \u015fi un mar\u015f de protest \u00een data de 10 mai. \u00cen acela\u015fi timp am ini\u0163iat \u015fi am distribuit \u00een \u015fcoli un referendum prin care ne consult\u0103m colegii asupra op\u0163iunii de a adera la o grev\u0103, \u00eencep\u00e2nd cu data de 22 mai.<\/p>\n\n\n\n<p><em>\u2013 S\u0103 \u00een\u0163eleg c\u0103 a\u0163i constatat c\u0103 sunte\u0163i for\u0163a\u0163i s\u0103 p\u0103r\u0103si\u0163i calea dialogului social \u015fi \u00eencerca\u0163i s\u0103 g\u0103si\u0163i alte modalit\u0103\u0163i de a rezolva problemele celor pe care-i reprezenta\u0163i?<\/em><\/p>\n\n\n\n<p>\u2013 Am ajuns la aceste solu\u0163ii extreme datorit\u0103 promisiunilor mincinoase \u015fi a dialogului social mimat, de cele mai multe ori, de c\u0103tre cei care au puterea.<\/p>\n\n\n\n<p>Dac\u0103 mergem pe firul evenimentelor, trebuie s\u0103 v\u0103 spun c\u0103 \u00eenc\u0103 din data de 14 decembrie, a\u015fa cum ar\u0103tam \u015fi \u00eentr-un interviu anterior, colegii no\u015ftri au protestat prin pichetarea Parlamentului, \u00een momentul \u00een care s-a aprobat bugetul pe anul 2023. Peiorativ vorbind, este vorba despre un buget \u201eextraordinar\u201d, care a trecut f\u0103r\u0103 a se \u0163ine seama de nici un amendament, \u015fi despre care se spune c\u0103 deja \u00eenregistreaz\u0103 un deficit de aproximativ 20 miliarde lei. \u015ei asta dup\u0103 doar trei luni! Dac\u0103 se continu\u0103 la fel, ce se va \u00eent\u00e2mpla p\u00e2n\u0103 la sf\u00e2r\u015fitul anului?<\/p>\n\n\n\n<p><em>\u2013 Ce v\u0103 spune flerul dvs. \u00een leg\u0103tur\u0103 cu acest deficit bugetar?<\/em><\/p>\n\n\n\n<p>\u2013 Personal sunt pu\u0163in suspicios, deoarece pe de o parte se vorbe\u015fte despre un deficit important, iar pe de alt\u0103 parte, pre\u015fedintele \u0163\u0103rii \u015fi primul-ministru afirm\u0103 c\u0103 nu vor fi t\u0103ieri de salarii, nu va fi austeritate \u015fi se vor cheltui mai judicios banii. Suspectez c\u0103 acest deficit ar fi o exagerare (sau poate nici nu exist\u0103), deoarece \u00een aceast\u0103 perioad\u0103 exist\u0103 foarte multe revendic\u0103ri de ordin salarial, nu numai \u00een \u00eenv\u0103\u0163\u0103m\u00e2nt, ci \u015fi \u00een alte sectoare de activitate. \u015ei atunci, \u00een loc de solu\u0163ion\u0103ri, se va veni cu argumente de genul \u201er\u0103zboiul este la grani\u0163\u0103\u201d sau \u201eiat\u0103 situa\u0163ia bugetului!\u201d \u2013 mai ales c\u0103 se preconizeaz\u0103 stoparea angaj\u0103rilor \u00een \u00eenv\u0103\u0163\u0103m\u00e2nt \u015fi \u00eenghe\u0163area salariilor, \u00een condi\u0163iile \u00een care noi cerem aplicarea integral\u0103 a Legii 153\/2017. \u00cen plus se impune \u015fi indexarea salariilor, a\u015fa cum era bunul obicei odat\u0103, \u0163in\u00e2nd seama de infla\u0163ie \u015fi pre\u0163urile care au luat-o razna.<\/p>\n\n\n\n<p><em>\u2013 \u015ei totu\u015fi de ce v\u0103 exprima\u0163i prin aceast\u0103 sintagm\u0103 at\u00e2t de aspr\u0103 \u2013 \u201epromisiuni mincinoase\u201d?<\/em><\/p>\n\n\n\n<p>\u2013 Dup\u0103 pichetarea din decembrie urma s\u0103 avem o \u00eent\u00e2lnire cu primul-ministru \u015fi chiar s\u0103 \u00eencheiem un acord \u00een care Guvernul s\u0103-\u015fi asume c\u0103 va respecta aplicarea \u00een integralitate a Legii 153\/2017, indexarea \u015fi celelalte solicit\u0103ri ale noastre. Apoi dl prim-ministru a renun\u0163at la ideea de acord, invoc\u00e2nd-o pe aceea de \u00eencredere \u00een onoarea domniei sale. Am crezut c\u0103 ne vom \u00eent\u00e2lni din nou dup\u0103 s\u0103rb\u0103tori, \u00een ianuarie, dar nu s-a \u00eent\u00e2mplat nimic, motiv pentru care \u00een data de 1 februarie am fost din nou \u00een strad\u0103, cu un nou protest la Guvernul Rom\u00e2niei. Asta dup\u0103 ce \u00een decembrie au avut loc \u015fi proteste la Prefecturi, noi cei din Neam\u0163 prezent\u00e2ndu-ne pe data de 18 decembrie dolean\u0163ele pe masa prefectului, care ne-a dat dreptate \u015fi \u00een pres\u0103, \u015fi care le-a \u00eenaintat guvernan\u0163ilor. Din p\u0103cate, am primit un r\u0103spuns de la Guvern abia zilele trecute, deci dup\u0103 patru luni, \u015fi bine\u00een\u0163eles unul nefavorabil, a\u015fa cum am fost obi\u015fnui\u0163i \u00een ultimul timp.<\/p>\n\n\n\n<p>Nu s-a \u00eent\u00e2mplat nimic nici dup\u0103 1 februarie. Observ\u00e2nd c\u0103 suntem min\u0163i\u0163i, am discutat \u00een Colegiul Na\u0163ional al Liderilor, \u015fi \u00een 29 martie 2023 am fost din nou \u00een strad\u0103, pichet\u00e2nd Guvernul. \u00cen timpul protestului o delega\u0163ie a federa\u0163iilor sindicale a fost primit\u0103 ini\u0163ial de ministrul educa\u0163iei, dup\u0103 care a venit \u015fi dl prim-ministru \u015fi dl pre\u015fedinte al PSD \u2013 Marcel Ciolacu, deoarece s-a considerat c\u0103 trebuie s\u0103 fie adoptat\u0103 o solu\u0163ie politic\u0103 pentru rezolvarea problemelor prezentate. Noi am pus \u00een discu\u0163ie \u00een primul r\u00e2nd rezolvarea aplic\u0103rii Legii 153, apoi noua Lege a salariz\u0103rii, care este \u00een curs de elaborare. Am propus ca grila noastr\u0103 de salarizare s\u0103 fie cuprins\u0103 \u00een noua Lege a educa\u0163iei \u015fi nu \u00een Legea salariz\u0103rii pentru sectorul bugetar. Ba mai mult, s\u0103 fie inclus \u00een gril\u0103 \u015fi personalul nedidactic (am dori s\u0103 se numeasc\u0103 personal administrativ), astfel \u00eenc\u00e2t s\u0103 se bucure de m\u0103ririle salariale \u00een acela\u015fi timp cu personalul didactic de predare \u015fi cel didactic auxiliar. Apoi am solicitat respectarea principiului ca salariul profesorului debutant s\u0103 fie cel pu\u0163in egal cu salariul mediu brut pe economie, \u015fi salarizarea \u00eentregului personal didactic de predare s\u0103 se realizeze \u00een mod progresiv, \u00een raport de func\u0163ie, studii, vechime \u015fi grad didactic.<\/p>\n\n\n\n<p>Ini\u0163ial s-a afirmat c\u0103 se vor g\u0103si solu\u0163ii pentru problemele expuse, dar c\u00e2nd s-a ajuns la Ministerul Muncii s-a impus aceea\u015fi procedur\u0103, ca grila de salarizare s\u0103 fac\u0103 parte din Legea salariz\u0103rii personalului bugetar, cu precizarea c\u0103 se va respecta principiul legat de salariul profesorului debutant.<\/p>\n\n\n\n<p>\u00cen aceea\u015fi discu\u0163ie reprezentan\u0163ii puterii au afirmat c\u0103 au identificat aproximativ 300 milioane lei care ar ajunge pentru aplicarea \u00een integralitate a Legii 153 pentru personalul nedidactic \u015fi c\u0103 o s\u0103 se caute \u015fi alte solu\u0163ii pentru m\u0103rirea veniturilor acestei categorii de personal. Lucru care nu s-a \u00eent\u00e2mplat nici p\u00e2n\u0103 \u00een momentul de fa\u0163\u0103.<\/p>\n\n\n\n<p>Trebuia ca a doua zi, pe 30 martie s\u0103 se afirme public aceste angajamente din partea celor cu care am discutat, dar aceasta nu a avut loc, motiv pentru care federa\u0163iile din educa\u0163ie au transmis un comunicat \u00een care au relatat exact cum au decurs lucrurile.<\/p>\n\n\n\n<p>Un alt aspect mincinos este legat \u015fi de faptul c\u0103, \u00eencep\u00e2nd cu 1 ianuarie 2023 a intrat \u00een vigoare Ordonan\u0163a 158\/2022, prin care se anun\u0163a cu surle \u015fi tr\u00e2mbi\u0163e c\u0103 se va m\u0103ri salariul cu 10% pentru cei care nu au atins nivelul maxim al salariz\u0103rii pentru decembrie 2022. Concret, unii dintre noi nu au primit nimic, al\u0163ii 3-3,5%, mai mult primind personalul nedidactic, dar sumele acestea nu au fost considerabile, procentele aplic\u00e2ndu-se deja la un salariu destul de mic. \u00cens\u0103 toat\u0103 lumea, \u00een ciuda comunicatelor noastre de pres\u0103 \u00een care ar\u0103t\u0103m adev\u0103rul, ne acuz\u0103 c\u0103 supralicit\u0103m cerin\u0163ele legate de salarii. Este vorba despre o dezinformare, pe care din p\u0103cate o practic\u0103 \u015fi ziari\u015ftii, \u015fi aici g\u0103sesc c\u0103 este vorba despre o lips\u0103 de profesionalism (pentru c\u0103 preiau informa\u0163ii \u015fi le prezint\u0103 trunchiat sau scoase din context) sau despre o ac\u0163iune cu inten\u0163ie, pentru care sunt pl\u0103ti\u0163i.<\/p>\n\n\n\n<p>Noi \u00eentotdeauna am mizat pe dialogul social, dar iat\u0103 c\u0103 acum, dup\u0103 cum se vede, suntem nevoi\u0163i s\u0103 ducem la \u00eendeplinire o agend\u0103 de m\u0103suri extreme, fiindc\u0103 am epuizat toate celelalte mijloace \u015fi nu ne-am bucurat de buna-credin\u0163\u0103 a partenerilor. Pentru c\u0103 se promite dar se minte, \u015fi preocup\u0103rile guverna\u0163ilor sunt de cu totul alt\u0103 natur\u0103. S\u0103 nu uitam nici de Legea educa\u0163iei, care s-a \u00eempotmolit de at\u00e2tea ori, pentru care am f\u0103cut \u015fi noi amendamente \u015fi nu \u015ftiu \u00een ce m\u0103sur\u0103 se va \u0163ine cont de acestea.<\/p>\n\n\n\n<p><em>\u2013 Ce nout\u0103\u0163i mai ave\u0163i despre ini\u0163iativa privind masa \u015fi cazarea gratuite oferite elevilor din \u00eenv\u0103\u0163\u0103m\u00e2ntul profesional \u015fi dual?<\/em><\/p>\n\n\n\n<p>\u2013 Eu sunt foarte legat de acest segment al educa\u0163iei, \u015fi \u00eemi aduc aminte cum st\u0103teau lucrurile aici la \u00eenceputul carierei mele didactice, c\u00e2nd ace\u015fti elevi aveau cazare \u015fi mas\u0103 gratuite, primeau obiecte de igien\u0103, era angajat special pentru ei un frizer, un cismar etc., aveau un cadru organizat de preg\u0103tire \u015fi formare \u015fi ie\u015feau meseria\u015fi cu adev\u0103rat. Pornind de la aceste considerente \u015fi de la ideea reducerii abandonului \u015fcolar, care este foarte ridicat \u00een special \u00een mediul rural, am promovat, cu sprijinul Federa\u0163iei Sindicatelor Libere din \u00cenv\u0103\u0163\u0103m\u00e2nt \u015fi al unor parlamentari, o prevedere de modificare a Legii educa\u0163iei na\u0163ionale, care se referea la asigurarea de cazare \u015fi mas\u0103 gratuite pentru elevii din \u00eenv\u0103\u0163\u0103m\u00e2ntul profesional \u015fi dual, cu finan\u0163are de la bugetul de stat. Din p\u0103cate, prevederea ad\u0103ugat\u0103 prin efortul nostru a fost modificat\u0103 \u00een Senatul Rom\u00e2niei devenind neobligatorie, \u015fi cu finan\u0163are din bugetele locale sau ale Consiliilor Jude\u0163ene. \u00cen acest context, noi am salutat apari\u0163ia de pu\u0163in\u0103 vreme a unei noi ini\u0163iative legislative \u00een care reg\u0103sim \u015fi propunerea noastr\u0103 ini\u0163ial\u0103, \u00eenainte de modificare. Aceast\u0103 ini\u0163iativ\u0103 a trecut tacit prin Camera Deputa\u0163ilor \u015fi a fost trimis\u0103 c\u0103tre Senat care este camera decizional\u0103 pe aceast\u0103 spe\u0163\u0103. Avem de g\u00e2nd ca \u00eempreun\u0103 cu Federa\u0163ia Sindicatelor Libere din \u00cenv\u0103\u0163\u0103m\u00e2nt s\u0103 facem toate demersurile posibile pentru legiferarea acestei ini\u0163iative, care va fi \u00een primul r\u00e2nd \u00een avantajul copiilor cu situa\u0163ie material\u0103 precar\u0103, dar care va genera \u015fi multe alte aspecte favorabile, cum ar fi reabilitarea cantinelor \u015fcolare, a c\u0103minelor, noi locuri de munc\u0103.<\/p>\n\n\n\n<p><em>A consemnat Gianina BURUIAN\u0102<\/em><em><\/em><\/p>\n","protected":false},"excerpt":{"rendered":"<p>\u2013 Domnule Gabriel Plosc\u0103, a\u015f dori s\u0103 ne spune\u0163i ce are pe ordinea de zi mi\u015fcarea sindical\u0103 \u00een aceast\u0103 perioad\u0103? \u2013 \u00cen momentul \u00een care vorbim, deja avem o agend\u0103 complet\u0103 a protestelor, stabilit\u0103 de c\u0103tre Colegiul Na\u0163ional al Liderilor&hellip;<\/p>\n<p class=\"more-link-p\"><a class=\"more-link\" href=\"http:\/\/www.slineamt.ro\/apostolul\/viata-sindicala-imperative\/promisiuni-mincinoase-interviu-cu-dl-gabriel-plosca-presedintele-sindicatului-din-invatamant-neamt\/\">Read more &rarr;<\/a><\/p>\n","protected":false},"author":1,"featured_media":0,"comment_status":"open","ping_status":"closed","sticky":false,"template":"","format":"standard","meta":{"footnotes":""},"categories":[11,470],"tags":[],"class_list":["post-24090","post","type-post","status-publish","format-standard","hentry","category-viata-sindicala-imperative","category-numarul-260"],"_links":{"self":[{"href":"http:\/\/www.slineamt.ro\/apostolul\/wp-json\/wp\/v2\/posts\/24090","targetHints":{"allow":["GET"]}}],"collection":[{"href":"http:\/\/www.slineamt.ro\/apostolul\/wp-json\/wp\/v2\/posts"}],"about":[{"href":"http:\/\/www.slineamt.ro\/apostolul\/wp-json\/wp\/v2\/types\/post"}],"author":[{"embeddable":true,"href":"http:\/\/www.slineamt.ro\/apostolul\/wp-json\/wp\/v2\/users\/1"}],"replies":[{"embeddable":true,"href":"http:\/\/www.slineamt.ro\/apostolul\/wp-json\/wp\/v2\/comments?post=24090"}],"version-history":[{"count":1,"href":"http:\/\/www.slineamt.ro\/apostolul\/wp-json\/wp\/v2\/posts\/24090\/revisions"}],"predecessor-version":[{"id":24091,"href":"http:\/\/www.slineamt.ro\/apostolul\/wp-json\/wp\/v2\/posts\/24090\/revisions\/24091"}],"wp:attachment":[{"href":"http:\/\/www.slineamt.ro\/apostolul\/wp-json\/wp\/v2\/media?parent=24090"}],"wp:term":[{"taxonomy":"category","embeddable":true,"href":"http:\/\/www.slineamt.ro\/apostolul\/wp-json\/wp\/v2\/categories?post=24090"},{"taxonomy":"post_tag","embeddable":true,"href":"http:\/\/www.slineamt.ro\/apostolul\/wp-json\/wp\/v2\/tags?post=24090"}],"curies":[{"name":"wp","href":"https:\/\/api.w.org\/{rel}","templated":true}]}}