{"id":24104,"date":"2023-05-12T07:37:36","date_gmt":"2023-05-12T07:37:36","guid":{"rendered":"http:\/\/www.slineamt.ro\/apostolul\/?p=24104"},"modified":"2023-05-12T07:37:36","modified_gmt":"2023-05-12T07:37:36","slug":"rememorari-nemtene-mai-2023","status":"publish","type":"post","link":"http:\/\/www.slineamt.ro\/apostolul\/lectia-de-istorie\/rememorari-nemtene-mai-2023\/","title":{"rendered":"REMEMOR\u0102RI NEM\u0162ENE \u2013 Mai, 2023"},"content":{"rendered":"\n<p><\/p>\n\n\n\n<p>\u25a0 mai 1917 \u2013 d. <strong>Dimitrie Lalu<\/strong>, la Piatra-Neam\u0163 (n. 1835, Grecia), industria\u015f, comerciant, mare filantrop; proprietar al Societ\u0103\u0163ii \u201eMoldova\u201d, al Morii \u201eDoamna\u201d \u015fi al Fabricii de Tricotaje \u201eDoamna\u201d, al Fabricii de Cherestea Cozme\u015fti, de l\u00e2ng\u0103 M\u0103r\u0103\u015fe\u015fti. Prin casa lui au trecut George Enescu, Nicolae Iorga, Constantin Stere, I. C. Parhon, Alexandru Averescu, I. G. Duca, I. C. Br\u0103tianu. A construit \u015fcoli, a acordat burse elevilor s\u0103raci. S-a bucurat \u015fi de aprecierile Regelui Carol I.<\/p>\n\n\n\n<p>\u25a0 2\/2008, d., <strong>Maria-Tereza Gogu<\/strong>, la Piatra-Neam\u0163 (n. 7. 09. 1919), profesoar\u0103, artist plastic (V. fi\u015fa lunii septembrie.)<\/p>\n\n\n\n<p>\u25a0 4\/1923 \u2013 n. <strong>Paul Vasiliu<\/strong>, la Piatra-Neam\u0163, profesor de filosofie, psihologie, pedagogie, inginer, inspector \u015fcolar, profesor la \u015ecoala Medie Nr. 1 de B\u0103ie\u0163i (azi, Colegiul Na\u0163ional \u201ePetru Rare\u015f\u201d, 1954-1955), profesor (1969-1970; 1972-1983; 1992-1996) \u015fi director (1974-1975) al Liceului Pedagogic, al Grupului \u015ecolar de Chimie (azi, Colegiul Tehnic \u201eGheorghe Cartianu\u201d (1965-1968), toate din Piatra-Neam\u0163, om de o aleas\u0103 cultur\u0103, autor a numeroase articole publicate \u00een presa central\u0103 de specialitate \u015fi \u00een publica\u0163iile locale, precum \u015fi al&nbsp; \u201eMonografiei \u015ecolilor Normale din Piatra-Neam\u0163 1912-2002\u201d (2002).<\/p>\n\n\n\n<p>\u25a0 6\/1967 \u2013 n. <strong>Daniel-Ioan T\u0103taru<\/strong>, la Piatra-Neam\u0163, profesor universitar dr. (1992), matematician. A absolvit Liceul \u201ePetru Rare\u015f\u201d (1985) \u015fi Facultatea de Matematic\u0103 din Ia\u015fi (1990), cu o lucrare despre ecua\u0163iile Hamilton-Jacobi \u00een spa\u0163ii Banach, premiat\u0103 cu Premiul \u201eGheorghe \u0162i\u0163eica\u201d al Academiei Rom\u00e2ne de \u015etiin\u0163e (1994). S-a remarcat la olimpiadele interna\u0163ionale (Premiul I la Praga, 1985, \u015fi Helsinki,1990). A plecat \u00een S. U. A., pred\u0103 la mai multe universit\u0103\u0163i, parcurg\u00e2nd ierarhia universitar\u0103, \u015fi este profesor de matematic\u0103, la Universitatea Berkeley din California. Societatea American\u0103 de Matematic\u0103 i-a acordat \u201eB\u1ed9her Memorial Prize\u201d (2002); membru de onoare al Institutului de Matematic\u0103 al Academiei Rom\u00e2ne de \u015etiin\u0163e \/2004); declarat cercet\u0103tor al Funda\u0163iei \u201eSimons\u201d, pentru urm\u0103torii cinci ani (2013); primit \u00een Academia American\u0103 de Arte \u015fi \u015etiin\u0163e din S. U. A (23. 04. 2014). Cet\u0103\u0163ean de Onoare al Municipiului Piatra-Neam\u0163 (2013).<\/p>\n\n\n\n<p>\u25a0 10\/1947 \u2013 n. <strong>Mircea Zaharia<\/strong>, la Muncelul de Sus, Ia\u015fi. Absolvent al Facult\u0103\u0163ii de Filologie din Ia\u015fi (1970). Membru al Uniunii Oamenilor de Teatru din Rom\u00e2nia \u015fi al Uniunii Ziari\u015ftilor Profesioni\u015fti. Din 1999, redactor-\u015fef al seriei noi a Revistei <strong>Apostolul<\/strong>.<\/p>\n\n\n\n<p>\u25a0 12\/1938 \u2013 n. <strong>Elena Florescu<\/strong>, la Pa\u015fcani, Ia\u015fi, etnolog, documentarist, publicist. Absolvent\u0103 a Facult\u0103\u0163ii de \u015etiin\u0163e Naturale-Geografie din Ia\u015fi (1959), doctor \u00een istorie (1998), muzeograf la Muzeul de \u015etiin\u0163e Naturale; \u015fef de sec\u0163ie, la Muzeul Etnografic al Jude\u0163ului Neam\u0163; a organizat \u015fi coordonat \u201eT\u00e2rgul Na\u0163ional al Me\u015fterilor Lemnari\u201d (T\u00e2rgu Neam\u0163, 1992-1999); peste 30 de comunic\u0103ri la sesiunile \u015ftiin\u0163ifice; a cercetat particularit\u0103\u0163ile cul\u00adtu\u00adrii populare la catolicii din jude\u0163ele Neam\u0163 \u015fi Bac\u0103u; consultant \u015ftiin\u0163ific la Asocia\u0163ia \u201eEcoforest\u201d Neam\u0163. A debutat cu \u201ePortul popular din Zona Neam\u0163\u201d (1973). Alte c\u0103r\u0163i: \u201eArhitectura popular\u0103 din Zona Neam\u0163\u201d; \u201eTradi\u0163ii populare de pe Valea Bistri\u0163ei\u201d; \u201eTextile populare de cas\u0103 din Zona Neam\u0163\u201d, \u201eBiserici vechi de lemn din \u0162inutul Neam\u0163\u201d. Titlul de Excelen\u0163\u0103, \u201eDiploma de Onoare \u015fi Medalia de Aur\u201d, de c\u0103tre A. O. \u015e.<\/p>\n\n\n\n<p>\u25a0 13\/1912 \u2013 n. <strong>Constantin D. Bor\u015f<\/strong>, la Piatra-Neam\u0163 (d. 10. 01. 1998, Piatra-Neam\u0163), profesor de matematic\u0103 \u00eenv\u0103\u0163\u0103m\u00e2ntul liceal, \u00eentemeietor al \u201e\u015fcolii\u201d de matematic\u0103 din Neam\u0163. colaborator la: \u201eRevista de matematic\u0103\u201d, \u201eBuletinul Matematica\u201d, \u201eGazeta de Matematic\u0103 \u015fi Fizic\u0103\u201d, \u201ePitagora\u201d \u015f. a. Distins cu titlurile de profesor frunta\u015f (1965), profesor emerit (1970), Cet\u0103\u0163ean de Onoare\u201d al Municipiului Piatra-Neam\u0163. Cu pseudonimul Lucian Mircea a semnat versuri \u00een presa literar\u0103. Animator al Cercului Literar \u201eSlova nou\u0103\u201d din Piatra-Neam\u0163. \u00cempreun\u0103 cu Cons\u00adtantin Pr\u00e2snea, Dumitru Alma\u015f, Har. Mih\u0103ilescu, Constantin Gavriliu, Nichita Bistriceanu, a pus bazele primei filiale, din Piatra-Neam\u0163, a Uniunii Scriitorilor (1947). A ob\u0163inut locul I la un concurs de sonete al Revistei \u201eContemporanul\u201d (1947), urmat de \u015etefan Augustin Doina\u015f.<\/p>\n\n\n\n<p>\u25a0 14\/1945 \u2013 d. <strong>Leon Mrejeriu<\/strong>, \u00eenmorm\u00e2ntat la Mizil, pe c\u00e2nd se \u00eentorcea din refugiu (n. 10. 02. 1879, la Cot\u00e2rga\u015f, Bro\u015fteni, Neam\u0163; v. fi\u015fa lunii februarie.)<\/p>\n\n\n\n<p>\u25a0 15\/1909, n. <strong>Vladimir La\u015fcu<\/strong>, la Samara, Rusia (d. 24. 12. 1996, Piatra-Neam\u0163), profesor de educa\u0163ie fizic\u0103, publicist. Absolvent al Academiei Na\u0163ionale de Educa\u0163ie Fizic\u0103 \u015fi Sport din Bucure\u015fti, a predat \u00een mai multe localit\u0103\u0163i din \u0163ar\u0103, iar din 1949, la Liceul \u201ePetru Rare\u015f\u201d \u015fi la \u015ecoala Sportiv\u0103 din Piatra-Neam\u0163; animator al activit\u0103\u0163ii sportive de performan\u0163\u0103. A \u00eenfiin\u0163at sec\u0163ia de schi a \u015fcolii sportive \u015fi a introdus jocul de baschet \u00een practica sportiv\u0103 a elevilor. Colabor\u0103ri: \u201eRevista de educa\u0163ie fizic\u0103 \u015fi sport\u201d, \u201eCeahl\u0103ul\u201d, \u201eRevista de pedagogie\u201d, \u201eGazeta \u00eenv\u0103\u0163\u0103m\u00e2ntului\u201d. Autor al c\u0103r\u0163ii \u201eTraversarea de\u015fertului\u201d (1991), un document pre\u0163ios despre lag\u0103rele sovietice.<\/p>\n\n\n\n<p>\u25a0 16\/1892, d. <strong>Melchisedec \u015etef\u0103nescu<\/strong>, la Roman, episcop, c\u0103rturar (n. 15. 02. 1823, G\u00e2rcina, v. fi\u015fa lunii februarie.)<\/p>\n\n\n\n<p>\u25a0 17\/1906 \u2013 n. <strong>Constantin Romanescu<\/strong>, la Grin\u0163ie\u015f, Neam\u0163 (d. 1990, Dreptu, Poiana Teiului, Neam\u0163), publicist \u015fi \u00eenv\u0103\u0163\u0103tor de excep\u0163ie, apreciat de Mihail Sadoveanu (\u201ePatriotism. Opera unui modest \u00eenv\u0103\u0163\u0103tor\u201d, \u00een \u201eDiminea\u0163a\u201d, 2. 01. 1937). A absolvit \u015ecoala Normal\u0103 \u201eVasile Lupu\u201d din Ia\u015fi (1924) \u015fi a func\u0163ionat la \u015fcoli din jude\u0163ele T\u00e2rnava Mic\u0103, Ciuc, apoi \u00een Neam\u0163 (Grin\u0163ie\u015ful Mare, 1928-1931 \u015fi satul Dreptu). A construit local de \u015fcoal\u0103, a amenajat un muzeu de \u015ftiin\u0163e naturale, un atelier, un laborator de fizic\u0103 la \u015ecoala din Dreptu, Poiana Teiului. Colaborator la \u201eRevista de pedagogie\u201d.<\/p>\n\n\n\n<p>\u25a0 20\/1937 \u2013 n. <strong>Constantin B\u00e2rliba<\/strong>, la V\u00e2n\u0103tori-Neam\u0163 (d. 2. 06. 1990, Bucure\u015fti), actor. A absolvit \u015ecoala \u201eArhimandrit Chriac Nicolau\u201d, din sat, \u015ecoala Medie de B\u0103ie\u0163i Nr. 1, Piatra-Neam\u0163 (1956). A fost instructor la Casa de Cultur\u0103 din Piatra-Neam\u0163, a absolvit I. A. T. C., fiind repartizat la Teatrul \u201eVictor-Ioan Popa\u201d din B\u00e2rlad, transferat la Teatrul Na\u0163ional \u201eVasile Alecsandri\u201d din Ia\u015fi. Se mut\u0103 la Bucure\u015fti \u015fi va juca pe scena Teatrului \u201eIon Creang\u0103\u201d. A interpretat diverse roluri \u00een peste treizeci de filme (\u201eToamna bobocilor\u201d, \u201eIarna bobocilor\u201d, \u201eCursa\u201d, \u201eBuletin de Bucure\u015fti\u201d, \u201eLumini \u015fi umbre\u201d, \u201eDrume\u0163 \u00een calea lupilor\u201d \u015f. a.).<\/p>\n\n\n\n<p>\u25a0 21\/1936 \u2013 n. <strong>Constantin Cucu<\/strong>, la Solon\u0163, Bac\u0103u. Ziarist. Absolvent al Facult\u0103\u0163ii de Filosofie \u2013 sec\u0163ia ziaristic\u0103 \u2013 Bucure\u015fti (1958). Reporter la Ziarul \u201eAp\u0103rarea patriei\u201d, profesor \u015fi director de \u015fcoal\u0103 la Zeme\u015f, Bac\u0103u (1961-1966), director al Casei de Cultur\u0103 din Moine\u015fti (1966-1967), \u015fef de sec\u0163ie la Ziarul \u201eCeahl\u0103ul\u201d (1968-1974), inspector cu probleme de \u00eenv\u0103\u0163\u0103m\u00e2nt la U. J. C. M. Neam\u0163 (1974-1989), consilier principal la Bibliopolis S. A. Piatra-Neam\u0163 (dup\u0103 1989), redactor-\u015fef al Revistei \u201eAsachi\u201d (1991-2005), redactor \u015fef al s\u0103pt\u0103m\u00e2nalului \u201eInforma\u0163ia Prim\u0103riei\u201d, Piatra-Neam\u0163 (1996-2002). Consilier pe probleme de carte la Centru de Cultur\u0103 \u015fi Arte \u201eCarmen Saeculare\u201d Neam\u0163. Autor al volumului de povestiri \u201e\u00cen volbura apelor\u201d.<\/p>\n\n\n\n<p>\u25a0 23\/1871 \u2013 n. <strong>Garabet Ibr\u0103ileanu<\/strong>, la T\u00e2rgu-Frumos (d. 11. 03. 1936, Bucure\u015fti), critic, istoric \u015fi teoretician literar, prozator. Numele s\u0103u este legat de Roman, pentru c\u0103 aici a urmat gimnaziul (1883-1887), tat\u0103l s\u0103u fiind administrator de mo\u015fie \u00een zon\u0103, apoi slujba\u015f \u00een ora\u015ful dintre Moldova \u015fi Siret. A \u00eenfiin\u0163at Societatea \u201eOrientul\u201d (cu Raicu Ionescu-Rion \u015fi al\u0163i colegi de liceu), redacteaz\u0103 Revista \u201e\u015ecoala nou\u0103\u201d, \u00eempreun\u0103 cu Panait Mu\u015foiu \u015fi Eugen Vaian, unde public\u0103 primele versuri, note de lectur\u0103, comentarii despre art\u0103 \u015fi traduceri, semn\u00e2nd \u015fi cu pseudonimul Cezar Vraja.<\/p>\n\n\n\n<p>\u25a0 23\/1883 \u2013 n. <strong>Dimitrie Leonida<\/strong>, la F\u0103lticeni, Suceava (d. 4. 03. 1965, Bucure\u015fti), inginer, specialist \u00een energetic\u0103, profesor universitar, om de \u015ftiin\u0163\u0103, membru al Academiei de \u015etiin\u0163e din Rom\u00e2nia (1935). A absolvit Liceul \u201eMihai Viteazul\u201d, din Bucure\u015fti. \u00cen studen\u0163ie (\u201ePolitehnica\u201d din Charlotenburg, 1903-1908), a conceput proiectul Metropolitanului din Bucure\u015fti; proiectul de diplom\u0103 cu tema Complexul hidroenergetic al Bistri\u0163ei, l\u00e2ng\u0103 Bicaz. S-a \u00eentors \u00een \u0163ar\u0103 (1908), angajat la Prim\u0103ria Capitalei; s-a ocupat de introducerea iluminatului electric \u00een Bucure\u015fti. Profesor universitar la Timi\u015foara \u015fi Bucure\u015fti; a \u00eenfiin\u0163at: prima \u015fcoal\u0103 de electricieni \u015fi mecanici, primul Muzeu Tehnic din Rom\u00e2nia, a realizat una dintre primele sta\u0163ii de emisie radiotelegrafic\u0103 din Rom\u00e2nia. Laureat al Premiului de Stat. O sta\u0163ie de metrou, Muzeul din Bicaz, Hidrocentrala de la Stejaru, o strad\u0103 \u015fi un liceu din Piatra-Neam\u0163 \u00eei poart\u0103 numele.<\/p>\n\n\n\n<p>\u25a0 25\/1936 \u2013 n. <strong>Constantin Filimon<\/strong>, la Piatra-Neam\u0163 (d. august 2013), artist plastic. Absolvent al Institutul de Arte Plastice \u201eNicolae Grigorescu\u201d, Bucure\u015fti (1967). Din 1978, profesor de desen la \u015fcoli din Neam\u0163. A lucrat pictur\u0103 monumental\u0103, religioas\u0103, pentru bisericile din Z\u0103podeni (Ia\u015fi), Muncel (Alba), Dr\u0103ge\u015fti (Bihor), Ver\u015fe\u015fti (Neam\u0163), Tigveni B\u00e2rse\u015fti (Arge\u015f). A participat la Saloane \u015fi Bienale de grafic\u0103 \u00een Bucure\u015fti (1971-1978) \u015fi \u00een expozi\u0163ii colective \u015fi personale la Piatra-Neam\u0163 (1981-1994). A expus \u00een S. U. A. \u015fi Canada (1980-1997), apoi \u00een Mexic, Ungaria, Fran\u0163a, India \u015fi Venezuela.<\/p>\n\n\n\n<p>\u25a0 26\/1896 \u2013 n. <strong>Aurel B\u0103e\u015fu<\/strong>, la F\u0103lticeni (d. 24. 08. 1928, Piatra-Neam\u0163), artist plastic. A urmat \u015ecoala de Belle Arte din Ia\u015fi, apoi, cu sprijinul lui G. T. Kirileanu \u015fi al lui D. Lalu, studiaz\u0103 la Roma. \u00cenc\u0103 din timpul studen\u0163iei este distins cu Premiul pentru Desen al Academiei Rom\u00e2ne (1915). Particip\u0103 la Primul R\u0103zboi Mondial, \u00een luptele de la Oituz \u015fi Cire\u015foaia (1917). \u00centors din Italia, \u00ee\u015fi cump\u0103r\u0103 o c\u0103su\u0163\u0103 \u00een Piatra-Neam\u0163 (azi, pe Strada \u201eIon Creang\u0103\u201d). \u00cen 1926, c\u0103l\u0103tore\u015fte \u00een Fran\u0163a, Slovenia \u015fi Ungaria. Prin crea\u0163ia sa, marcat\u0103 de influen\u0163a lui Nicolae Grigorescu, apoi prin aura sa romantic\u0103 \u015fi cantonarea \u00een impresionism, r\u0103m\u00e2ne unul dintre pictorii importan\u0163i stabili\u0163i la Piatra-Neam\u0163.<\/p>\n\n\n\n<p>\u25a0 28\/1936 \u2013 n. <strong>Mircea-Eduard B\u0103lan<\/strong>, la Bucure\u015fti, profesor, istoric literat, eseist. Absolvent al \u015ecolii Nr. 1 \u201eAnton Pann\u201d, al Liceului \u201eCuza-Vod\u0103\u201d din Hu\u015fi, al Facult\u0103\u0163ii de Teologie din Bucure\u015fti \u015fi al Facult\u0103\u0163ii de Filologie din Ia\u015fi. A predat \u015fi a \u00eendeplinit func\u0163ia de director la \u015ecoala General\u0103 din Comuna Ta\u015fca, Neam\u0163, transferat la Liceul Pedagogic \u201eGheorghe Asachi\u201d (1976-1981) \u015fi la Liceul Teoretic \u201eCalistrat-Hoga\u015f\u201d (1981 \u2013 p\u00e2n\u0103 la pensionare), ambele din Piatra-Neam\u0163. A debutat editorial cu volumul \u201eCostache Negruzzi \u2013 \u00abAlexandru L\u0103pu\u015fneanu\u00bb\u201d (1996), urmat de dou\u0103 eseuri: \u201eEtape \u00een receptarea operei lui Ion Creang\u0103\u201d, \u201eMetafor\u0103, simbol, mit \u00een poezia eminescian\u0103\u201d \u015f. a. Autor de studii didactice ap\u0103rute \u00een publica\u0163ii centrale \u015fi locale.<\/p>\n\n\n\n<p>\u25a0 30\/1893 \u2013 n. <strong>Gheorghe V. Butnaru<\/strong>, la Sili\u015ftea, Neam\u0163 (d. 1960), preot, poet \u015fi prozator. Absolvent al Facult\u0103\u0163ii de Teologie. C\u00e2nd era paroh la Porce\u015fti, azi Miron Costin (1917-1919), \u00eencepe s\u0103 publice \u00eencerc\u0103ri literare. Consilier la Episcopia Romanului; preot paroh la Biserica \u201eDomni\u0163a B\u0103la\u015fa\u201d din Bucure\u015fti. Dup\u0103 1948, nu i se va mai da voie s\u0103 publice. A colaborat cu versuri, proz\u0103 \u00een: \u201eVestea nou\u0103\u201d, \u201eIzvorul\u201d (\u015fi redactor), \u201eRamuri\u201d, \u201eCronica Romanului\u201d, \u201eNeamul rom\u00e2nesc literar\u201d, \u201eDrum nou\u201d, \u201eCuget clar\u201d, \u201eCalendarul\u201d, \u201eF\u00e2nt\u00e2na darurilor\u201d, \u201eIzvorul T\u0103m\u0103duirii\u201d, \u201ePorunca vremii\u201d \u015f. a. Scoate publica\u0163ia \u201eCredin\u0163a ortodox\u0103\u201d(1931-1935). Opera: povestiri pentru copii, nuvele, romane, predici \u015fi diverse articole.<\/p>\n\n\n\n<p>\u25a0 31\/1908, d., <strong>Nicu N. Albu<\/strong> (n, 2. 02.1852, la Piatra-Neam\u0163, v. fi\u015fa lunii februarie.)<\/p>\n\n\n\n<p><strong>N. R.<\/strong> \u2013 Prelucrare dup\u0103 <em>Personalit\u0103\u0163i ale culturii din jude\u0163ul Neam\u0163, un calendar alc\u0103tuit de Constantin Tom\u015fa<\/em>, Editura Crigarux&amp;Cetatea Doamnei, Piatra-Neam\u0163, 2014).<\/p>\n","protected":false},"excerpt":{"rendered":"<p>\u25a0 mai 1917 \u2013 d. Dimitrie Lalu, la Piatra-Neam\u0163 (n. 1835, Grecia), industria\u015f, comerciant, mare filantrop; proprietar al Societ\u0103\u0163ii \u201eMoldova\u201d, al Morii \u201eDoamna\u201d \u015fi al Fabricii de Tricotaje \u201eDoamna\u201d, al Fabricii de Cherestea Cozme\u015fti, de l\u00e2ng\u0103 M\u0103r\u0103\u015fe\u015fti. Prin casa lui&hellip;<\/p>\n<p class=\"more-link-p\"><a class=\"more-link\" href=\"http:\/\/www.slineamt.ro\/apostolul\/lectia-de-istorie\/rememorari-nemtene-mai-2023\/\">Read more &rarr;<\/a><\/p>\n","protected":false},"author":1,"featured_media":0,"comment_status":"open","ping_status":"closed","sticky":false,"template":"","format":"standard","meta":{"footnotes":""},"categories":[6,471],"tags":[],"class_list":["post-24104","post","type-post","status-publish","format-standard","hentry","category-lectia-de-istorie","category-numarul-261"],"_links":{"self":[{"href":"http:\/\/www.slineamt.ro\/apostolul\/wp-json\/wp\/v2\/posts\/24104","targetHints":{"allow":["GET"]}}],"collection":[{"href":"http:\/\/www.slineamt.ro\/apostolul\/wp-json\/wp\/v2\/posts"}],"about":[{"href":"http:\/\/www.slineamt.ro\/apostolul\/wp-json\/wp\/v2\/types\/post"}],"author":[{"embeddable":true,"href":"http:\/\/www.slineamt.ro\/apostolul\/wp-json\/wp\/v2\/users\/1"}],"replies":[{"embeddable":true,"href":"http:\/\/www.slineamt.ro\/apostolul\/wp-json\/wp\/v2\/comments?post=24104"}],"version-history":[{"count":1,"href":"http:\/\/www.slineamt.ro\/apostolul\/wp-json\/wp\/v2\/posts\/24104\/revisions"}],"predecessor-version":[{"id":24105,"href":"http:\/\/www.slineamt.ro\/apostolul\/wp-json\/wp\/v2\/posts\/24104\/revisions\/24105"}],"wp:attachment":[{"href":"http:\/\/www.slineamt.ro\/apostolul\/wp-json\/wp\/v2\/media?parent=24104"}],"wp:term":[{"taxonomy":"category","embeddable":true,"href":"http:\/\/www.slineamt.ro\/apostolul\/wp-json\/wp\/v2\/categories?post=24104"},{"taxonomy":"post_tag","embeddable":true,"href":"http:\/\/www.slineamt.ro\/apostolul\/wp-json\/wp\/v2\/tags?post=24104"}],"curies":[{"name":"wp","href":"https:\/\/api.w.org\/{rel}","templated":true}]}}