{"id":24108,"date":"2023-05-12T07:41:08","date_gmt":"2023-05-12T07:41:08","guid":{"rendered":"http:\/\/www.slineamt.ro\/apostolul\/?p=24108"},"modified":"2023-05-12T07:41:08","modified_gmt":"2023-05-12T07:41:08","slug":"lansarea-volumului-sonete-de-lucian-strochi","status":"publish","type":"post","link":"http:\/\/www.slineamt.ro\/apostolul\/arte-si-meseriii\/lansarea-volumului-sonete-de-lucian-strochi\/","title":{"rendered":"Lansarea volumului \u201eSonete\u201d de Lucian Strochi"},"content":{"rendered":"<div class=\"wp-block-image\">\n<figure class=\"alignleft size-full is-resized\"><a href=\"http:\/\/www.slineamt.ro\/apostolul\/wp-content\/uploads\/2023\/05\/28-ap261-foto1.jpg\"><img loading=\"lazy\" decoding=\"async\" src=\"http:\/\/www.slineamt.ro\/apostolul\/wp-content\/uploads\/2023\/05\/28-ap261-foto1.jpg\" alt=\"\" class=\"wp-image-24109\" width=\"261\" height=\"379\" srcset=\"http:\/\/www.slineamt.ro\/apostolul\/wp-content\/uploads\/2023\/05\/28-ap261-foto1.jpg 313w, http:\/\/www.slineamt.ro\/apostolul\/wp-content\/uploads\/2023\/05\/28-ap261-foto1-207x300.jpg 207w, http:\/\/www.slineamt.ro\/apostolul\/wp-content\/uploads\/2023\/05\/28-ap261-foto1-260x377.jpg 260w, http:\/\/www.slineamt.ro\/apostolul\/wp-content\/uploads\/2023\/05\/28-ap261-foto1-160x232.jpg 160w\" sizes=\"auto, (max-width: 261px) 100vw, 261px\" \/><\/a><\/figure>\n<\/div>\n\n\n<p>Luni, 24 aprilie 2023, \u00een Sala Cupola a Bibliotecii \u201eG.T. Kirileanu\u201d Neam\u0163, \u00een prezen\u0163a unui numeros public avizat, a avut loc lansarea volumului \u201eSonete\u201d de Lucian Strochi.<\/p>\n\n\n\n<p>Manifestarea, consacrat\u0103 omagierii Zilei Interna\u0163ionale a C\u0103r\u0163ii \u015fi a Drepturilor de Autor, a avut ca parteneri: USR, filialele Ia\u015fi \u015fi Bac\u0103u, UAP din Rom\u00e2nia, Filiala Neam\u0163, UZPR, Filiala Roman, Revista Asachi \u015fi a fost moderat\u0103 de prof. Mihaela Mereu\u0163\u0103, managerul Bibliotecii Jude\u0163ene \u201eG.T. Kirileanu\u201d Neam\u0163.<\/p>\n\n\n\n<p>\u201eO carte, cu totul special\u0103, public\u0103 Lucian Strochi, prin aceast\u0103 antologie, 111 sonete, auto comentate, dup\u0103 o activitate editorial\u0103, de-a dreptul sisific\u0103.<\/p>\n\n\n\n<p>Plec\u00e2nd de la dictonul cum c\u0103 nimeni nu te poate cunoa\u015fte mai bine dec\u00e2t te cuno\u015fti tu \u00eensu\u0163i, Lucian Strochi \u00ee\u015fi des\u0103v\u00e2r\u015fe\u015fte crea\u0163ia, mai ales cea sonetistic\u0103, prin aceast\u0103 carte \u00een care caut\u0103 s\u0103-\u015fi lumineze calea spre adev\u0103r, dar \u015fi s\u0103-\u015fi ilumineze cititorul venind \u00een \u00eent\u00e2mpinarea acestuia cu propriile sale comentarii sau modalit\u0103\u0163i de percepere a mesajelor, mai mereu \u00eencifrate \u00een textele poetice pe care le trimite c\u0103tre cititor.<\/p>\n\n\n\n<p>Aceast\u0103 tentativ\u0103 a poetului Lucian Strochi, prin noua sa carte, nu este singular\u0103 \u00een peisajul editorial care \u00eel reprezint\u0103.<\/p>\n\n\n\n<p>El a mai publicat \u00een 1998, \u00een volumul SONETE, 26 de sonete italiene, sonete \u00eenso\u0163ite \u015fi acestea de note \u015fi comentarii ale autorului \u015fi cu o postfa\u0163\u0103 semnat\u0103 de Ion Rotaru, carte care, la timpul acela, a fost primit\u0103 foarte bine de critica literar\u0103\u201d, scrie Emilian Marcu \u00een prefa\u0163a c\u0103r\u0163ii.<\/p>\n\n\n\n<p><strong><em>Biblioteca Jude\u0163ean&nbsp; \u201eG.T. Kirileanu\u201d Neam\u0163<\/em><\/strong><\/p>\n","protected":false},"excerpt":{"rendered":"<p>Luni, 24 aprilie 2023, \u00een Sala Cupola a Bibliotecii \u201eG.T. Kirileanu\u201d Neam\u0163, \u00een prezen\u0163a unui numeros public avizat, a avut loc lansarea volumului \u201eSonete\u201d de Lucian Strochi. Manifestarea, consacrat\u0103 omagierii Zilei Interna\u0163ionale a C\u0103r\u0163ii \u015fi a Drepturilor de Autor, a&hellip;<\/p>\n<p class=\"more-link-p\"><a class=\"more-link\" href=\"http:\/\/www.slineamt.ro\/apostolul\/arte-si-meseriii\/lansarea-volumului-sonete-de-lucian-strochi\/\">Read more &rarr;<\/a><\/p>\n","protected":false},"author":1,"featured_media":0,"comment_status":"open","ping_status":"closed","sticky":false,"template":"","format":"standard","meta":{"footnotes":""},"categories":[7,471],"tags":[],"class_list":["post-24108","post","type-post","status-publish","format-standard","hentry","category-arte-si-meseriii","category-numarul-261"],"_links":{"self":[{"href":"http:\/\/www.slineamt.ro\/apostolul\/wp-json\/wp\/v2\/posts\/24108","targetHints":{"allow":["GET"]}}],"collection":[{"href":"http:\/\/www.slineamt.ro\/apostolul\/wp-json\/wp\/v2\/posts"}],"about":[{"href":"http:\/\/www.slineamt.ro\/apostolul\/wp-json\/wp\/v2\/types\/post"}],"author":[{"embeddable":true,"href":"http:\/\/www.slineamt.ro\/apostolul\/wp-json\/wp\/v2\/users\/1"}],"replies":[{"embeddable":true,"href":"http:\/\/www.slineamt.ro\/apostolul\/wp-json\/wp\/v2\/comments?post=24108"}],"version-history":[{"count":1,"href":"http:\/\/www.slineamt.ro\/apostolul\/wp-json\/wp\/v2\/posts\/24108\/revisions"}],"predecessor-version":[{"id":24110,"href":"http:\/\/www.slineamt.ro\/apostolul\/wp-json\/wp\/v2\/posts\/24108\/revisions\/24110"}],"wp:attachment":[{"href":"http:\/\/www.slineamt.ro\/apostolul\/wp-json\/wp\/v2\/media?parent=24108"}],"wp:term":[{"taxonomy":"category","embeddable":true,"href":"http:\/\/www.slineamt.ro\/apostolul\/wp-json\/wp\/v2\/categories?post=24108"},{"taxonomy":"post_tag","embeddable":true,"href":"http:\/\/www.slineamt.ro\/apostolul\/wp-json\/wp\/v2\/tags?post=24108"}],"curies":[{"name":"wp","href":"https:\/\/api.w.org\/{rel}","templated":true}]}}