{"id":24165,"date":"2023-05-12T08:28:41","date_gmt":"2023-05-12T08:28:41","guid":{"rendered":"http:\/\/www.slineamt.ro\/apostolul\/?p=24165"},"modified":"2023-05-12T08:28:41","modified_gmt":"2023-05-12T08:28:41","slug":"liliana-pantea-bibliotecara-la-hangu-premiul-mentor-pentru-excelenta-in-educatie","status":"publish","type":"post","link":"http:\/\/www.slineamt.ro\/apostolul\/eveniment\/liliana-pantea-bibliotecara-la-hangu-premiul-mentor-pentru-excelenta-in-educatie\/","title":{"rendered":"Liliana P\u00e2ntea, bibliotecar\u0103 la Hangu \u2013 Premiul Mentor pentru excelen\u0163\u0103 \u00een educa\u0163ie"},"content":{"rendered":"<div class=\"wp-block-image\">\n<figure class=\"alignleft size-full\"><a href=\"http:\/\/www.slineamt.ro\/apostolul\/wp-content\/uploads\/2023\/05\/13-ap261-foto1.jpg\"><img loading=\"lazy\" decoding=\"async\" width=\"247\" height=\"386\" src=\"http:\/\/www.slineamt.ro\/apostolul\/wp-content\/uploads\/2023\/05\/13-ap261-foto1.jpg\" alt=\"\" class=\"wp-image-24166\" srcset=\"http:\/\/www.slineamt.ro\/apostolul\/wp-content\/uploads\/2023\/05\/13-ap261-foto1.jpg 247w, http:\/\/www.slineamt.ro\/apostolul\/wp-content\/uploads\/2023\/05\/13-ap261-foto1-192x300.jpg 192w, http:\/\/www.slineamt.ro\/apostolul\/wp-content\/uploads\/2023\/05\/13-ap261-foto1-160x250.jpg 160w\" sizes=\"auto, (max-width: 247px) 100vw, 247px\" \/><\/a><\/figure>\n<\/div>\n\n\n<p>\u015ei anul acesta, MOL Rom\u00e2nia \u015fi Funda\u0163ia pentru Comunitate au acordat, pentru al 13-lea an consecutiv, <strong>Premiile Mentor pentru excelen\u0163\u0103 \u00een educa\u0163ie<\/strong>, recunosc\u00e2nd public valoarea \u015fi rezultatele activit\u0103\u0163ii pedagogice ale celor zece laurea\u0163i, profesori \u015fi antrenori de excep\u0163ie din toat\u0103 \u0163ara. Gala Premiilor Mentor a fost organizat\u0103 pe 26 aprilie la Timi\u015foara, Capitala European\u0103 a Culturii.<\/p>\n\n\n\n<p>Prin acordarea acestui premiu, organizatorii doresc s\u0103 recunoasc\u0103 public valoarea muncii \u015fi rezultatele excep\u0163ionale \u00eenregistrate de ace\u015fti dasc\u0103li deosebi\u0163i care sunt aprecia\u0163i de elevi, p\u0103rin\u0163i, colegi \u015fi de \u00eentreaga comunitate \u00een care \u00ee\u015fi desf\u0103\u015foar\u0103 activitatea.<\/p>\n\n\n\n<p>\u201eCredem c\u0103 educa\u0163ia este esen\u0163ial\u0103 pentru o \u0163ar\u0103 care se dezvolt\u0103 armonios, iar profesorii nu primesc, din p\u0103cate, recunoa\u015fterea public\u0103 pe care o merit\u0103. (&#8230;) De\u015fi acord\u0103m un num\u0103r limitat de premii, \u015ftim c\u0103 \u00een Rom\u00e2nia sunt mul\u0163i profesori care \u00ee\u015fi pun \u00eentreaga energie \u015fi pasiune \u00een slujba lor \u015fi sper\u0103m c\u0103 \u00eei vom reg\u0103si printre propunerile f\u0103cute de elevi sau p\u0103rin\u0163i pentru edi\u0163ia urm\u0103toare,\u201d a declarat Camelia Ene, CEO \u015fi Country Chairman MOL Rom\u00e2nia.<\/p>\n\n\n\n<p>Cei zece premian\u0163i au fost selecta\u0163i dintre cele 238 de nominaliz\u0103ri depuse de elevi, p\u0103rin\u0163i sau profesori \u00een perioada mai-decembrie 2022. Num\u0103rul mare al nominaliz\u0103rilor arat\u0103 c\u0103 programul Premiul Mentor este cunoscut, iar comunit\u0103\u0163ile doresc s\u0103-\u015fi exprime aprecierea fa\u0163\u0103 de mentorii care inspir\u0103 noua genera\u0163ie.<\/p>\n\n\n<div class=\"wp-block-image\">\n<figure class=\"alignright size-full is-resized\"><a href=\"http:\/\/www.slineamt.ro\/apostolul\/wp-content\/uploads\/2023\/05\/13-ap261-foto2.jpg\"><img loading=\"lazy\" decoding=\"async\" src=\"http:\/\/www.slineamt.ro\/apostolul\/wp-content\/uploads\/2023\/05\/13-ap261-foto2.jpg\" alt=\"\" class=\"wp-image-24167\" width=\"388\" height=\"278\" srcset=\"http:\/\/www.slineamt.ro\/apostolul\/wp-content\/uploads\/2023\/05\/13-ap261-foto2.jpg 869w, http:\/\/www.slineamt.ro\/apostolul\/wp-content\/uploads\/2023\/05\/13-ap261-foto2-300x215.jpg 300w, http:\/\/www.slineamt.ro\/apostolul\/wp-content\/uploads\/2023\/05\/13-ap261-foto2-768x551.jpg 768w, http:\/\/www.slineamt.ro\/apostolul\/wp-content\/uploads\/2023\/05\/13-ap261-foto2-560x402.jpg 560w, http:\/\/www.slineamt.ro\/apostolul\/wp-content\/uploads\/2023\/05\/13-ap261-foto2-260x187.jpg 260w, http:\/\/www.slineamt.ro\/apostolul\/wp-content\/uploads\/2023\/05\/13-ap261-foto2-160x115.jpg 160w\" sizes=\"auto, (max-width: 388px) 100vw, 388px\" \/><\/a><\/figure>\n<\/div>\n\n\n<p>Laurea\u0163ii Premiului Mentor pentru excelen\u0163\u0103 \u00een educa\u0163ie, edi\u0163ia a 13-a, 2022 sunt: <strong>Bodea Gy\u00f6rgy<\/strong>, profesor de chimie, Cehu Silvaniei; <strong>Csavar M\u00e1ria<\/strong>, profesor de limb\u0103 \u015fi literatur\u0103 rom\u00e2n\u0103, Gheorgheni; <strong>Maria Cristina Dan<\/strong>, profesor de vioar\u0103, Timi\u015foara; <strong>Dobra Judit<\/strong>, profesor de limb\u0103 \u015fi literatur\u0103 maghiar\u0103, Sf\u00e2ntu Gheorghe; <strong>Ilie Crinu Florinel<\/strong>, antrenor de kaiac, Bucure\u015fti; <strong>Liptak Martin<\/strong>, antrenor de \u00eenot, Arad; <strong>Cristian Mihai Mali\u015f<\/strong>, antrenor de canotaj, Or\u015fova; <strong>LILIANA P\u00c2NTEA, BIBLIOTECAR, HANGU, NEAM\u0162<\/strong>; <strong>Ilie Rus<\/strong>, profesor de fizic\u0103, Beiu\u015f; <strong>Mihai Trandafirescu<\/strong>, antrenor judo, Ploie\u015fti.<\/p>\n\n\n\n<p>Invitatul de onoare al Galei a fost Ioan Holender, cel mai longeviv director al Operei de Stat din Viena, originar din Timi\u015foara.<\/p>\n\n\n\n<p>(<strong>N. R.<\/strong> \u2013 Preciz\u0103m c\u0103 premiul Doamnei Liliana P\u00e2ntea nu este singular, Premiul Mentor pentru excelen\u0163\u0103 \u00een educa\u0163ie fiind atribuit \u00een anul 2021 \u015fi profesoarei de arte plastice Cristina Petrariu, cadru didactic titular la Palatul Copiilor din Piatra-Neam\u0163 \u015fi pre\u015fedintele Asocia\u0163iei Culturale <em>Arte.Ro.<\/em> fapt consemnat cu m\u00e2ndrie \u015fi \u00een revista noastr\u0103 \u2013 <em>Apostolul<\/em>, nr 240)<\/p>\n\n\n\n<p><strong><em>Red.<\/em><\/strong><\/p>\n","protected":false},"excerpt":{"rendered":"<p>\u015ei anul acesta, MOL Rom\u00e2nia \u015fi Funda\u0163ia pentru Comunitate au acordat, pentru al 13-lea an consecutiv, Premiile Mentor pentru excelen\u0163\u0103 \u00een educa\u0163ie, recunosc\u00e2nd public valoarea \u015fi rezultatele activit\u0103\u0163ii pedagogice ale celor zece laurea\u0163i, profesori \u015fi antrenori de excep\u0163ie din toat\u0103&hellip;<\/p>\n<p class=\"more-link-p\"><a class=\"more-link\" href=\"http:\/\/www.slineamt.ro\/apostolul\/eveniment\/liliana-pantea-bibliotecara-la-hangu-premiul-mentor-pentru-excelenta-in-educatie\/\">Read more &rarr;<\/a><\/p>\n","protected":false},"author":1,"featured_media":0,"comment_status":"open","ping_status":"closed","sticky":false,"template":"","format":"standard","meta":{"footnotes":""},"categories":[18,471],"tags":[],"class_list":["post-24165","post","type-post","status-publish","format-standard","hentry","category-eveniment","category-numarul-261"],"_links":{"self":[{"href":"http:\/\/www.slineamt.ro\/apostolul\/wp-json\/wp\/v2\/posts\/24165","targetHints":{"allow":["GET"]}}],"collection":[{"href":"http:\/\/www.slineamt.ro\/apostolul\/wp-json\/wp\/v2\/posts"}],"about":[{"href":"http:\/\/www.slineamt.ro\/apostolul\/wp-json\/wp\/v2\/types\/post"}],"author":[{"embeddable":true,"href":"http:\/\/www.slineamt.ro\/apostolul\/wp-json\/wp\/v2\/users\/1"}],"replies":[{"embeddable":true,"href":"http:\/\/www.slineamt.ro\/apostolul\/wp-json\/wp\/v2\/comments?post=24165"}],"version-history":[{"count":1,"href":"http:\/\/www.slineamt.ro\/apostolul\/wp-json\/wp\/v2\/posts\/24165\/revisions"}],"predecessor-version":[{"id":24168,"href":"http:\/\/www.slineamt.ro\/apostolul\/wp-json\/wp\/v2\/posts\/24165\/revisions\/24168"}],"wp:attachment":[{"href":"http:\/\/www.slineamt.ro\/apostolul\/wp-json\/wp\/v2\/media?parent=24165"}],"wp:term":[{"taxonomy":"category","embeddable":true,"href":"http:\/\/www.slineamt.ro\/apostolul\/wp-json\/wp\/v2\/categories?post=24165"},{"taxonomy":"post_tag","embeddable":true,"href":"http:\/\/www.slineamt.ro\/apostolul\/wp-json\/wp\/v2\/tags?post=24165"}],"curies":[{"name":"wp","href":"https:\/\/api.w.org\/{rel}","templated":true}]}}