{"id":24169,"date":"2023-05-12T08:31:47","date_gmt":"2023-05-12T08:31:47","guid":{"rendered":"http:\/\/www.slineamt.ro\/apostolul\/?p=24169"},"modified":"2023-05-12T08:31:47","modified_gmt":"2023-05-12T08:31:47","slug":"conferintele-cmnn-regina-maria-a-romaniei-insemnari-zilnice-1929-1930","status":"publish","type":"post","link":"http:\/\/www.slineamt.ro\/apostolul\/lectia-de-istorie\/conferintele-cmnn-regina-maria-a-romaniei-insemnari-zilnice-1929-1930\/","title":{"rendered":"CONFERIN\u0162ELE CMNN &#8211; \u201eRegina Maria a Rom\u00e2niei. \u00censemn\u0103ri zilnice. 1929-1930\u201d"},"content":{"rendered":"<div class=\"wp-block-image\">\n<figure class=\"alignleft size-full is-resized\"><a href=\"http:\/\/www.slineamt.ro\/apostolul\/wp-content\/uploads\/2023\/05\/12-ap261-foto1.jpg\"><img loading=\"lazy\" decoding=\"async\" src=\"http:\/\/www.slineamt.ro\/apostolul\/wp-content\/uploads\/2023\/05\/12-ap261-foto1.jpg\" alt=\"\" class=\"wp-image-24170\" width=\"254\" height=\"354\" srcset=\"http:\/\/www.slineamt.ro\/apostolul\/wp-content\/uploads\/2023\/05\/12-ap261-foto1.jpg 407w, http:\/\/www.slineamt.ro\/apostolul\/wp-content\/uploads\/2023\/05\/12-ap261-foto1-215x300.jpg 215w, http:\/\/www.slineamt.ro\/apostolul\/wp-content\/uploads\/2023\/05\/12-ap261-foto1-260x362.jpg 260w, http:\/\/www.slineamt.ro\/apostolul\/wp-content\/uploads\/2023\/05\/12-ap261-foto1-160x223.jpg 160w\" sizes=\"auto, (max-width: 254px) 100vw, 254px\" \/><\/a><\/figure>\n<\/div>\n\n\n<p>Georgeta Filitti, istoric, membru de onoare al Academiei Rom\u00e2ne, a fost invitata celei de-a treia edi\u0163ii a proiectului cultural-\u015ftiin\u0163ific \u201eConferin\u0163ele CMNN\u201d, organizat de Complexul Muzeal Na\u0163ional Neam\u0163. Evenimentul a avut loc joi, 27 aprilie, la Muzeul de Art\u0103 din Piatra-Neam\u0163, \u00een prezen\u0163a unui public numeros, pasionat de cunoa\u015fterea trecutului. Tema conferin\u0163ei a fost \u201eRegina Maria a Rom\u00e2niei. \u00censemn\u0103ri zilnice. 1929-1930\u201d. Georgeta Filitti a fost \u00eenso\u0163it\u0103 de istoricul Stej\u0103rel Olaru, directorul Editurii <em>Omnium<\/em>. \u00cen luna noiembrie 2022, Editura <em>Omnium<\/em> a publicat un nou volum al \u00censemn\u0103rilor Reginei Maria sub \u00eengrijirea istoricilor Georgeta Filitti \u015fi Nicolae Pepene. Este vorba despre \u00censemn\u0103rile zilnice ale anului 1930, p\u0103strate la Arhivele Na\u0163ionale Centrale, care au fost traduse din limba englez\u0103 de Georgeta Filitti. Cu un an \u00eenainte, la Editura <em>Corint<\/em>, a ap\u0103rut volumul \u201eRegina Maria a Rom\u00e2niei. \u00censemn\u0103ri zilnice, 1929\u201d, de asemenea tradus de Georgeta Filitti \u015fi cu note consistente alc\u0103tuite de c\u0103tre istoricul Nicolae Pepene.<\/p>\n\n\n<div class=\"wp-block-image\">\n<figure class=\"alignright size-full is-resized\"><a href=\"http:\/\/www.slineamt.ro\/apostolul\/wp-content\/uploads\/2023\/05\/12-ap261-foto2.jpg\"><img loading=\"lazy\" decoding=\"async\" src=\"http:\/\/www.slineamt.ro\/apostolul\/wp-content\/uploads\/2023\/05\/12-ap261-foto2.jpg\" alt=\"\" class=\"wp-image-24171\" width=\"392\" height=\"294\" srcset=\"http:\/\/www.slineamt.ro\/apostolul\/wp-content\/uploads\/2023\/05\/12-ap261-foto2.jpg 567w, http:\/\/www.slineamt.ro\/apostolul\/wp-content\/uploads\/2023\/05\/12-ap261-foto2-300x225.jpg 300w, http:\/\/www.slineamt.ro\/apostolul\/wp-content\/uploads\/2023\/05\/12-ap261-foto2-560x420.jpg 560w, http:\/\/www.slineamt.ro\/apostolul\/wp-content\/uploads\/2023\/05\/12-ap261-foto2-260x195.jpg 260w, http:\/\/www.slineamt.ro\/apostolul\/wp-content\/uploads\/2023\/05\/12-ap261-foto2-160x120.jpg 160w\" sizes=\"auto, (max-width: 392px) 100vw, 392px\" \/><\/a><\/figure>\n<\/div>\n\n\n<p>\u201e\u00cent\u00e2lnirea cu doamna academician este o mare bucurie pentru noi. Aceste dou\u0103 volume ne sunt indispensabile, lectura lor este obligatorie, pentru c\u0103 Regina Maria a fost un martor mai mult dec\u00e2t credibil al timpului s\u0103u. Preocup\u0103rile doamnei academician le cunoa\u015ftem prin intermediul c\u0103r\u0163ilor publicate, a zecilor de emisiuni culturale Radio \u015fi TV, datorit\u0103 celor peste 100 de conferin\u0163e sus\u0163inute \u00een cadrul Funda\u0163iei Calea Victoriei, \u015fi astfel istoriile Bucure\u015ftiului, istoriile monumentelor marcante ale Capitalei, istoriile familiilor aristocra\u0163iei rom\u00e2ne ne-au fost de fiecare dat\u0103 dezv\u0103luite cu des\u0103v\u00e2r\u015fit\u0103 m\u0103iestrie. \u00cen spatele acestor istorii \u015fi \u00een spatele acestor pove\u015fti st\u0103 rigoarea \u015ftiin\u0163ific\u0103, st\u0103 o cercetare autentic\u0103, st\u0103 o capacitate impresionant\u0103 de corelare \u015fi de sintetizare a surselor documentare. Am consultat o recenzie a activit\u0103\u0163ii \u015ftiin\u0163ifice a doamnei academician, publicat\u0103 \u00een Enciclopedia reprezentan\u0163ilor scrisului istoric rom\u00e2nesc, o recenzie cu minu\u0163iozitate \u00eentocmit\u0103, \u015fi am g\u0103sit acolo peste \u015fase decenii de carier\u0103 care \u00eenseamn\u0103 zeci de lucr\u0103ri de autor, zeci de lucr\u0103ri realizate \u00een colaborare, editarea Operelor lui M. Kog\u0103lniceanu, care i-a adus \u00een 1983 \u015fi Premiul Nicolae B\u0103lcescu al Academiei Rom\u00e2ne, alte zeci de edit\u0103ri ale operelor istoricilor Nicolae Iorga, Ion C. Filitti, zeci de traduceri, prefe\u0163e, peste 400 de articole publicate \u015fi aceasta este doar o mic\u0103 parte din ceea ce \u00eenseamn\u0103 opera istoriografic\u0103 a doamnei academician\u201d, a spus dr. Mihaela-Cristina Verzea, directorul adjunct \u015ftiin\u0163ific al Complexului Muzeal Na\u0163ional Neam\u0163.<\/p>\n\n\n\n<p>\u201e\u00censemn\u0103rile, prin analizele f\u0103cute, portretiz\u0103rile, expresivitatea unor descrieri, o situeaz\u0103 pe Regina Maria \u00een r\u00e2ndul oamenilor de condei ai epocii. Abordarea ei tr\u0103deaz\u0103 o educa\u0163ie perfect\u0103, st\u0103p\u00e2nire de sine, toleran\u0163\u0103, tr\u0103s\u0103turi ce le poate descoperi cititorul de azi al Memoriilor, al \u00censemn\u0103rilor zilnice, al c\u0103r\u0163ilor sale pe care Regina ni le-a l\u0103sat mo\u015ftenire. Regina Maria se dovede\u015fte o c\u0103l\u0103toare cu aten\u0163ia mereu treaz\u0103, descrierile ei constituindu-se \u00een ghiduri fermec\u0103toare ale unor locuri din Europa, America, Orientul Apropiat sau Africa\u201d, a afirmat istoricul Georgeta Filitti.<\/p>\n\n\n\n<p><strong><em>Violeta MO\u015eU<\/em><\/strong><\/p>\n","protected":false},"excerpt":{"rendered":"<p>Georgeta Filitti, istoric, membru de onoare al Academiei Rom\u00e2ne, a fost invitata celei de-a treia edi\u0163ii a proiectului cultural-\u015ftiin\u0163ific \u201eConferin\u0163ele CMNN\u201d, organizat de Complexul Muzeal Na\u0163ional Neam\u0163. Evenimentul a avut loc joi, 27 aprilie, la Muzeul de Art\u0103 din Piatra-Neam\u0163,&hellip;<\/p>\n<p class=\"more-link-p\"><a class=\"more-link\" href=\"http:\/\/www.slineamt.ro\/apostolul\/lectia-de-istorie\/conferintele-cmnn-regina-maria-a-romaniei-insemnari-zilnice-1929-1930\/\">Read more &rarr;<\/a><\/p>\n","protected":false},"author":1,"featured_media":0,"comment_status":"open","ping_status":"closed","sticky":false,"template":"","format":"standard","meta":{"footnotes":""},"categories":[6,471],"tags":[],"class_list":["post-24169","post","type-post","status-publish","format-standard","hentry","category-lectia-de-istorie","category-numarul-261"],"_links":{"self":[{"href":"http:\/\/www.slineamt.ro\/apostolul\/wp-json\/wp\/v2\/posts\/24169","targetHints":{"allow":["GET"]}}],"collection":[{"href":"http:\/\/www.slineamt.ro\/apostolul\/wp-json\/wp\/v2\/posts"}],"about":[{"href":"http:\/\/www.slineamt.ro\/apostolul\/wp-json\/wp\/v2\/types\/post"}],"author":[{"embeddable":true,"href":"http:\/\/www.slineamt.ro\/apostolul\/wp-json\/wp\/v2\/users\/1"}],"replies":[{"embeddable":true,"href":"http:\/\/www.slineamt.ro\/apostolul\/wp-json\/wp\/v2\/comments?post=24169"}],"version-history":[{"count":1,"href":"http:\/\/www.slineamt.ro\/apostolul\/wp-json\/wp\/v2\/posts\/24169\/revisions"}],"predecessor-version":[{"id":24172,"href":"http:\/\/www.slineamt.ro\/apostolul\/wp-json\/wp\/v2\/posts\/24169\/revisions\/24172"}],"wp:attachment":[{"href":"http:\/\/www.slineamt.ro\/apostolul\/wp-json\/wp\/v2\/media?parent=24169"}],"wp:term":[{"taxonomy":"category","embeddable":true,"href":"http:\/\/www.slineamt.ro\/apostolul\/wp-json\/wp\/v2\/categories?post=24169"},{"taxonomy":"post_tag","embeddable":true,"href":"http:\/\/www.slineamt.ro\/apostolul\/wp-json\/wp\/v2\/tags?post=24169"}],"curies":[{"name":"wp","href":"https:\/\/api.w.org\/{rel}","templated":true}]}}