{"id":24310,"date":"2023-06-24T10:29:47","date_gmt":"2023-06-24T10:29:47","guid":{"rendered":"http:\/\/www.slineamt.ro\/apostolul\/?p=24310"},"modified":"2023-06-24T10:46:42","modified_gmt":"2023-06-24T10:46:42","slug":"premiile-revistei-apostolul-trec-prutul","status":"publish","type":"post","link":"http:\/\/www.slineamt.ro\/apostolul\/eveniment\/premiile-revistei-apostolul-trec-prutul\/","title":{"rendered":"Premiile Revistei <em>Apostolul<\/em> trec Prutul"},"content":{"rendered":"<div class=\"wp-block-image\">\n<figure class=\"alignleft size-full is-resized\"><a href=\"http:\/\/www.slineamt.ro\/apostolul\/wp-content\/uploads\/2023\/06\/04-ap262-foto1.jpg\"><img loading=\"lazy\" decoding=\"async\" src=\"http:\/\/www.slineamt.ro\/apostolul\/wp-content\/uploads\/2023\/06\/04-ap262-foto1.jpg\" alt=\"\" class=\"wp-image-24311\" width=\"292\" height=\"288\" srcset=\"http:\/\/www.slineamt.ro\/apostolul\/wp-content\/uploads\/2023\/06\/04-ap262-foto1.jpg 652w, http:\/\/www.slineamt.ro\/apostolul\/wp-content\/uploads\/2023\/06\/04-ap262-foto1-300x296.jpg 300w, http:\/\/www.slineamt.ro\/apostolul\/wp-content\/uploads\/2023\/06\/04-ap262-foto1-560x552.jpg 560w, http:\/\/www.slineamt.ro\/apostolul\/wp-content\/uploads\/2023\/06\/04-ap262-foto1-260x256.jpg 260w, http:\/\/www.slineamt.ro\/apostolul\/wp-content\/uploads\/2023\/06\/04-ap262-foto1-160x158.jpg 160w\" sizes=\"auto, (max-width: 292px) 100vw, 292px\" \/><\/a><\/figure>\n<\/div>\n\n\n<p>Anul acesta, cu mare \u00eenc\u00e2ntare, cu mare bucurie, decernarea premiilor revistei <em>Apostolul<\/em>, edi\u0163ia a V-a, s-a desf\u0103\u015furat \u00een cealalt\u0103 Moldov\u0103, laurii \u00eendrept\u00e2ndu-se c\u0103tre unii dintre cei mai aprecia\u0163i slujitori ai catedrei de aici.<\/p>\n\n\n\n<p>Iat\u0103-ne deci, 18 mai 2023, la Institutul Muncii din Chi\u015fin\u0103u, \u00een sala de conferin\u0163e Nicolae Suruceanu \u2013 reprezentan\u0163i ai breslei profesorilor, ai sindicatelor \u015fi colectivului de redac\u0163ie al revistei \u2013 de pe ambele p\u0103r\u0163i ale Prutului \u2013, a\u015ftept\u00e2nd cu emo\u0163ie \u00eenceperea manifest\u0103rii. Gazdele din Chi\u015fin\u0103u, respectiv conducerea \u015fi membri ai Federa\u0163iei Sindicale a Educa\u0163iei \u015fi \u015etiin\u0163ei (FSE\u015e) s-au \u00eentrecut \u00een ospitalitate \u015fi exemplific\u0103m doar prin distinsa atmosfer\u0103 creat\u0103 la cafeaua de bun venit, care a fost savurat\u0103 \u00een sunetele pieselor interpretate de fanfara Tenore a Liceului Teoretic \u201ePrincipesa Natalia Dadiani\u201d, dirijor Ion Cojocaru. A fost un program vibrant de muzic\u0103 \u015fi poezie, care ne-a f\u0103cut s\u0103 dans\u0103m, s\u0103 aplaud\u0103m, s\u0103 ne bucur\u0103m ca ni\u015fte copii de momentele de revedere pentru unii, de inedit \u015fi noi cuno\u015ftin\u0163e pentru al\u0163ii.<\/p>\n\n\n<div class=\"wp-block-image\">\n<figure class=\"alignright size-full is-resized\"><a href=\"http:\/\/www.slineamt.ro\/apostolul\/wp-content\/uploads\/2023\/06\/04-ap262-foto2.jpg\"><img loading=\"lazy\" decoding=\"async\" src=\"http:\/\/www.slineamt.ro\/apostolul\/wp-content\/uploads\/2023\/06\/04-ap262-foto2.jpg\" alt=\"\" class=\"wp-image-24312\" width=\"430\" height=\"267\" srcset=\"http:\/\/www.slineamt.ro\/apostolul\/wp-content\/uploads\/2023\/06\/04-ap262-foto2.jpg 653w, http:\/\/www.slineamt.ro\/apostolul\/wp-content\/uploads\/2023\/06\/04-ap262-foto2-300x187.jpg 300w, http:\/\/www.slineamt.ro\/apostolul\/wp-content\/uploads\/2023\/06\/04-ap262-foto2-560x348.jpg 560w, http:\/\/www.slineamt.ro\/apostolul\/wp-content\/uploads\/2023\/06\/04-ap262-foto2-260x162.jpg 260w, http:\/\/www.slineamt.ro\/apostolul\/wp-content\/uploads\/2023\/06\/04-ap262-foto2-160x99.jpg 160w\" sizes=\"auto, (max-width: 430px) 100vw, 430px\" \/><\/a><\/figure>\n<\/div>\n\n\n<p>\u015ei cum fiecare eveniment are un \u00eenceput, acesta a fost marcat, cum era \u015fi firesc, de c\u0103tre pre\u015fedintele FSE\u015e, dl <strong>Ghenadie Donos<\/strong>: <em>\u00cen 2018 c\u00e2nd am pornit aceast\u0103 colaborare cu <\/em>Apostolul<em> ni s-a p\u0103rut doar a\u015fa&#8230; o \u00eencercare, dar de atunci fiecare lun\u0103 a venit cu materiale solicitate \u015fi prezentate, legate de activitatea noastr\u0103 pedagogic\u0103, sindical\u0103, cultural\u0103, politic\u0103, materiale legate de istorie \u015fi tradi\u0163ii. <\/em>Apostolul<em> este o publica\u0163ie care promoveaz\u0103 valorile din domeniile mai sus amintite \u015fi ne bucur\u0103m c\u0103 tr\u0103im aceast\u0103 s\u0103rb\u0103toare, \u00een care pentru prima dat\u0103 de c\u00e2nd fiin\u0163eaz\u0103, revista acord\u0103 premiile sale anuale unor dasc\u0103li de seam\u0103 din Republica Moldova. Organiz\u0103m aceast\u0103 festivitate de\u015fi nu ne afl\u0103m \u00eentr-un moment propice, nici pe scena mondial\u0103, av\u00e2nd \u00een vedere acest nefericit conflict din Ucraina, nici \u00een Rom\u00e2nia, datorit\u0103 fr\u0103m\u00e2nt\u0103rilor cadrelor didactice, care sunt \u00een pragul grevei generale. Dar ast\u0103zi, noi vom discuta despre educa\u0163ie \u015fi calitatea ei, despre colegii no\u015ftri care se afl\u0103 aici \u015fi care aduc valoare profesiei de pedagog<\/em>.<\/p>\n\n\n<div class=\"wp-block-image\">\n<figure class=\"alignleft size-full is-resized\"><a href=\"http:\/\/www.slineamt.ro\/apostolul\/wp-content\/uploads\/2023\/06\/04-ap262-foto3.jpg\"><img loading=\"lazy\" decoding=\"async\" src=\"http:\/\/www.slineamt.ro\/apostolul\/wp-content\/uploads\/2023\/06\/04-ap262-foto3.jpg\" alt=\"\" class=\"wp-image-24313\" width=\"270\" height=\"324\" srcset=\"http:\/\/www.slineamt.ro\/apostolul\/wp-content\/uploads\/2023\/06\/04-ap262-foto3.jpg 503w, http:\/\/www.slineamt.ro\/apostolul\/wp-content\/uploads\/2023\/06\/04-ap262-foto3-250x300.jpg 250w, http:\/\/www.slineamt.ro\/apostolul\/wp-content\/uploads\/2023\/06\/04-ap262-foto3-260x312.jpg 260w, http:\/\/www.slineamt.ro\/apostolul\/wp-content\/uploads\/2023\/06\/04-ap262-foto3-160x192.jpg 160w\" sizes=\"auto, (max-width: 270px) 100vw, 270px\" \/><\/a><\/figure>\n<\/div>\n\n\n<p>Microfonul a fost apoi preluat de dl <strong>Gabriel Plosc\u0103<\/strong>, pre\u015fedinte al Sindicatului din \u00cenv\u0103\u0163\u0103m\u00e2nt Neam\u0163, pentru salutul adresat publicului \u015fi prezentarea delega\u0163iei din Rom\u00e2nia. Neafl\u00e2ndu-se pentru prima dat\u0103 \u00een Chi\u015fin\u0103u ca oaspete al sindicatului basarabean \u015fi parafraz\u00e2nd un binecunoscut \u015fi \u00eendr\u0103git c\u00e2ntec popular, \u00een aplauzele publicului, dl Gabriel Plosc\u0103 \u015fi-a \u00eenceput interven\u0163ia cu vorbele: <em>\u015ei-am venit s\u0103 v\u0103 salut, fra\u0163i ai mei de peste Prut! \u015ei am f\u0103cut-o ca de fiecare dat\u0103 cu emo\u0163ie, cu bucurie, \u015fi cred c\u0103 unirea pe care am \u00eenceput-o noi \u00een 2016 va veni, \u00een ciuda tuturor vremurilor tulburi \u015fi de-o parte \u015fi de alta a Prutului<\/em>.<\/p>\n\n\n<div class=\"wp-block-image\">\n<figure class=\"alignright size-full is-resized\"><a href=\"http:\/\/www.slineamt.ro\/apostolul\/wp-content\/uploads\/2023\/06\/04-ap262-foto20.jpg\"><img loading=\"lazy\" decoding=\"async\" src=\"http:\/\/www.slineamt.ro\/apostolul\/wp-content\/uploads\/2023\/06\/04-ap262-foto20.jpg\" alt=\"\" class=\"wp-image-24330\" width=\"390\" height=\"317\" srcset=\"http:\/\/www.slineamt.ro\/apostolul\/wp-content\/uploads\/2023\/06\/04-ap262-foto20.jpg 511w, http:\/\/www.slineamt.ro\/apostolul\/wp-content\/uploads\/2023\/06\/04-ap262-foto20-300x244.jpg 300w, http:\/\/www.slineamt.ro\/apostolul\/wp-content\/uploads\/2023\/06\/04-ap262-foto20-260x212.jpg 260w, http:\/\/www.slineamt.ro\/apostolul\/wp-content\/uploads\/2023\/06\/04-ap262-foto20-160x130.jpg 160w\" sizes=\"auto, (max-width: 390px) 100vw, 390px\" \/><\/a><\/figure>\n<\/div>\n\n\n<p>\u00cen continuare dl Gabriel Plosc\u0103 a eviden\u0163iat contribu\u0163ia important\u0103 a redactorului \u015fef, dl Mircea Zaharia, prezent la eveniment, \u00een apari\u0163ia \u015fi consolidarea pozi\u0163iei subredac\u0163iei de la Chi\u015fin\u0103u, condus\u0103 de Angelina Begu. Publicul a cunoscut apoi urm\u0103torii oaspe\u0163i din Rom\u00e2nia: <strong>Ioan Leon Naro\u015fi<\/strong> \u2013 \u015feful departamentului <em>Educa\u0163ie-formare<\/em> din cadrul Confedera\u0163iei Sindicatelor Democratice din Rom\u00e2nia \u015fi totodat\u0103 administratorul firmei CSDR SIND TURISM; <strong>Felicia Naro\u015fi<\/strong> \u2013 asistent manager \u00een cadrul firmei CSDR SIND TURISM; <strong>Ioana Petreu\u015f<\/strong> \u2013 pre\u015fedinta Sindicatului din \u00cenv\u0103\u0163\u0103m\u00e2nt Maramure\u015f; <strong>Iosif Covasan<\/strong> \u2013 directorul economic al sindicatului nem\u0163ean; <strong>Gianina Buruian\u0103<\/strong> \u2013 redactor-\u015fef adjunct al revistei <em>Apostolul<\/em>; <strong>Ramona Ro\u015fu<\/strong> \u2013 formator \u00een cadrul Federa\u0163iei Sindicatelor Libere din \u00cenv\u0103\u0163\u0103m\u00e2nt \u015fi membru al Consiliului Jude\u0163ean al Sindicatului din \u00cenv\u0103\u0163\u0103m\u00e2nt Neam\u0163; <strong>Liviu Rusu<\/strong> \u2013 pre\u015fedintele Asocia\u0163iei \u00cenv\u0103\u0163\u0103torilor din jude\u0163ul Neam\u0163; <strong>Ciprian Murariu<\/strong> \u2013 liderul sindical din ora\u015ful T\u00e2rgu- Neam\u0163;<\/p>\n\n\n\n<p>Dup\u0103 aceast\u0103 prezentare, <strong>Ioan Leon Naro\u015fi<\/strong> a rostit c\u00e2teva fraze din partea sa \u015fi a Confedera\u0163iei Sindicatelor Democratice din Rom\u00e2nia: <em>M\u0103 \u00eentorc dup\u0103 cinci ani de zile \u00een aceast\u0103 sal\u0103, unde am fost onorat s\u0103 v\u0103 \u00eent\u00e2lnesc, pe o parte dintre dvs., \u015fi s\u0103 m\u0103 bucur din tot sufletul c\u0103 am reu\u015fit, \u00een sf\u00e2r\u015fit, s\u0103 ajung \u00een Basarabia, lucru pe care mi l-am dorit cu mult\u0103 ardoare de c\u00e2nd m\u0103 \u015ftiu. Cu acea ocazie l-am cunoscut pe Grigore Vieru \u015fi am avut o scurt\u0103 prietenie cu dumnealui, discut\u00e2nd atunci foarte multe lucruri despre dvs. \u015ei am \u00een\u0163eles c\u0103 aici m\u0103 aflu tot \u00een \u0163ara mea. C\u00e2nd am traversat prima dat\u0103 Prutul, l-am trecut cu emo\u0163ie, ca dintr-o \u0163ar\u0103 \u00een alt\u0103 \u0163ar\u0103. Vreau s\u0103 v\u0103 spun c\u0103 acum nu am mai avut acela\u015fi sentiment, ci acela c\u0103 am ajuns \u00eentr-un loc drag, unde m\u0103 simt ca acas\u0103. Acestea fiind spuse, vreau s\u0103 v\u0103 transmit salutul Confedera\u0163iei Sindicatelor Democratice din Rom\u00e2nia \u015fi s\u0103 v\u0103 asigur c\u0103 privim cu dragoste \u015fi interes toate ac\u0163iunie dvs., le sus\u0163inem de departe, fiind al\u0103turi cu sufletul, \u015fi v\u0103 \u00eencuraj\u0103m spun\u00e2ndu-v\u0103 c\u0103 sunte\u0163i extraordinari \u00een ceea ce face\u0163i, c\u0103 v-a\u0163i dezvoltat foarte mult \u015fi v\u0103 admir\u0103m pentru consecven\u0163a dvs. \u00een a \u00eenv\u0103\u0163a \u015fi a v\u0103 perfec\u0163iona<\/em>.<\/p>\n\n\n<div class=\"wp-block-image\">\n<figure class=\"alignleft size-full is-resized\"><a href=\"http:\/\/www.slineamt.ro\/apostolul\/wp-content\/uploads\/2023\/06\/04-ap262-foto4.jpg\"><img loading=\"lazy\" decoding=\"async\" src=\"http:\/\/www.slineamt.ro\/apostolul\/wp-content\/uploads\/2023\/06\/04-ap262-foto4.jpg\" alt=\"\" class=\"wp-image-24314\" width=\"321\" height=\"273\" srcset=\"http:\/\/www.slineamt.ro\/apostolul\/wp-content\/uploads\/2023\/06\/04-ap262-foto4.jpg 614w, http:\/\/www.slineamt.ro\/apostolul\/wp-content\/uploads\/2023\/06\/04-ap262-foto4-300x255.jpg 300w, http:\/\/www.slineamt.ro\/apostolul\/wp-content\/uploads\/2023\/06\/04-ap262-foto4-560x476.jpg 560w, http:\/\/www.slineamt.ro\/apostolul\/wp-content\/uploads\/2023\/06\/04-ap262-foto4-260x221.jpg 260w, http:\/\/www.slineamt.ro\/apostolul\/wp-content\/uploads\/2023\/06\/04-ap262-foto4-160x136.jpg 160w\" sizes=\"auto, (max-width: 321px) 100vw, 321px\" \/><\/a><\/figure>\n<\/div>\n\n\n<p>Cu umorul, sim\u0163ul critic \u015fi modestia care \u00eel caracterizeaz\u0103, <strong>Mircea Zaharia<\/strong> a \u00eenceput prin a \u201ejustifica\u201d acordarea premiilor revistei, consider\u00e2nd c\u0103, de\u015fi pare o \u00eendr\u0103zneal\u0103 ca acestea s\u0103 vin\u0103 dintr-un mic ora\u015f cultural precum Piatra-Neam\u0163, c\u0103tre o \u0163ar\u0103 cu justificate aspira\u0163ii europene, totu\u015fi: <em>&#8230; Cred c\u0103 la Piatra-Neam\u0163 avem cele mai multe semafoare pe cap de locuitor din Rom\u00e2nia&#8230; Dar nu de astea ne m\u00e2ndrim noi&#8230; Ne m\u00e2ndrim cu un Teatru \u015fi un Festival de Teatru, cu o Sec\u0163ie a Academiei de Muzic\u0103 din Cluj \u015fi cu un festival \u201eVacan\u0163e muzicale la Piatra-Neam\u0163\u201d, cu un bun Muzeu de Art\u0103 \u015fi cu o Bienal\u0103 de Art\u0103 Plastic\u0103 \u201eLasc\u0103r Vorel\u201d, cu cel mai bogat muzeu de Art\u0103 Eneolitic\u0103 din partea asta de Europ\u0103, cu o Bibliotec\u0103 posesoare a unui fond special de carte constituit de G.T. Kirileanu, ex bibliotecar regal&#8230; Oricum, un loc unde pute\u0163i r\u0103sfoi colec\u0163ia ziarului \u201eTimpul\u201d, din perioada Eminescu. Dar mai presus de orice, g\u0103si\u0163i \u00een Neam\u0163 c\u00e2teva licee de tradi\u0163ie, aflate \u00een topul \u00eenv\u0103\u0163\u0103m\u00e2ntului rom\u00e2nesc: Liceul <\/em>\u015etefan cel Mare<em> \u2013 T\u00e2rgu-Neam\u0163, <\/em>Roman Vod\u0103<em> \u2013 Roman, <\/em>Calistrat Hoga\u015f<em> \u015fi <\/em>Petru Rare\u015f<em> \u2013 Piatra-Neam\u0163<\/em>.<\/p>\n\n\n\n<p>Ceea ce a vrut s\u0103 mai scoat\u0103 \u00een eviden\u0163\u0103 redactorul-\u015fef al revistei a fost c\u0103 nota comun\u0103 a acestor premii este c\u0103 ele nu se decerneaz\u0103 pentru activitatea de la catedr\u0103 \u2013 asta o fac inspectoratele \u015fcolare, ministerul, prim\u0103ria sau partidele politice cu febr\u0103 electoral\u0103 \u2013 ci \u00eencearc\u0103 s\u0103 sesizeze \u015fi s\u0103 puncteze performan\u0163a \u015fi pasiunea dincolo de sala de clas\u0103. <em>\u015ei mi se pare normal ca aceast\u0103 performan\u0163\u0103 s\u0103 fie cunoscut\u0103 cititorilor no\u015ftri chiar din paginile revistei. Iar dac\u0103 ambi\u0163ia acesteia este de a se face purt\u0103torul de cuv\u00e2nt al d\u0103sc\u0103limii de pe ambele maluri ale Prutului, prin punerea \u015fcolii rom\u00e2ne\u015fti \u00een matca ei fireasc\u0103, prin reabilitarea moral\u0103 \u015fi social\u0103 a \u00eentregului corp didactic, aceast\u0103 a V-a edi\u0163ie a Premiilor desf\u0103\u015furat\u0103 la Chi\u015fin\u0103u este dovada c\u0103 \u015fcoala noastr\u0103 are privilegiul de a avea, \u00eenc\u0103, modele de dasc\u0103li care \u00ee\u015fi poart\u0103 cu demnitate pl\u0103cuta povar\u0103 a luminii, a \u00eenv\u0103\u0163\u0103turii, a devenirii. Este o plec\u0103ciune \u00een fa\u0163a unor exemple de excelen\u0163\u0103 \u015fi, mai ales, o surs\u0103 de speran\u0163\u0103 \u015fi optimism pentru Rom\u00e2nia de m\u00e2ine<\/em> \u2013 a completat cel care se afl\u0103 de aproape 25 de ani la c\u00e2rma revistei <em>Apostolul<\/em>.<\/p>\n\n\n<div class=\"wp-block-image\">\n<figure class=\"alignright size-full is-resized\"><a href=\"http:\/\/www.slineamt.ro\/apostolul\/wp-content\/uploads\/2023\/06\/04-ap262-foto5.jpg\"><img loading=\"lazy\" decoding=\"async\" src=\"http:\/\/www.slineamt.ro\/apostolul\/wp-content\/uploads\/2023\/06\/04-ap262-foto5.jpg\" alt=\"\" class=\"wp-image-24315\" width=\"253\" height=\"273\" srcset=\"http:\/\/www.slineamt.ro\/apostolul\/wp-content\/uploads\/2023\/06\/04-ap262-foto5.jpg 378w, http:\/\/www.slineamt.ro\/apostolul\/wp-content\/uploads\/2023\/06\/04-ap262-foto5-278x300.jpg 278w, http:\/\/www.slineamt.ro\/apostolul\/wp-content\/uploads\/2023\/06\/04-ap262-foto5-260x281.jpg 260w, http:\/\/www.slineamt.ro\/apostolul\/wp-content\/uploads\/2023\/06\/04-ap262-foto5-160x173.jpg 160w\" sizes=\"auto, (max-width: 253px) 100vw, 253px\" \/><\/a><\/figure>\n<\/div>\n\n\n<p>Rolul de amfitrioan\u0103 a \u00eent\u00e2lnirii l-a preluat apoi <strong>Nadejda Lavric<\/strong>, vicepre\u015fedinta FSE\u015e, care a \u00eenm\u00e2nat \u015fi premiile, rememor\u00e2nd mai \u00eent\u00e2i \u00eent\u00e2lnirea din Piatra-Neam\u0163 din 2019, ce a marcat o tripl\u0103 s\u0103rb\u0103toare. Consider\u00e2nd premiile revistei <em>Apostolul<\/em> ca un simbol al ac\u0163iunii de promovare a imaginii cadrului didactic, Nadejda Lavric a apreciat calitatea materialelor publicate \u00een revist\u0103, dup\u0103 care a numit prima laureat\u0103: <strong>LILIANA CIUBAT\u00ceI<\/strong> \u2013 <em>pentru excelen\u0163\u0103 \u00een managementul educa\u0163ional \u015fi implicarea rodnic\u0103 \u00een proiecte \u015fi parteneriatele na\u0163ionale \u015fi interna\u0163ionale<\/em>.<\/p>\n\n\n\n<p>Liliana Ciubat\u00eei s-a remarcat ca director al gimnaziului \u201eGrigore Vieru\u201d din Perer\u00eeta, raionul Briceni, iar din elogierea f\u0103cut\u0103 de <strong>Ina Chirilov<\/strong>, cadru didactic la aceea\u015fi \u015fcoal\u0103 am re\u0163inut: &#8230; <em>Nu e lucru u\u015for s\u0103 modelezi materia inefabil\u0103 a min\u0163ii \u015fi s\u0103-i dai o form\u0103, s\u0103 pip\u0103i cu degetele intui\u0163iei harfa sufletului \u015fi s-o faci s\u0103 c\u00e2nte; dar g\u00e2ndi\u0163i-v\u0103 c\u00e2t de complexe sunt lucrurile atunci c\u00e2nd responsabilitatea ta acoper\u0103 grijile unei \u00eentregi institu\u0163ii de \u00eenv\u0103\u0163\u0103m\u00e2nt&#8230; E minunat s\u0103 crezi \u00een ceea ce faci, s\u0103 ai \u00eencredere c\u0103 rezultatul muncii tale va fi bun&#8230; s\u0103 crezi \u00een visul t\u0103u&#8230; pentru c\u0103 el este o r\u0103d\u0103cin\u0103 a viselor celorlal\u0163i. Dna Liliana Ciubat\u00eei este omul care frapeaz\u0103 \u00eenc\u0103 de la prima \u00eent\u00e2lnire. Personalitate complex\u0103, pedagog rafinat \u015fi intelectual lucid, av\u00e2nd \u015fi o ad\u00e2nc\u0103 modestie, ne vorbe\u015fte despre bucuria de a te d\u0103rui nu ca despre o sum\u0103 de dogme abstracte, ci ca despre o realitate pe care o tr\u0103ie\u015fte plenar. De aceea, orice zi petrecut\u0103 cu dumneaei, um\u0103r la um\u0103r, este cu adev\u0103rat o s\u0103rb\u0103toare, o sf\u00e2nt\u0103 \u015fi curat\u0103 \u00eemp\u0103rt\u0103\u015fire de cuv\u00e2nt \u015fi prin cuv\u00e2nt. Datorit\u0103 deschiderii spre noutatea tradi\u0163iei, gimnaziul \u201eGrigore Vieru\u201d reu\u015fe\u015fte s\u0103 ating\u0103 performan\u0163e sub diferite aspecte ale vie\u0163ii \u015fcolare. O dimensiune important\u0103 pe care o urm\u0103re\u015fte dna Liliana este legat\u0103 \u015fi de parteneriatele pe care le are \u00eencheiate institu\u0163ia noastr\u0103, cu scopul de a promova valorile autentice, de a face schimb de idei \u015fi bune practici \u015fi nu \u00een ultimul r\u00e2nd, de a crea premise pentru proiecte care s\u0103 aduc\u0103 acel element de noutate \u00een procesul instructiv-educativ al genera\u0163iilor de ast\u0103zi<\/em>.<\/p>\n\n\n<div class=\"wp-block-image\">\n<figure class=\"alignleft size-full is-resized\"><a href=\"http:\/\/www.slineamt.ro\/apostolul\/wp-content\/uploads\/2023\/06\/04-ap262-foto6.jpg\"><img loading=\"lazy\" decoding=\"async\" src=\"http:\/\/www.slineamt.ro\/apostolul\/wp-content\/uploads\/2023\/06\/04-ap262-foto6.jpg\" alt=\"\" class=\"wp-image-24316\" width=\"243\" height=\"302\" srcset=\"http:\/\/www.slineamt.ro\/apostolul\/wp-content\/uploads\/2023\/06\/04-ap262-foto6.jpg 709w, http:\/\/www.slineamt.ro\/apostolul\/wp-content\/uploads\/2023\/06\/04-ap262-foto6-241x300.jpg 241w, http:\/\/www.slineamt.ro\/apostolul\/wp-content\/uploads\/2023\/06\/04-ap262-foto6-560x696.jpg 560w, http:\/\/www.slineamt.ro\/apostolul\/wp-content\/uploads\/2023\/06\/04-ap262-foto6-260x323.jpg 260w, http:\/\/www.slineamt.ro\/apostolul\/wp-content\/uploads\/2023\/06\/04-ap262-foto6-160x199.jpg 160w\" sizes=\"auto, (max-width: 243px) 100vw, 243px\" \/><\/a><\/figure>\n<\/div>\n\n\n<p>O interven\u0163ie insolit\u0103 a fost aceea a lui <strong>Lilian Ciubat\u00eei<\/strong>, \u00een calitate de so\u0163, cadru didactic \u015fi preot al bisericii din satul Perer\u00eeta. Numindu-\u015fi laudatio c\u0103tre so\u0163ia sa \u201eBucuria de a sluji\u201d, Lilian Ciubat\u00eei \u015fi-a exprimat recuno\u015ftin\u0163a \u00eentru Domnul pentru faptul de a avea a\u015fa o partener\u0103 de via\u0163\u0103, pe care a numit-o o preoteas\u0103 merituoas\u0103, plin\u0103 de r\u0103bdare, o prezen\u0163\u0103 a jertfei \u015fi devotamentului, a dragostei \u015fi a c\u0103ldurii, plin\u0103 de sinceritate, devotament \u015fi smerenie.<\/p>\n\n\n\n<p>Ca o \u00eent\u0103rire a celor spuse de antevorbitori, \u00eencheierea secven\u0163ei dedicate Lilianei Ciubat\u00eei s-a realizat printr-un moment poetic sus\u0163inut de dou\u0103 talentate eleve de la gimnaziul din Perer\u00e2ta \u2013 <strong>Felicia Cebotaru<\/strong> \u015fi <strong>Bianca Blajin<\/strong>, care au recitat poezii dedicate mamei, din lirica lui Grigore Vieru.<\/p>\n\n\n\n<p>&nbsp;Al doilea nume de pe lista laurea\u0163ilor a fost <strong>EUGENIA HALUS<\/strong> \u2013 <em>pentru excelen\u0163\u0103 pedagogic\u0103 \u015fi pentru partea de suflet d\u0103ruit\u0103 promov\u0103rii \u015fcolii rom\u00e2ne\u015fti \u00een st\u00e2nga Nistrului<\/em>.<\/p>\n\n\n\n<p>Pentru a \u00een\u0163elege despre cine vorbim, men\u0163ion\u0103m faptul c\u0103 TVR Moldova a oferit Eugeniei Halus, director al Liceului Teoretic \u201eEvrika\u201d (singura institu\u0163ie cu predare \u00een limba rom\u00e2n\u0103 din ora\u015ful R\u00e2bni\u0163a, regiunea separatist\u0103 Transnistria) \u2013 Premiul pentru performan\u0163\u0103 \u00een educa\u0163ie. \u00cen plus, pentru \u00eentreaga sa activitate a primit cea mai mare distinc\u0163ie a Republicii Moldova \u2013 Ordinul Republicii, iar statul rom\u00e2n i-a acordat Ordinul Meritul pentru \u00eenv\u0103\u0163\u0103m\u00e2nt \u00een grad de ofi\u0163er.<\/p>\n\n\n<div class=\"wp-block-image\">\n<figure class=\"alignright size-full is-resized\"><a href=\"http:\/\/www.slineamt.ro\/apostolul\/wp-content\/uploads\/2023\/06\/04-ap262-foto18.jpg\"><img loading=\"lazy\" decoding=\"async\" src=\"http:\/\/www.slineamt.ro\/apostolul\/wp-content\/uploads\/2023\/06\/04-ap262-foto18.jpg\" alt=\"\" class=\"wp-image-24328\" width=\"406\" height=\"249\" srcset=\"http:\/\/www.slineamt.ro\/apostolul\/wp-content\/uploads\/2023\/06\/04-ap262-foto18.jpg 576w, http:\/\/www.slineamt.ro\/apostolul\/wp-content\/uploads\/2023\/06\/04-ap262-foto18-300x184.jpg 300w, http:\/\/www.slineamt.ro\/apostolul\/wp-content\/uploads\/2023\/06\/04-ap262-foto18-560x344.jpg 560w, http:\/\/www.slineamt.ro\/apostolul\/wp-content\/uploads\/2023\/06\/04-ap262-foto18-260x160.jpg 260w, http:\/\/www.slineamt.ro\/apostolul\/wp-content\/uploads\/2023\/06\/04-ap262-foto18-160x98.jpg 160w\" sizes=\"auto, (max-width: 406px) 100vw, 406px\" \/><\/a><\/figure>\n<\/div>\n\n\n<p>Povestea eroic\u0103 de via\u0163\u0103 \u015fi lupt\u0103 a Eugeniei Halus \u2013 considerat\u0103 un manager \u015fcolar cu o verticalitate extraordinar\u0103, promotor a tot ce este patriotism adev\u0103rat \u2013 a fost rostit\u0103 de <strong>Silvia Stratan<\/strong>, pre\u015fedintele Consiliului Raional Rezina al FSE\u015e: <em>Absolvind facultatea de istorie \u00een 1980 a venit la R\u00e2bni\u0163a, unde a activat ca profesor la \u015ecoala profesional\u0103, pentru ca apoi (\u00een 1989) s\u0103 i se \u00eencredin\u0163eze sarcina de a pune piatra de temelie a unei \u015fcoli cu predare \u00een limba rom\u00e2n\u0103. \u015ei s\u0103 \u015fti\u0163i ca i-a reu\u015fit. Pas cu pas, c\u0103r\u0103mid\u0103 cu c\u0103r\u0103mid\u0103, a devenit un liceu cu renume. D-na Eugenia a reu\u015fit s\u0103 adune \u00een jurul ei un coleciv de oameni dedica\u0163i \u015fi dornici s\u0103 ghideze copiii din st\u00e2nga Nistrului, s\u0103 le insufle dragostea de neam. Calea le-a fost anevoios\u0103, dar au rezistat. \u00cen 2004, autorit\u0103\u0163ile transnistrene au decis s\u0103 \u00eenchid\u0103 institu\u0163iile de \u00eenv\u0103\u0163\u0103m\u00e2nt cu predare \u00een limba rom\u00e2n\u0103 din zon\u0103, dar profesorii \u015fi p\u0103rin\u0163ii au opus rezisten\u0163\u0103. Au \u0163inut \u015fi greva foamei. Unii au fost aresta\u0163i. \u00cen urma protestelor \u015fi presiunilor interna\u0163ionale, \u015fcolile au fost redeschise, dar multe dintre ele au r\u0103mas f\u0103r\u0103 sediu. D-na Eugenia Halus a fost nevoit\u0103 s\u0103 se refugieze la Rezina, unde a stat ascuns\u0103 la prieteni, deoarece era c\u0103utat\u0103 de organele transnistrene. Un grup de angaja\u0163i \u015fi p\u0103rin\u0163i a stat vreo 10 zile \u00een arest la mili\u0163ia din R\u00e2bni\u0163a. Apoi s-a negociat \u00eenchirierea unei gr\u0103dini\u0163e. Condi\u0163iile nu corespund nici pe departe. Dar se depun eforturi mari ca s\u0103 fie posibil\u0103 realizarea activit\u0103\u0163ii institu\u0163iei.<\/em><\/p>\n\n\n<div class=\"wp-block-image\">\n<figure class=\"alignleft size-full is-resized\"><a href=\"http:\/\/www.slineamt.ro\/apostolul\/wp-content\/uploads\/2023\/06\/04-ap262-foto7.jpg\"><img loading=\"lazy\" decoding=\"async\" src=\"http:\/\/www.slineamt.ro\/apostolul\/wp-content\/uploads\/2023\/06\/04-ap262-foto7.jpg\" alt=\"\" class=\"wp-image-24317\" width=\"239\" height=\"275\" srcset=\"http:\/\/www.slineamt.ro\/apostolul\/wp-content\/uploads\/2023\/06\/04-ap262-foto7.jpg 378w, http:\/\/www.slineamt.ro\/apostolul\/wp-content\/uploads\/2023\/06\/04-ap262-foto7-261x300.jpg 261w, http:\/\/www.slineamt.ro\/apostolul\/wp-content\/uploads\/2023\/06\/04-ap262-foto7-260x299.jpg 260w, http:\/\/www.slineamt.ro\/apostolul\/wp-content\/uploads\/2023\/06\/04-ap262-foto7-160x184.jpg 160w\" sizes=\"auto, (max-width: 239px) 100vw, 239px\" \/><\/a><\/figure>\n<\/div>\n\n\n<p><em>Eugenia Halus este un st\u00e2lp al rom\u00e2nismului \u00een st\u00e2nga Nistrului. A men\u0163inut, al\u0103turi de al\u0163i apostoli ai rom\u00e2nismului, o oaz\u0103 de educa\u0163ie rom\u00e2neasc\u0103 \u00een regiune. De 30 de ani, reprezint\u0103 un scut viu \u00een fa\u0163a celor care vor s\u0103 \u015ftearg\u0103 orice urm\u0103 de rom\u00e2nism \u015fi form\u0103 de educa\u0163ie \u00een limba rom\u00e2n\u0103 \u00een Transnistria. \u00cen pofida presiunilor constante din partea autorit\u0103\u0163ilor transnistrene, continu\u0103 s\u0103 apere dreptul copiilor de a studia \u00een limba lui Eminescu<\/em>.<\/p>\n\n\n\n<p>\u015eirul premiilor a continuat cu <strong>VALENTINA BOBOC<\/strong> \u2013 <em>pentru excelen\u0163\u0103 \u00een munca de la catedr\u0103 \u015fi partea de suflet d\u0103ruit\u0103 afirm\u0103rii adev\u0103ratei istorii na\u0163ionale<\/em>. Profesoar\u0103 la Liceului Teoretic \u201ePrincipesa Natalia Dadiani\u201d din Chi\u015fin\u0103u, Valentina Boboc a fost omagiat\u0103 de <strong>Valentina \u0162\u00e2pu<\/strong> \u2013 director al aceleea\u015fi unit\u0103\u0163i \u015fcolare, de <strong>Ana Gheorghi\u0163\u0103<\/strong> \u2013 director de onoare \u015fi de <strong>Margareta S\u00e2rbu<\/strong> \u2013 pre\u015fedintele Consiliului Municipal Chi\u015fin\u0103u al FSE\u015e, care printre altele a spus: <em>Valentina Boboc a fost supranumit\u0103, \u00eentr-un interviu, drept regina istoriei de la \u201ePrincipesa Natalia Dadiani\u201d. F\u0103r\u0103 \u00eendoial\u0103, este un profesor cu har de la Dumnezeu, de aceea i s-a \u015fi conferit titlul de Pedagogul anului 2016. S\u0103 c\u00e2\u015ftigi un asemenea concurs la nivel na\u0163ional, \u00eenseamn\u0103 foarte mult. Iar pedagogii cu o preg\u0103tire excelent\u0103 \u015ftiu acest lucru. Poate c\u0103 \u00eentre timp valorile s-au cam inversat, dar nu \u015fi pentru dna Boboc, care dup\u0103 absolvirea Universit\u0103\u0163ii Pedagogice de Stat \u201eIon Creang\u0103\u201d din municipiul Chi\u015fin\u0103u \u00een anul 1988, probabil, a f\u0103cut un pact cu sine \u2013 s\u0103 se dedice cu trup \u015fi suflet domeniului educa\u0163iei. \u015ei-a \u00eenceput cariera \u00een cadrul \u015ecolii Medii din satul Catran\u00e2c, raionul F\u0103le\u015fti, iar din anul 1992 activeaz\u0103 \u00een cadrul Liceului Teoretic \u201ePrincipesa Natalia Dadiani\u201d din municipiul Chi\u015fin\u0103u. Din 1998 este \u015fef\u0103 a Comisiei metodice de istorie \u015fi \u015ftiin\u0163e socioumane, ceea ce denot\u0103 profesionalismul \u015fi creditul de \u00eencredere pe care i-l dau colegii \u015fi administra\u0163ia, referitor la preg\u0103tirea pe care o are \u00een specialitate. Deoarece nu face lucrurile pe jum\u0103tate, a depus tot efortul pentru a deveni un nume cu greutate \u00een educa\u0163ie. Este \u015fi un ap\u0103r\u0103tor aprins al valorilor democratice \u015fi al drepturilor angaja\u0163ilor din \u00eenv\u0103\u0163\u0103m\u00e2nt. Mai exact, un lider sindical de mare \u00eensemn\u0103tate pentru echipa de pedagogi de la \u015fcoal\u0103 \u015fi, ulterior, la nivel municipal \u015fi na\u0163ional. \u00cen anul 1994 colectivul de colegi i-a dat votul de \u00eencredere pentru a le reprezenta interesele pe rol de pre\u015fedinte al comitetului sindical. Ast\u0103zi, \u00ee\u015fi exercit\u0103 cu \u00eenalt profesionalism aceast\u0103 func\u0163ie, d\u00e2nd dovad\u0103 de corectitudine \u015fi mult caracter<\/em>.<\/p>\n\n\n<div class=\"wp-block-image\">\n<figure class=\"alignright size-full is-resized\"><a href=\"http:\/\/www.slineamt.ro\/apostolul\/wp-content\/uploads\/2023\/06\/04-ap262-foto8.jpg\"><img loading=\"lazy\" decoding=\"async\" src=\"http:\/\/www.slineamt.ro\/apostolul\/wp-content\/uploads\/2023\/06\/04-ap262-foto8.jpg\" alt=\"\" class=\"wp-image-24318\" width=\"255\" height=\"265\" srcset=\"http:\/\/www.slineamt.ro\/apostolul\/wp-content\/uploads\/2023\/06\/04-ap262-foto8.jpg 302w, http:\/\/www.slineamt.ro\/apostolul\/wp-content\/uploads\/2023\/06\/04-ap262-foto8-289x300.jpg 289w, http:\/\/www.slineamt.ro\/apostolul\/wp-content\/uploads\/2023\/06\/04-ap262-foto8-260x270.jpg 260w, http:\/\/www.slineamt.ro\/apostolul\/wp-content\/uploads\/2023\/06\/04-ap262-foto8-160x166.jpg 160w\" sizes=\"auto, (max-width: 255px) 100vw, 255px\" \/><\/a><\/figure>\n<\/div>\n\n\n<p>Momentul dedicat Valentinei Boboc a fost finalizat prin interven\u0163ia plin\u0103 de inocen\u0163\u0103 \u015fi voio\u015fie a copiilor de la Ansamblul vocal <em>Smile Art<\/em>, conduc\u0103tor artistic Nina Toma.<\/p>\n\n\n\n<p>Urm\u0103torul pe list\u0103 a fost <strong>VASILE BA\u015e<\/strong> \u2013 <em>pentru excelen\u0163\u0103 \u00een managementul educa\u0163ional, promovarea tehnologiei viitorului \u015fi performan\u0163a olimpic\u0103 \u00een domeniul informaticii<\/em>.<\/p>\n\n\n\n<p>Laudatio a fost prezentat de <strong>Nadejda Seredovschi<\/strong>, pre\u015fedintele Consiliului Raional Soroca al FSE\u015e \u015fi de <strong>Ghenadie Donos<\/strong>. Am re\u0163inut din acestea c\u0103 Vasile Ba\u015f se consider\u0103 cel mai fericit director, fiind \u00een fruntea Liceului Teoretic \u201eConstantin Stere\u201d din Soroca. Vine din Suceveni, raionul Hliboca, regiunea Cern\u0103u\u0163i, iar studiile \u015fi le-a f\u0103cut la Universitatea de Stat din Tiraspol, facultatea de fizic\u0103 \u015fi matematic\u0103. Masteratul \u00een management educa\u0163ional l-a sus\u0163inut la Universitatea \u201eConstantin Stere\u201d din Chi\u015fin\u0103u. Din 1994 e profesor de informatic\u0103 la liceul \u201eConstantin Stere\u201d din Soroca, iar din 2005 avanseaz\u0103 \u00een func\u0163ia de director al acestei institu\u0163ii. De atunci a reu\u015fit s\u0103 renoveze liceul \u015fi s\u0103 doteze s\u0103lile de clas\u0103 cu tehnic\u0103 performant\u0103, din care merit\u0103 men\u0163ionate urm\u0103toarele: fiecare cadru didactic a primit c\u00e2te un Notebook; \u00een 44 s\u0103li de s\u0103li de clas\u0103 sunt instalate SMART TV, 55\u201d (1m 43 cm); \u00een 6 s\u0103li de clas\u0103 sunt table interactive; dou\u0103 s\u0103li de clas\u0103 sunt dotate cu Display interactiv; \u00een liceu este acoperire Wi-Fi.<\/p>\n\n\n<div class=\"wp-block-image\">\n<figure class=\"alignleft size-full is-resized\"><a href=\"http:\/\/www.slineamt.ro\/apostolul\/wp-content\/uploads\/2023\/06\/04-ap262-foto9.jpg\"><img loading=\"lazy\" decoding=\"async\" src=\"http:\/\/www.slineamt.ro\/apostolul\/wp-content\/uploads\/2023\/06\/04-ap262-foto9.jpg\" alt=\"\" class=\"wp-image-24319\" width=\"442\" height=\"256\" srcset=\"http:\/\/www.slineamt.ro\/apostolul\/wp-content\/uploads\/2023\/06\/04-ap262-foto9.jpg 652w, http:\/\/www.slineamt.ro\/apostolul\/wp-content\/uploads\/2023\/06\/04-ap262-foto9-300x174.jpg 300w, http:\/\/www.slineamt.ro\/apostolul\/wp-content\/uploads\/2023\/06\/04-ap262-foto9-560x325.jpg 560w, http:\/\/www.slineamt.ro\/apostolul\/wp-content\/uploads\/2023\/06\/04-ap262-foto9-260x151.jpg 260w, http:\/\/www.slineamt.ro\/apostolul\/wp-content\/uploads\/2023\/06\/04-ap262-foto9-160x93.jpg 160w\" sizes=\"auto, (max-width: 442px) 100vw, 442px\" \/><\/a><\/figure>\n<\/div>\n\n\n<p><em>Pentru acestea \u015fi multe altele, precum \u015fi pentru nenum\u0103ratele proiecte educa\u0163ionale care s-au soldat cu alte investi\u0163ii serioase, liceul condus de Vasile Ba\u015f este \u00een fruntea sistemului educa\u0163ional sorocean. S\u0103 \u00eenve\u0163i la \u201eConstantin Stere\u201d e un prestigiu, pentru c\u0103 e o institu\u0163ie atractiv\u0103 pentru cei ce fac carte. Aici sunt \u015fcolariza\u0163i 1265 de elevi, inclusiv 130 din satele raionului. \u00cen procesul instructiv-educa\u0163ional sunt implica\u0163i 76 de profesori, dintre care 21 au grad didactic superior \u015fi 19 gradul I. E unicul liceu din Republica Moldova cu un num\u0103r at\u00e2t de mare de profesori cu grade didactice. Are foarte mul\u0163i absolven\u0163i care \u00ee\u015fi urmeaz\u0103 studiile la universit\u0103\u0163i prestigioase din afara \u0163\u0103rii. E meritul \u00eentregului colectiv, condus cu dedica\u0163ie \u015fi entuziasm de c\u0103tre dl Vasile Ba\u015f<\/em> \u2013 a spus Nadejda Seredovschi \u00een interven\u0163ia sa.<\/p>\n\n\n\n<p>\u00cen parada premiilor a urmat cea care conduce din 1996 gimnaziului P\u0103\u015fcani, raionul H\u00e2nce\u015fti, \u015fi anume <strong>ECATERINA\u2008URSU<\/strong> \u2013 <em>pentru excelen\u0163\u0103 \u00een managementul educa\u0163ional, pentru p\u0103strarea tradi\u0163iilor \u015fi afirmarea identit\u0103\u0163ii rom\u00e2ne\u015fti<\/em>.<\/p>\n\n\n<div class=\"wp-block-image\">\n<figure class=\"alignright size-full is-resized\"><a href=\"http:\/\/www.slineamt.ro\/apostolul\/wp-content\/uploads\/2023\/06\/04-ap262-foto10.jpg\"><img loading=\"lazy\" decoding=\"async\" src=\"http:\/\/www.slineamt.ro\/apostolul\/wp-content\/uploads\/2023\/06\/04-ap262-foto10.jpg\" alt=\"\" class=\"wp-image-24320\" width=\"310\" height=\"341\" srcset=\"http:\/\/www.slineamt.ro\/apostolul\/wp-content\/uploads\/2023\/06\/04-ap262-foto10.jpg 447w, http:\/\/www.slineamt.ro\/apostolul\/wp-content\/uploads\/2023\/06\/04-ap262-foto10-273x300.jpg 273w, http:\/\/www.slineamt.ro\/apostolul\/wp-content\/uploads\/2023\/06\/04-ap262-foto10-260x286.jpg 260w, http:\/\/www.slineamt.ro\/apostolul\/wp-content\/uploads\/2023\/06\/04-ap262-foto10-160x176.jpg 160w\" sizes=\"auto, (max-width: 310px) 100vw, 310px\" \/><\/a><\/figure>\n<\/div>\n\n\n<p>Cuvintele de laud\u0103 au venit din partea <strong>Valentinei Tonu<\/strong> \u2013 \u015fef al Direc\u0163iei Educa\u0163ie din H\u00e2nce\u015fti \u015fi a <strong>Anei Cimpoie\u015fu<\/strong>, pre\u015fedinta Consiliului Raional H\u00e2nce\u015fti a FSE\u015e. Din cuv\u00e2ntarea acesteia din urm\u0103 am re\u0163inut c\u0103 Ecaterina Ursu \u2013 <em>dup\u0103 absolvirea \u015fcolii din sat se vedea profesoar\u0103 de litere. Citea mult, iubea cartea, studia mereu \u015fi \u00ee\u015fi dorea s\u0103-i \u00eenve\u0163e carte \u015fi pe al\u0163ii. Pedagogia \u00eei era aspira\u0163ia! Iar Universitatea de Stat din Chi\u015fin\u0103u i-a fost baza ascensiunii \u00een profesie. S-a \u00eentors \u00een satul natal \u00een 1985, \u00een calitate de profesoar\u0103 de limb\u0103 \u015fi literatur\u0103 matern\u0103. \u00cei place s\u0103 predea lec\u0163ii. \u00cei place procesul \u00een sine! Resimte o enorm\u0103 satisfac\u0163ie moral\u0103, c\u00e2nd elevii ob\u0163in rezultate bune la evalu\u0103ri. \u0162ara are nevoie de oameni c\u0103rturari! Ob\u0163ine rezultate remarcabile \u00eempreun\u0103 cu elevii la diferite concursuri raionale la limba rom\u00e2n\u0103. E o boieroaic\u0103 a cuv\u00e2ntului, dup\u0103 cum a numit-o Anatol Moraru, colegul nostru de la B\u0103l\u0163i, dup\u0103 ce a vizionat filmule\u0163ul \u201eScrisoare de la profesori\u201d, despre via\u0163a \u015fi provoc\u0103rile acestora la sate.<\/em><\/p>\n\n\n\n<p><em>&nbsp;Cartea de vizit\u0103 a gimnaziului, a satului, dar \u015fi a raionului H\u00e2nce\u015fti, o reprezint\u0103 activitatea ansamblului folcloric \u201ePe un picior de plai\u201d, \u00eenfiin\u0163at \u00een anul 1985 (odat\u0103 cu venirea dnei Ursu \u00een func\u0163ie de profesor \u00een \u015fcoala natal\u0103), care a devenit ulterior o forma\u0163ie de succes, ob\u0163in\u00e2nd onorificul titlu de colectiv-model din 1987, confirmat totdeauna, o dat\u0103 la cinci ani. Ansamblul este un veridic promotor al folclorului autentic, interpret\u00e2nd dansuri \u015fi c\u00e2ntece culese de la vatr\u0103.<\/em><\/p>\n\n\n<div class=\"wp-block-image\">\n<figure class=\"alignleft size-full is-resized\"><a href=\"http:\/\/www.slineamt.ro\/apostolul\/wp-content\/uploads\/2023\/06\/04-ap262-foto11.jpg\"><img loading=\"lazy\" decoding=\"async\" src=\"http:\/\/www.slineamt.ro\/apostolul\/wp-content\/uploads\/2023\/06\/04-ap262-foto11.jpg\" alt=\"\" class=\"wp-image-24321\" width=\"392\" height=\"257\" srcset=\"http:\/\/www.slineamt.ro\/apostolul\/wp-content\/uploads\/2023\/06\/04-ap262-foto11.jpg 541w, http:\/\/www.slineamt.ro\/apostolul\/wp-content\/uploads\/2023\/06\/04-ap262-foto11-300x197.jpg 300w, http:\/\/www.slineamt.ro\/apostolul\/wp-content\/uploads\/2023\/06\/04-ap262-foto11-260x171.jpg 260w, http:\/\/www.slineamt.ro\/apostolul\/wp-content\/uploads\/2023\/06\/04-ap262-foto11-160x105.jpg 160w\" sizes=\"auto, (max-width: 392px) 100vw, 392px\" \/><\/a><\/figure>\n<\/div>\n\n\n<p>\u00centr-adev\u0103r, spre deliciul publicului, ansamblul folcloric cu pricina a oferit un program de dansuri \u015fi c\u00e2ntece care a sensibilizat inimile spectatorilor prin limbajul expresiv, caracteristic c\u00e2ntecului \u015fi dansului rom\u00e2nesc, din care nu au lipsit: <em>\u015eaierul<\/em>, <em>Frunza nucului<\/em>, <em>Ra\u0163a<\/em>, s\u00e2rbe \u015fi hore de la P\u0103\u015fcani, dar \u015fi c\u00e2ntece vechi de recru\u0163i, de joc, de glum\u0103.<\/p>\n\n\n\n<p>F\u0103r\u0103 s\u0103 fie o surpriz\u0103, a fost premiat\u0103 \u00een final o personalitate unanim apreciat\u0103: <strong>ANGELINA BEGU<\/strong> \u2013 <em>pentru partea de suflet d\u0103ruit\u0103 Revistei <\/em><strong>Apostolul<\/strong><em>, pentru promovarea culturii \u015fi valorilor \u015fcolii rom\u00e2ne\u015fti pe ambele maluri ale Prutului<\/em>.<\/p>\n\n\n<div class=\"wp-block-image\">\n<figure class=\"alignright size-full\"><a href=\"http:\/\/www.slineamt.ro\/apostolul\/wp-content\/uploads\/2023\/06\/04-ap262-foto12.jpg\"><img loading=\"lazy\" decoding=\"async\" width=\"254\" height=\"369\" src=\"http:\/\/www.slineamt.ro\/apostolul\/wp-content\/uploads\/2023\/06\/04-ap262-foto12.jpg\" alt=\"\" class=\"wp-image-24322\" srcset=\"http:\/\/www.slineamt.ro\/apostolul\/wp-content\/uploads\/2023\/06\/04-ap262-foto12.jpg 254w, http:\/\/www.slineamt.ro\/apostolul\/wp-content\/uploads\/2023\/06\/04-ap262-foto12-207x300.jpg 207w, http:\/\/www.slineamt.ro\/apostolul\/wp-content\/uploads\/2023\/06\/04-ap262-foto12-160x232.jpg 160w\" sizes=\"auto, (max-width: 254px) 100vw, 254px\" \/><\/a><\/figure>\n<\/div>\n\n\n<p>A fost un prilej pentru Mircea Zaharia de a se exprima din nou, \u00een stilul s\u0103u caracteristic: <em>Pentru \u00eenceput \u00eemi permit s\u0103-mi exprim admira\u0163ia pentru interven\u0163iile doamnelor \u015fi domnilor care au sus\u0163inut laudatio pentru premian\u0163ii de p\u00e2n\u0103 acum. M\u0103 al\u0103tur \u015fi eu celor care i-au aplaudat din toat\u0103 inima \u015fi-mi doresc ca acest premiu s\u0103 \u00eensemne ceva pentru activitatea viitoare a acestor personalit\u0103\u0163i: nu-mi dep\u0103\u015fesc atribu\u0163iile \u015fi nu dau sfaturi \u2013 fiecare \u015ftie cel mai bine ce are de f\u0103cut.<\/em><\/p>\n\n\n<div class=\"wp-block-image\">\n<figure class=\"alignleft size-full is-resized\"><a href=\"http:\/\/www.slineamt.ro\/apostolul\/wp-content\/uploads\/2023\/06\/04-ap262-foto13.jpg\"><img loading=\"lazy\" decoding=\"async\" src=\"http:\/\/www.slineamt.ro\/apostolul\/wp-content\/uploads\/2023\/06\/04-ap262-foto13.jpg\" alt=\"\" class=\"wp-image-24323\" width=\"312\" height=\"273\" srcset=\"http:\/\/www.slineamt.ro\/apostolul\/wp-content\/uploads\/2023\/06\/04-ap262-foto13.jpg 518w, http:\/\/www.slineamt.ro\/apostolul\/wp-content\/uploads\/2023\/06\/04-ap262-foto13-300x263.jpg 300w, http:\/\/www.slineamt.ro\/apostolul\/wp-content\/uploads\/2023\/06\/04-ap262-foto13-260x228.jpg 260w, http:\/\/www.slineamt.ro\/apostolul\/wp-content\/uploads\/2023\/06\/04-ap262-foto13-160x140.jpg 160w\" sizes=\"auto, (max-width: 312px) 100vw, 312px\" \/><\/a><\/figure>\n<\/div>\n\n\n<p><em>\u00cen ceea ce o prive\u015fte pe doamna Angelina Begu, sunt convins c\u0103 marea majoritate dintre dvs. o cunosc mult mai bine dec\u00e2t mine, c\u0103 \u00eei respecta\u0163i profesionalismul \u015fi roadele activit\u0103\u0163ii, \u015fi c\u0103 la Chi\u015fin\u0103u e privit\u0103 cu dragoste \u015fi respect. Tot cu dragoste \u015fi respect o privim \u015fi noi, \u00eens\u0103 nu prea mult ca s\u0103 nu se supere dl Begu. Adev\u0103rul e c\u0103, de vreo \u015fapte ani de c\u00e2nd lucr\u0103m \u00eempreun\u0103, s-a implicat cu promptitudine \u015fi eficien\u0163\u0103 \u00een ac\u0163iunile \u00eentreprinse de Sindicatul din \u00eenv\u0103\u0163\u0103m\u00e2ntul nem\u0163ean \u015fi Federa\u0163ia dvs \u2013 mai ales \u00een s\u0103rb\u0103torirea Centenarului Unirii \u2013 \u015fi c\u0103, din februarie 2019, de c\u00e2nd a devenit redactor-\u015fef adjunct al revistei, gazet\u0103ria ei r\u0103spunde celor dou\u0103 criterii cerute de Caragiale: cinste \u015fi gramatic\u0103. E un lucru care nu trebuie doar aplaudat, ci \u015fi premiat<\/em>.<\/p>\n\n\n<div class=\"wp-block-image\">\n<figure class=\"alignright size-full is-resized\"><a href=\"http:\/\/www.slineamt.ro\/apostolul\/wp-content\/uploads\/2023\/06\/04-ap262-foto19.jpg\"><img loading=\"lazy\" decoding=\"async\" src=\"http:\/\/www.slineamt.ro\/apostolul\/wp-content\/uploads\/2023\/06\/04-ap262-foto19.jpg\" alt=\"\" class=\"wp-image-24329\" width=\"304\" height=\"430\" srcset=\"http:\/\/www.slineamt.ro\/apostolul\/wp-content\/uploads\/2023\/06\/04-ap262-foto19.jpg 347w, http:\/\/www.slineamt.ro\/apostolul\/wp-content\/uploads\/2023\/06\/04-ap262-foto19-212x300.jpg 212w, http:\/\/www.slineamt.ro\/apostolul\/wp-content\/uploads\/2023\/06\/04-ap262-foto19-260x368.jpg 260w, http:\/\/www.slineamt.ro\/apostolul\/wp-content\/uploads\/2023\/06\/04-ap262-foto19-160x226.jpg 160w\" sizes=\"auto, (max-width: 304px) 100vw, 304px\" \/><\/a><\/figure>\n<\/div>\n\n\n<p>Din partea FSE\u015e, <strong>Ghenadie Donos<\/strong> a mai \u00eenm\u00e2nat c\u00e2teva premii, dup\u0103 cum urmeaz\u0103:<\/p>\n\n\n\n<p><strong>Gabriel PLOSC\u0102<\/strong> \u2013 <em>\u00een semn de pre\u0163uire \u015fi mul\u0163umire pentru deschiderea sufleteasc\u0103 c\u0103tre fra\u0163ii de peste Prut<\/em>; <strong>Mircea ZAHARIA<\/strong> \u2013 <em>pentru truda inspirat\u0103 de zi cu zi asupra revistei \u015fi eforturile depuse ca \u201eApostolul\u201d s\u0103 treac\u0103 Prutul<\/em>; <strong>Ramona-Mihaela RO\u015eU<\/strong> \u2013 <em>pentru presta\u0163ia deosebit\u0103 la livrarea trainingului \u201eFormarea continu\u0103 a adul\u0163ilor. Particularit\u0103\u0163ile \u015fi motiva\u0163ia \u00eenv\u0103\u0163\u0103rii la adul\u0163i\u201d, 23-24 martie 2023<\/em>; <strong>Ion \u015eTEF\u0102NI\u0162\u0102<\/strong>, muzeograf, expert \u00een patrimoniu \u2013 <em>pentru eforturile considerabile \u00eentru p\u0103strarea valorilor na\u0163ionale \u015fi disponibilitatea de colaborare cu Federa\u0163ia Sindical\u0103 a Educa\u0163iei \u015fi \u015etiin\u0163ei<\/em>.<\/p>\n\n\n<div class=\"wp-block-image\">\n<figure class=\"alignleft size-full is-resized\"><a href=\"http:\/\/www.slineamt.ro\/apostolul\/wp-content\/uploads\/2023\/06\/04-ap262-foto14.jpg\"><img loading=\"lazy\" decoding=\"async\" src=\"http:\/\/www.slineamt.ro\/apostolul\/wp-content\/uploads\/2023\/06\/04-ap262-foto14.jpg\" alt=\"\" class=\"wp-image-24324\" width=\"368\" height=\"209\" srcset=\"http:\/\/www.slineamt.ro\/apostolul\/wp-content\/uploads\/2023\/06\/04-ap262-foto14.jpg 652w, http:\/\/www.slineamt.ro\/apostolul\/wp-content\/uploads\/2023\/06\/04-ap262-foto14-300x170.jpg 300w, http:\/\/www.slineamt.ro\/apostolul\/wp-content\/uploads\/2023\/06\/04-ap262-foto14-560x318.jpg 560w, http:\/\/www.slineamt.ro\/apostolul\/wp-content\/uploads\/2023\/06\/04-ap262-foto14-260x148.jpg 260w, http:\/\/www.slineamt.ro\/apostolul\/wp-content\/uploads\/2023\/06\/04-ap262-foto14-160x91.jpg 160w\" sizes=\"auto, (max-width: 368px) 100vw, 368px\" \/><\/a><\/figure>\n<\/div>\n\n\n<p>Pentru noi, musafirii din Rom\u00e2nia, \u00eencheierea galei nu a \u00eensemnat sf\u00e2r\u015fitul acestei \u00eent\u00e2mpl\u0103ri minunate, ci ne-am bucurat \u00een continuare de proverbiala ospitalitate moldoveneasc\u0103, am f\u0103cut un tur al ora\u015fului Chi\u015fin\u0103u, ghida\u0163i de muzeograful Ion \u015etef\u0103ni\u0163\u0103, caracterizat de o extraordinar\u0103 dragoste pentru locurile prezentate, dup\u0103 care, seara ne-a prins la Teatrul Na\u0163ional \u201eMihai Eminescu\u201d, unde am vizionat savuroasa pies\u0103 a lui Victor Ion Popa <em>Tache, Ianche \u015fi Cad\u00e2r<\/em>, \u00eentr-o excelent\u0103 distribu\u0163ie. \u015ei ziua de 19 mai a fost plin\u0103 de impresii pozitive, eviden\u0163iindu-se dou\u0103 evenimente deosebite: formarea sindical\u0103 realizat\u0103 de Ioan Leon Naro\u015fi \u015fi o vizita \u00een \u00eemprejurimile Chi\u015fin\u0103ului.<\/p>\n\n\n<div class=\"wp-block-image\">\n<figure class=\"alignright size-full is-resized\"><a href=\"http:\/\/www.slineamt.ro\/apostolul\/wp-content\/uploads\/2023\/06\/04-ap262-foto15.jpg\"><img loading=\"lazy\" decoding=\"async\" src=\"http:\/\/www.slineamt.ro\/apostolul\/wp-content\/uploads\/2023\/06\/04-ap262-foto15.jpg\" alt=\"\" class=\"wp-image-24325\" width=\"296\" height=\"261\" srcset=\"http:\/\/www.slineamt.ro\/apostolul\/wp-content\/uploads\/2023\/06\/04-ap262-foto15.jpg 376w, http:\/\/www.slineamt.ro\/apostolul\/wp-content\/uploads\/2023\/06\/04-ap262-foto15-300x264.jpg 300w, http:\/\/www.slineamt.ro\/apostolul\/wp-content\/uploads\/2023\/06\/04-ap262-foto15-260x229.jpg 260w, http:\/\/www.slineamt.ro\/apostolul\/wp-content\/uploads\/2023\/06\/04-ap262-foto15-160x141.jpg 160w\" sizes=\"auto, (max-width: 296px) 100vw, 296px\" \/><\/a><\/figure>\n<\/div>\n\n\n<p>Am plecat spre Piatra-Neam\u0163 \u00een diminea\u0163a zilei de 20 mai, \u015fi lu\u00eendu-ne r\u0103mas bun de la cei care ne-au omenit cu at\u00e2ta generozitate, am surprins un ultim g\u00e2nd din partea dlui Ghenadie Donos: <em>A fost o activitate pe m\u0103sura a\u015ftept\u0103rilor noastre, de\u015fi \u2013 dac\u0103 ar fi s\u0103 fiu foarte sincer \u2013 pe alocuri acestea au fost dep\u0103\u015fite, \u00een sensul c\u0103 a fost o atmosfer\u0103 foarte cald\u0103, prieteneasc\u0103. \u00cen partea oficial\u0103 a \u00eent\u00e2lnirii, m\u0103 bucur s\u0103 spun c\u0103 am pus \u00een valoare pedagogii no\u015ftri \u015fi sunt \u00eenc\u00e2ntat c\u0103 edi\u0163ia a V-a s-a orientat spre noi. \u015ei poate n-ar fi r\u0103u s\u0103 continu\u0103m aceast\u0103 ini\u0163iativ\u0103&#8230;<\/em><\/p>\n\n\n<div class=\"wp-block-image\">\n<figure class=\"alignleft size-full is-resized\"><a href=\"http:\/\/www.slineamt.ro\/apostolul\/wp-content\/uploads\/2023\/06\/04-ap262-foto16.jpg\"><img loading=\"lazy\" decoding=\"async\" src=\"http:\/\/www.slineamt.ro\/apostolul\/wp-content\/uploads\/2023\/06\/04-ap262-foto16.jpg\" alt=\"\" class=\"wp-image-24326\" width=\"388\" height=\"246\" srcset=\"http:\/\/www.slineamt.ro\/apostolul\/wp-content\/uploads\/2023\/06\/04-ap262-foto16.jpg 577w, http:\/\/www.slineamt.ro\/apostolul\/wp-content\/uploads\/2023\/06\/04-ap262-foto16-300x190.jpg 300w, http:\/\/www.slineamt.ro\/apostolul\/wp-content\/uploads\/2023\/06\/04-ap262-foto16-560x355.jpg 560w, http:\/\/www.slineamt.ro\/apostolul\/wp-content\/uploads\/2023\/06\/04-ap262-foto16-260x165.jpg 260w, http:\/\/www.slineamt.ro\/apostolul\/wp-content\/uploads\/2023\/06\/04-ap262-foto16-160x101.jpg 160w\" sizes=\"auto, (max-width: 388px) 100vw, 388px\" \/><\/a><\/figure>\n<\/div>\n\n\n<p><em>Dar ceea ce m-a impresionat \u015fi mai mult, dincolo de festivitatea premierii, au fost acele schimburi de opinii, de g\u00e2nduri, de bune practici \u00eentre dou\u0103 organiza\u0163ii sindicale fr\u0103\u0163e\u015fti. Acestea sunt cu at\u00e2t mai relevante \u015fi mai importante ca experien\u0163\u0103, cu c\u00e2t noi ne afl\u0103m \u00een faza preader\u0103rii la Uniunea European\u0103 \u015fi sunt percepute de noi ca ni\u015fte repere de care trebuie s\u0103 \u0163inem cont \u00een continuare. La r\u00e2ndul nostru ne-am exprimat solidaritatea cu profesorii din Rom\u00e2nia, \u00een aceast\u0103 perioad\u0103 de criz\u0103 pe care o traverseaz\u0103.<\/em><\/p>\n\n\n<div class=\"wp-block-image\">\n<figure class=\"alignright size-full is-resized\"><a href=\"http:\/\/www.slineamt.ro\/apostolul\/wp-content\/uploads\/2023\/06\/04-ap262-foto17.jpg\"><img loading=\"lazy\" decoding=\"async\" src=\"http:\/\/www.slineamt.ro\/apostolul\/wp-content\/uploads\/2023\/06\/04-ap262-foto17.jpg\" alt=\"\" class=\"wp-image-24327\" width=\"252\" height=\"316\" srcset=\"http:\/\/www.slineamt.ro\/apostolul\/wp-content\/uploads\/2023\/06\/04-ap262-foto17.jpg 391w, http:\/\/www.slineamt.ro\/apostolul\/wp-content\/uploads\/2023\/06\/04-ap262-foto17-239x300.jpg 239w, http:\/\/www.slineamt.ro\/apostolul\/wp-content\/uploads\/2023\/06\/04-ap262-foto17-260x326.jpg 260w, http:\/\/www.slineamt.ro\/apostolul\/wp-content\/uploads\/2023\/06\/04-ap262-foto17-160x201.jpg 160w\" sizes=\"auto, (max-width: 252px) 100vw, 252px\" \/><\/a><\/figure>\n<\/div>\n\n\n<p><em>Ce pot spune despre colegii din Piatra-Neam\u0163? Suntem deja \u00een al \u015faptelea an de colaborare, cu ac\u0163iuni concrete \u015fi fructuoase, lipsite de formalism, \u015fi a\u015f exemplifica aici doar cu ac\u0163iunile de formare sindical\u0103 realizate de dna Ramona-Mihaela Ro\u015fu \u015fi dl Gabriel Plosc\u0103. Mult\u0103 lume vorbe\u015fte despre unire \u015fi rela\u0163ii fr\u0103\u0163e\u015fti&#8230; la noi se vorbe\u015fte mai pu\u0163in despre acest lucru, dar eu personal simt aceast\u0103 apropiere \u015fi practic, prin activit\u0103\u0163ile sindicale \u015fi dubla redac\u0163ie a revistei Apostolul \u2013 am realizat UNIREA<\/em>.<\/p>\n\n\n\n<p><strong><em>A consemnat Gianina BURUIAN\u0102<\/em><\/strong><\/p>\n\n\n\n<p><\/p>\n\n\n\n<p><\/p>\n\n\n\n<p><\/p>\n\n\n<div class=\"wp-block-image\">\n<figure class=\"aligncenter size-full\"><a href=\"http:\/\/www.slineamt.ro\/apostolul\/wp-content\/uploads\/2023\/06\/04-ap262-foto21.jpg\"><img loading=\"lazy\" decoding=\"async\" width=\"368\" height=\"526\" src=\"http:\/\/www.slineamt.ro\/apostolul\/wp-content\/uploads\/2023\/06\/04-ap262-foto21.jpg\" alt=\"\" class=\"wp-image-24331\" srcset=\"http:\/\/www.slineamt.ro\/apostolul\/wp-content\/uploads\/2023\/06\/04-ap262-foto21.jpg 368w, http:\/\/www.slineamt.ro\/apostolul\/wp-content\/uploads\/2023\/06\/04-ap262-foto21-210x300.jpg 210w, http:\/\/www.slineamt.ro\/apostolul\/wp-content\/uploads\/2023\/06\/04-ap262-foto21-260x372.jpg 260w, http:\/\/www.slineamt.ro\/apostolul\/wp-content\/uploads\/2023\/06\/04-ap262-foto21-160x229.jpg 160w\" sizes=\"auto, (max-width: 368px) 100vw, 368px\" \/><\/a><\/figure>\n<\/div>","protected":false},"excerpt":{"rendered":"<p>Anul acesta, cu mare \u00eenc\u00e2ntare, cu mare bucurie, decernarea premiilor revistei Apostolul, edi\u0163ia a V-a, s-a desf\u0103\u015furat \u00een cealalt\u0103 Moldov\u0103, laurii \u00eendrept\u00e2ndu-se c\u0103tre unii dintre cei mai aprecia\u0163i slujitori ai catedrei de aici. Iat\u0103-ne deci, 18 mai 2023, la Institutul&hellip;<\/p>\n<p class=\"more-link-p\"><a class=\"more-link\" href=\"http:\/\/www.slineamt.ro\/apostolul\/eveniment\/premiile-revistei-apostolul-trec-prutul\/\">Read more &rarr;<\/a><\/p>\n","protected":false},"author":1,"featured_media":0,"comment_status":"open","ping_status":"closed","sticky":false,"template":"","format":"standard","meta":{"footnotes":""},"categories":[18,472],"tags":[],"class_list":["post-24310","post","type-post","status-publish","format-standard","hentry","category-eveniment","category-numarul-262"],"_links":{"self":[{"href":"http:\/\/www.slineamt.ro\/apostolul\/wp-json\/wp\/v2\/posts\/24310","targetHints":{"allow":["GET"]}}],"collection":[{"href":"http:\/\/www.slineamt.ro\/apostolul\/wp-json\/wp\/v2\/posts"}],"about":[{"href":"http:\/\/www.slineamt.ro\/apostolul\/wp-json\/wp\/v2\/types\/post"}],"author":[{"embeddable":true,"href":"http:\/\/www.slineamt.ro\/apostolul\/wp-json\/wp\/v2\/users\/1"}],"replies":[{"embeddable":true,"href":"http:\/\/www.slineamt.ro\/apostolul\/wp-json\/wp\/v2\/comments?post=24310"}],"version-history":[{"count":4,"href":"http:\/\/www.slineamt.ro\/apostolul\/wp-json\/wp\/v2\/posts\/24310\/revisions"}],"predecessor-version":[{"id":24335,"href":"http:\/\/www.slineamt.ro\/apostolul\/wp-json\/wp\/v2\/posts\/24310\/revisions\/24335"}],"wp:attachment":[{"href":"http:\/\/www.slineamt.ro\/apostolul\/wp-json\/wp\/v2\/media?parent=24310"}],"wp:term":[{"taxonomy":"category","embeddable":true,"href":"http:\/\/www.slineamt.ro\/apostolul\/wp-json\/wp\/v2\/categories?post=24310"},{"taxonomy":"post_tag","embeddable":true,"href":"http:\/\/www.slineamt.ro\/apostolul\/wp-json\/wp\/v2\/tags?post=24310"}],"curies":[{"name":"wp","href":"https:\/\/api.w.org\/{rel}","templated":true}]}}