{"id":24404,"date":"2023-07-25T16:54:31","date_gmt":"2023-07-25T16:54:31","guid":{"rendered":"http:\/\/www.slineamt.ro\/apostolul\/?p=24404"},"modified":"2023-07-25T16:54:31","modified_gmt":"2023-07-25T16:54:31","slug":"sonoritati-estivale-la-piatra-neamt","status":"publish","type":"post","link":"http:\/\/www.slineamt.ro\/apostolul\/eveniment\/sonoritati-estivale-la-piatra-neamt\/","title":{"rendered":"Sonorit\u0103\u0163i estivale la Piatra-Neam\u0163"},"content":{"rendered":"<div class=\"wp-block-image\">\n<figure class=\"alignleft size-full is-resized\"><a href=\"http:\/\/www.slineamt.ro\/apostolul\/wp-content\/uploads\/2023\/07\/17-ap263-foto1-sigla-Vacante-Muzicale.jpg\"><img loading=\"lazy\" decoding=\"async\" src=\"http:\/\/www.slineamt.ro\/apostolul\/wp-content\/uploads\/2023\/07\/17-ap263-foto1-sigla-Vacante-Muzicale.jpg\" alt=\"\" class=\"wp-image-24405\" width=\"422\" height=\"238\" srcset=\"http:\/\/www.slineamt.ro\/apostolul\/wp-content\/uploads\/2023\/07\/17-ap263-foto1-sigla-Vacante-Muzicale.jpg 454w, http:\/\/www.slineamt.ro\/apostolul\/wp-content\/uploads\/2023\/07\/17-ap263-foto1-sigla-Vacante-Muzicale-300x169.jpg 300w, http:\/\/www.slineamt.ro\/apostolul\/wp-content\/uploads\/2023\/07\/17-ap263-foto1-sigla-Vacante-Muzicale-260x147.jpg 260w, http:\/\/www.slineamt.ro\/apostolul\/wp-content\/uploads\/2023\/07\/17-ap263-foto1-sigla-Vacante-Muzicale-160x90.jpg 160w\" sizes=\"auto, (max-width: 422px) 100vw, 422px\" \/><\/a><\/figure>\n<\/div>\n\n\n<p><strong>Festivalul Interna\u0163ional Vacan\u0163e Muzicale, 2-8 iulie 2023<\/strong><\/p>\n\n\n\n<p>Festivalul interna\u0163ional <em>Vacan\u0163e Muzicale<\/em>, ajuns anul acesta la edi\u0163ia a patruzeci \u015fi opta, s-a desf\u0103\u015furat \u00een perioada 2-8 iulie \u015fi a reunit \u00eentr-un mix de succes eforturile mai multor institu\u0163ii \u015fi personalit\u0103\u0163i, pentru ca muzicienii s\u0103 aib\u0103 un cadru \u015fi o atmosfer\u0103 propice pentru a-\u015fi etala talentul.<\/p>\n\n\n\n<p>A\u015fa cum suntem obi\u015fnui\u0163i de mult\u0103 vreme, organizatorul festivalului a fost Centrul pentru Cultur\u0103 \u015fi Arte \u201eCarmen Saeculare\u201d, finan\u0163atorul principal \u2013 Consiliul Jude\u0163ean Neam\u0163 la care se adaug\u0103 \u015fi Ministerul Culturii, partenerul principal fiind Prim\u0103ria Municipiului Piatra-Neam\u0163. Ca un semn al notoriet\u0103\u0163ii la care a ajuns, cele dou\u0103 spectacole, de deschidere \u015fi \u00eenchidere, au fost preluate de televiziuni importante precum TVR Interna\u0163ional, TVR Cultural, TVR Ia\u015fi, TV Moldova.<\/p>\n\n\n\n<p><strong>Duminic\u0103, 2 iulie, ora 21 \u2013 Curtea Domneasc\u0103<\/strong><\/p>\n\n\n<div class=\"wp-block-image\">\n<figure class=\"alignright size-full is-resized\"><a href=\"http:\/\/www.slineamt.ro\/apostolul\/wp-content\/uploads\/2023\/07\/17-ap263-foto2-Deschiderea-oficiala.jpg\"><img loading=\"lazy\" decoding=\"async\" src=\"http:\/\/www.slineamt.ro\/apostolul\/wp-content\/uploads\/2023\/07\/17-ap263-foto2-Deschiderea-oficiala.jpg\" alt=\"\" class=\"wp-image-24406\" width=\"400\" height=\"249\" srcset=\"http:\/\/www.slineamt.ro\/apostolul\/wp-content\/uploads\/2023\/07\/17-ap263-foto2-Deschiderea-oficiala.jpg 697w, http:\/\/www.slineamt.ro\/apostolul\/wp-content\/uploads\/2023\/07\/17-ap263-foto2-Deschiderea-oficiala-300x187.jpg 300w, http:\/\/www.slineamt.ro\/apostolul\/wp-content\/uploads\/2023\/07\/17-ap263-foto2-Deschiderea-oficiala-560x349.jpg 560w, http:\/\/www.slineamt.ro\/apostolul\/wp-content\/uploads\/2023\/07\/17-ap263-foto2-Deschiderea-oficiala-260x162.jpg 260w, http:\/\/www.slineamt.ro\/apostolul\/wp-content\/uploads\/2023\/07\/17-ap263-foto2-Deschiderea-oficiala-160x100.jpg 160w\" sizes=\"auto, (max-width: 400px) 100vw, 400px\" \/><\/a><\/figure>\n<\/div>\n\n\n<p>Aceasta a fost seara de debut, \u015fi nu oricum, ci cu un concert simfonic de excep\u0163ie sus\u0163inut de Orchestra Filarmonicii Na\u0163ionale \u201eSerghei Lunchevici\u201d din Chi\u015fin\u0103u, condus\u0103 de <strong>Mihail Agafi\u0163a<\/strong>, cu participarea piani\u015ftilor <strong>Daniel Ciobanu<\/strong> \u015fi <strong>Ioana Cristina Andreescu<\/strong>.<\/p>\n\n\n\n<p>\u00cenainte de reprezenta\u0163ia muzical\u0103 am avut pl\u0103cerea re\u00eent\u00e2lnirii pentru un scurt discurs cu pre\u015fedintele Consiliului Jude\u0163ean Neam\u0163 \u2013 <strong>Ion Asaftei<\/strong>, cu directorul artistic al manifest\u0103rii \u2013 conf. univ. dr. <strong>Mihaela Spiridon<\/strong> \u015fi cu managerul Centrului pentru Cultur\u0103 \u015fi Arte \u201eCarmen Saeculare\u201d \u2013 <strong>Carmen N\u0103stas\u0103<\/strong>.<\/p>\n\n\n\n<p>Spectacolul a \u00eenceput cu o surpriz\u0103 oferit\u0103 de dl profesor <strong>Ionel Ceobanu<\/strong>, de la Liceul de Arte \u201eVictor Brauner\u201d, care, dup\u0103 o carier\u0103 didactic\u0103 de peste 40 de ani a dovedit c\u0103 are \u015fi surprinz\u0103toare abilit\u0103\u0163i componistice, oferindu-ne \u00een prim\u0103 audi\u0163ie lucrarea muzical\u0103 \u201eTurnul lui \u015etefan cel Mare\u201d, dedicat\u0103 simbolului ora\u015fului nostru. \u00cen mod minunat, coinciden\u0163a a f\u0103cut ca pe 2 iulie s\u0103 fie \u015fi data trecerii \u00een nefiin\u0163\u0103 a figurii legendare a Moldovei, canonizat\u0103 de altfel \u00een biserica cre\u015ftin-ortodox\u0103. Piesa, pe versurile Georgianei Ploscan, a beneficiat de orchestra\u0163ia conceput\u0103 de Sabin P\u0103utza, fiind interpretat\u0103 de dou\u0103 tinere speran\u0163e ale spa\u0163iului interpretativ rom\u00e2nesc, \u015fi anume <strong>Evelina Barcan<\/strong> (sopran solo) \u015fi <strong>Maria B\u0103ic\u0103nescu<\/strong> (alto solo). Am remarcat armonizarea perfect\u0103 a vocilor, emo\u0163ia transmis\u0103 \u015fi calitatea compozi\u0163iei care ne-au trimis parc\u0103 \u00een alt\u0103 epoc\u0103.<\/p>\n\n\n<div class=\"wp-block-image\">\n<figure class=\"alignleft size-full is-resized\"><a href=\"http:\/\/www.slineamt.ro\/apostolul\/wp-content\/uploads\/2023\/07\/17-ap263-foto3-Curtea-Domneasca.jpg\"><img loading=\"lazy\" decoding=\"async\" src=\"http:\/\/www.slineamt.ro\/apostolul\/wp-content\/uploads\/2023\/07\/17-ap263-foto3-Curtea-Domneasca.jpg\" alt=\"\" class=\"wp-image-24407\" width=\"435\" height=\"289\" srcset=\"http:\/\/www.slineamt.ro\/apostolul\/wp-content\/uploads\/2023\/07\/17-ap263-foto3-Curtea-Domneasca.jpg 756w, http:\/\/www.slineamt.ro\/apostolul\/wp-content\/uploads\/2023\/07\/17-ap263-foto3-Curtea-Domneasca-300x200.jpg 300w, http:\/\/www.slineamt.ro\/apostolul\/wp-content\/uploads\/2023\/07\/17-ap263-foto3-Curtea-Domneasca-560x373.jpg 560w, http:\/\/www.slineamt.ro\/apostolul\/wp-content\/uploads\/2023\/07\/17-ap263-foto3-Curtea-Domneasca-260x173.jpg 260w, http:\/\/www.slineamt.ro\/apostolul\/wp-content\/uploads\/2023\/07\/17-ap263-foto3-Curtea-Domneasca-160x106.jpg 160w\" sizes=\"auto, (max-width: 435px) 100vw, 435px\" \/><\/a><\/figure>\n<\/div>\n\n\n<p>Cu aceea\u015fi efuziune a evoluat \u015fi pianista de numai 15 ani, Ioana Cristina Andreescu, care a oferit <em>Moment muzical pentru pian \u015fi orchestr\u0103<\/em> compus de Nicolae Kirculescu, binecunoscut publicului ca fond sonor al emisiunii Teleenciclopedia. Evolu\u0163ia artistei a fost impecabil\u0103, exact\u0103, sensibil\u0103. De\u015fi \u00eenc\u0103 elev\u0103, ceea ce a recomandat-o pe Ioana Cristina Andreescu pentru scena <em>Vacan\u0163elor Muzicale<\/em> este bogata activitate competi\u0163ional\u0103, ob\u0163in\u00e2nd printre altele Marele Premiu la concursul \u201ePro Piano\u201d (2022).<\/p>\n\n\n\n<p>Foarte \u00eendr\u0103git la Piatra-Neam\u0163 deoarece nu este la prima apari\u0163ie \u00een cadrul Vacan\u0163elor Muzicale, datorit\u0103 temerit\u0103\u0163ii de a organiza c\u00e2teva edi\u0163ii ale <em>Neam\u0163 Piano Festival<\/em> \u015fi datorit\u0103 faimei pe care a c\u00e2\u015ftigat-o de-a lungul timpului pe marile scene ale \u0163\u0103rii \u015fi ale lumii, pianistul Daniel Ciobanu ne-a \u00eenc\u00e2ntat prin interpretarea f\u0103r\u0103 cusur \u015fi plin\u0103 de temperament a <em>Concertului \u00een fa pentru pian \u015fi orchestr\u0103<\/em> de George Gershwin. Am savurat o reprezenta\u0163ie de zile mari, \u00een care Daniel s-a dovedit un adev\u0103rat maestru al clapelor, vr\u0103jindu-ne prin virtuozitate dar \u015fi prin tr\u0103irea autentic\u0103 a muzicii, care face parte din instrumentarul succesului s\u0103u.<\/p>\n\n\n\n<p>Finalul manifest\u0103rii a fost marcat de compozi\u0163ia lui Nikolai Rimski Korsakov \u2013 <em>Capriciu <\/em>spaniol op. 34, excelent interpretat de Orchestra Filarmonicii Na\u0163ionale \u201eSerghei Lunchevici\u201d, sub bagheta lui Mihail Agafi\u0163a, un valoros reprezentant al tinerei genera\u0163ii de dirijori, cu o bogat\u0103 activitate artistic\u0103 ce l-a purtat \u00een diverse turnee prin lume (Germania, Danemarca, Grecia, Elve\u0163ia, Portugalia etc.).<\/p>\n\n\n<div class=\"wp-block-image\">\n<figure class=\"alignright size-full is-resized\"><a href=\"http:\/\/www.slineamt.ro\/apostolul\/wp-content\/uploads\/2023\/07\/17-ap263-foto4-Lupii-lui-Calancea-BAND.jpg\"><img loading=\"lazy\" decoding=\"async\" src=\"http:\/\/www.slineamt.ro\/apostolul\/wp-content\/uploads\/2023\/07\/17-ap263-foto4-Lupii-lui-Calancea-BAND.jpg\" alt=\"\" class=\"wp-image-24408\" width=\"371\" height=\"208\" srcset=\"http:\/\/www.slineamt.ro\/apostolul\/wp-content\/uploads\/2023\/07\/17-ap263-foto4-Lupii-lui-Calancea-BAND.jpg 680w, http:\/\/www.slineamt.ro\/apostolul\/wp-content\/uploads\/2023\/07\/17-ap263-foto4-Lupii-lui-Calancea-BAND-300x168.jpg 300w, http:\/\/www.slineamt.ro\/apostolul\/wp-content\/uploads\/2023\/07\/17-ap263-foto4-Lupii-lui-Calancea-BAND-560x314.jpg 560w, http:\/\/www.slineamt.ro\/apostolul\/wp-content\/uploads\/2023\/07\/17-ap263-foto4-Lupii-lui-Calancea-BAND-260x146.jpg 260w, http:\/\/www.slineamt.ro\/apostolul\/wp-content\/uploads\/2023\/07\/17-ap263-foto4-Lupii-lui-Calancea-BAND-160x90.jpg 160w\" sizes=\"auto, (max-width: 371px) 100vw, 371px\" \/><\/a><\/figure>\n<\/div>\n\n\n<p><strong>Luni, 3 iulie, ora 21 \u2013 Curtea Domneasc\u0103<\/strong><\/p>\n\n\n\n<p>A doua sear\u0103 a adus l\u00e2ng\u0103 Turnul secular al marelui voievod \u015etefan cel Mare dou\u0103 grupuri de muzicieni basarabeni \u2013 <strong>Lupii lui Calancea<\/strong> \u015fi <strong>Surorile Osoianu<\/strong>.<\/p>\n\n\n\n<p><em>Lupii lui Calancea<\/em> reprezint\u0103 un concept original marca <strong>Alex Calancea<\/strong>. Dup\u0103 absolvirea Conservatorului din Chi\u015fin\u0103u, acesta face primele turnee \u00een calitate de basist, prin Europa \u015fi Asia, cu un proiect de jazz fusion. Continu\u0103 apoi cu muzic\u0103 pop-rock, av\u00e2nd colabor\u0103ri importante cu produc\u0103tori prestigio\u015fi din Los Angeles, printre care Jack Joseph Puig. A ales \u00een Cele din urm\u0103 s\u0103 se \u00eentoarc\u0103 \u00een Republica Moldova, unde \u015fi-a creat propriul band, opt\u00e2nd pentru transpunerea folclorului basarabean pe ritmuri de hard-rock. Reprezenta\u0163ia, combinat\u0103 cu apari\u0163ia cvintetului <em>Surorile Osoianu<\/em> a fost una de succes uria\u015f pentru publicul pietrean, prezent \u00een num\u0103r foarte mare pentru a se bucura ici de ritmurile tribale ale <em>lupilor<\/em>, colo de invoc\u0103rile lirice ale <em>surorilor<\/em>.<\/p>\n\n\n<div class=\"wp-block-image\">\n<figure class=\"alignleft size-full is-resized\"><a href=\"http:\/\/www.slineamt.ro\/apostolul\/wp-content\/uploads\/2023\/07\/17-ap263-foto5-Ioana-Mardare.jpg\"><img loading=\"lazy\" decoding=\"async\" src=\"http:\/\/www.slineamt.ro\/apostolul\/wp-content\/uploads\/2023\/07\/17-ap263-foto5-Ioana-Mardare.jpg\" alt=\"\" class=\"wp-image-24409\" width=\"257\" height=\"386\" srcset=\"http:\/\/www.slineamt.ro\/apostolul\/wp-content\/uploads\/2023\/07\/17-ap263-foto5-Ioana-Mardare.jpg 378w, http:\/\/www.slineamt.ro\/apostolul\/wp-content\/uploads\/2023\/07\/17-ap263-foto5-Ioana-Mardare-200x300.jpg 200w, http:\/\/www.slineamt.ro\/apostolul\/wp-content\/uploads\/2023\/07\/17-ap263-foto5-Ioana-Mardare-260x390.jpg 260w, http:\/\/www.slineamt.ro\/apostolul\/wp-content\/uploads\/2023\/07\/17-ap263-foto5-Ioana-Mardare-160x240.jpg 160w\" sizes=\"auto, (max-width: 257px) 100vw, 257px\" \/><\/a><\/figure>\n<\/div>\n\n\n<p><strong>Mar\u0163i, 4 iulie, ora 18 \u2013 Sala \u201eCalistrat Hoga\u015f\u201d a Consiliului Jude\u0163ean Neam\u0163<\/strong><\/p>\n\n\n\n<p>A fost ziua tinerilor nem\u0163eni care au cucerit scenele lumii, de aceast\u0103 dat\u0103 oaspe\u0163ii fiind <strong>Ioana Mardare<\/strong> (viol\u0103) \u015fi <strong>Lauren\u0163iu Busnea<\/strong> (vioar\u0103) \u2013 ambii fo\u015fti elevi ai Liceului de Arte \u201eVictor Brauner\u201d \u2013 acompania\u0163i la pian de conf. univ. dr. <strong>Mihaela Spiridon<\/strong>.<\/p>\n\n\n\n<p>Ioana Mardare este \u00een prezent profesor de viol\u0103 la Liceul de Arte \u201eVictor Brauner\u201d \u015fi artist instrumentist la Filarmonica \u201eMihail Jora\u201d, din Bac\u0103u. Despre acest aranjament, artista a m\u0103rturisit pe scen\u0103, \u00een cadrul discu\u0163iilor provocate printre piesele muzicale de Mihaela Spiridon \u2013 c\u0103 este compromisul ideal, care \u00eei permite s\u0103 locuiasc\u0103 \u015fi s\u0103 profeseze \u015fi \u00een Piatra-Neam\u0163 dar s\u0103 fie \u015fi muzician concertist. Ioana \u015fi-a finalizat studiile de licen\u0163\u0103 \u015fi master la Universitatea de Arte \u201eGeorge Enescu\u201d din Ia\u015fi \u015fi s-a perfec\u0163ionat la Viena \u00een cadrul unei burse Erasmus. I-am admirat stilul propriu, d\u0103ruirea, subtilitatea interpret\u0103rii \u00een timp ce a performat <em>\u015ease varia\u0163iuni pentru viol\u0103 \u015fi pian <\/em>\u015fi<em> Andante e Rondo Ungaresse<\/em>, ambele compuse de Carl Maria von Weber, impregn\u00e2ndu-ne \u015fi pe noi de atmosfera romantic\u0103 r\u0103sp\u00e2ndit\u0103 de aceste piese.<\/p>\n\n\n\n<p>Al doilea protagonist al serii a fost Lauren\u0163iu Busnea. Provenind dintr-o familie \u00een care muzica a fost la ea acas\u0103, Lauren\u0163iu \u015fi-a \u00eenceput studiile de vioar\u0103 la v\u00e2rsta de cinci ani sub \u00eendrumarea bunicului s\u0103u, iar pe timpul liceului a lucrat cu doamna profesoar\u0103 Maricica Gheorghie\u015f. Este absolvent al Universit\u0103\u0163ii Na\u0163ionale de Arte \u201eGeorge Enescu\u201d din Ia\u015fi, la clasa profesorului Anton Diaconu, \u00een perioada 2007-2010 devenind prim violonist al cvartetului de coarde <em>Giocoso<\/em>, cu care s-a bucurat de consacrare interna\u0163ional\u0103. Din anul 2015 este angajat permanent al Filarmonicii de Stat \u201eMoldova\u201d din Ia\u015fi.<\/p>\n\n\n<div class=\"wp-block-image\">\n<figure class=\"alignright size-full is-resized\"><a href=\"http:\/\/www.slineamt.ro\/apostolul\/wp-content\/uploads\/2023\/07\/17-ap263-foto6-anton-niculescu-viniciu-moroianu.jpg\"><img loading=\"lazy\" decoding=\"async\" src=\"http:\/\/www.slineamt.ro\/apostolul\/wp-content\/uploads\/2023\/07\/17-ap263-foto6-anton-niculescu-viniciu-moroianu.jpg\" alt=\"\" class=\"wp-image-24410\" width=\"460\" height=\"259\" srcset=\"http:\/\/www.slineamt.ro\/apostolul\/wp-content\/uploads\/2023\/07\/17-ap263-foto6-anton-niculescu-viniciu-moroianu.jpg 680w, http:\/\/www.slineamt.ro\/apostolul\/wp-content\/uploads\/2023\/07\/17-ap263-foto6-anton-niculescu-viniciu-moroianu-300x169.jpg 300w, http:\/\/www.slineamt.ro\/apostolul\/wp-content\/uploads\/2023\/07\/17-ap263-foto6-anton-niculescu-viniciu-moroianu-560x315.jpg 560w, http:\/\/www.slineamt.ro\/apostolul\/wp-content\/uploads\/2023\/07\/17-ap263-foto6-anton-niculescu-viniciu-moroianu-260x146.jpg 260w, http:\/\/www.slineamt.ro\/apostolul\/wp-content\/uploads\/2023\/07\/17-ap263-foto6-anton-niculescu-viniciu-moroianu-160x90.jpg 160w\" sizes=\"auto, (max-width: 460px) 100vw, 460px\" \/><\/a><\/figure>\n<\/div>\n\n\n<p>Recitalul s\u0103u a \u00eenceput cu binecunoscuta <em>Medita\u0163ie<\/em> din Opera Thais de Jules Massenet, pe care publicul a ascultat-o \u015fi a savurat-o cu respira\u0163ia t\u0103iat\u0103, continu\u00e2nd cu tonul dulce \u015fi frazarea expresiv\u0103 a dou\u0103 piese apar\u0163in\u00e2nd lui Fritz Kreisler: <em>Caprice Viennois<\/em> \u015fi <em>Praeludium and Allegro in the Style of Pugnani<\/em>.<\/p>\n\n\n\n<p>\u00cen final, cei doi protagoni\u015fti au interpretat \u00eempreun\u0103 <em>Passacaglia<\/em> (Georg Friedrich Handel\/Johan Halvorsen) ridic\u00e2nd publicul \u00een picioare, \u00een ova\u0163ii \u015fi aplauze pe deplin meritate, pentru o evolu\u0163ie la superlativ, ce merit\u0103 toat\u0103 considera\u0163ia \u015fi respectul nostru.<\/p>\n\n\n\n<p><strong>Miercuri, 5 iulie, ora 18 \u2013 Sala \u201eCalistrat Hoga\u015f\u201d a Consiliului Jude\u0163ean Neam\u0163<\/strong><\/p>\n\n\n\n<p>De aceast\u0103 dat\u0103 am avut o \u00eent\u00e2lnire absolut senza\u0163ional\u0103 cu doi titani ai muzicii camerale rom\u00e2ne\u015fti: violoncelistul <strong>Anton Niculescu<\/strong>, acompaniat de pianistul <strong>Viniciu Moroianu<\/strong>. Ambii sunt n\u0103scu\u0163i la Bucure\u015fti \u00een familii de muzicieni, av\u00e2nd o activitate concertistic\u0103 extrem de bogat\u0103 \u015fi variat\u0103, impun\u00e2ndu-se datorit\u0103 talentului lor de excep\u0163ie, sensibilit\u0103\u0163ii, muzicalit\u0103\u0163ii, tehnicii briliante \u015fi seriozit\u0103\u0163ii.<\/p>\n\n\n<div class=\"wp-block-image\">\n<figure class=\"alignleft size-full is-resized\"><a href=\"http:\/\/www.slineamt.ro\/apostolul\/wp-content\/uploads\/2023\/07\/17-ap263-foto7-Aplauze-concert-inaugural.jpg\"><img loading=\"lazy\" decoding=\"async\" src=\"http:\/\/www.slineamt.ro\/apostolul\/wp-content\/uploads\/2023\/07\/17-ap263-foto7-Aplauze-concert-inaugural.jpg\" alt=\"\" class=\"wp-image-24411\" width=\"454\" height=\"231\" srcset=\"http:\/\/www.slineamt.ro\/apostolul\/wp-content\/uploads\/2023\/07\/17-ap263-foto7-Aplauze-concert-inaugural.jpg 756w, http:\/\/www.slineamt.ro\/apostolul\/wp-content\/uploads\/2023\/07\/17-ap263-foto7-Aplauze-concert-inaugural-300x153.jpg 300w, http:\/\/www.slineamt.ro\/apostolul\/wp-content\/uploads\/2023\/07\/17-ap263-foto7-Aplauze-concert-inaugural-560x285.jpg 560w, http:\/\/www.slineamt.ro\/apostolul\/wp-content\/uploads\/2023\/07\/17-ap263-foto7-Aplauze-concert-inaugural-260x132.jpg 260w, http:\/\/www.slineamt.ro\/apostolul\/wp-content\/uploads\/2023\/07\/17-ap263-foto7-Aplauze-concert-inaugural-160x81.jpg 160w\" sizes=\"auto, (max-width: 454px) 100vw, 454px\" \/><\/a><\/figure>\n<\/div>\n\n\n<p>Anton Niculescu a absolvit cu nota 10 Conservatorul de Muzic\u0103 din Bucure\u015fti, av\u00e2nd \u00een palmares importante premii ob\u0163inute la concursurile de specialitate, \u00een paralel ocup\u00e2nd \u015fi posturi de mare prestigiu, precum cele de prim-violoncelist al Teatrului <em>Scala<\/em> din Milano \u015fi <em>Teatro Comunale<\/em> din Floren\u0163a. Astfel, a fost prezent pe scene de mare renume din Europa, Asia, America de Sud, America de Nord \u015fi Africa. An de an este invitat \u00een juriile diferitelor concursuri interna\u0163ionale din \u00eentreaga lume \u015fi sus\u0163ine cursuri de m\u0103iestrie \u00een Italia, Coreea de Sud, China, Brazilia, Austria, Germania, Japonia, SUA.<\/p>\n\n\n\n<p>Pentru a ne face o idee despre personalitatea muzical\u0103 complex\u0103 a lui Viniciu Moroianu trebuie s\u0103 spunem c\u0103 a fost \u00eendrumat de pianistul \u015fi profesorul Gabriel Amira\u015f, iar la acompaniament a fost discipolul Suzanei Szorenyi. A studiat armonia cu compozitorii Doru Popovici \u015fi Pascal Bentoiu iar dirijatul cu Constantin Bugeanu. \u00cen anul 2005 a ob\u0163inut titlul de doctor \u00een muzic\u0103, cu teza \u201eDou\u0103 secole de g\u00e2ndire componistic\u0103 reflectate \u00een crea\u0163ia pentru pian solo a lui Dinu Lipatti\u201d. Pred\u0103 muzic\u0103 de camer\u0103 \u015fi pian, din 1990, la Universitatea Na\u0163ional\u0103 de Muzic\u0103 din Bucure\u015fti.<\/p>\n\n\n<div class=\"wp-block-image\">\n<figure class=\"alignright size-full is-resized\"><a href=\"http:\/\/www.slineamt.ro\/apostolul\/wp-content\/uploads\/2023\/07\/17-ap263-foto8-Daniel-Ciobanu.jpg\"><img loading=\"lazy\" decoding=\"async\" src=\"http:\/\/www.slineamt.ro\/apostolul\/wp-content\/uploads\/2023\/07\/17-ap263-foto8-Daniel-Ciobanu.jpg\" alt=\"\" class=\"wp-image-24412\" width=\"441\" height=\"294\" srcset=\"http:\/\/www.slineamt.ro\/apostolul\/wp-content\/uploads\/2023\/07\/17-ap263-foto8-Daniel-Ciobanu.jpg 605w, http:\/\/www.slineamt.ro\/apostolul\/wp-content\/uploads\/2023\/07\/17-ap263-foto8-Daniel-Ciobanu-300x200.jpg 300w, http:\/\/www.slineamt.ro\/apostolul\/wp-content\/uploads\/2023\/07\/17-ap263-foto8-Daniel-Ciobanu-560x373.jpg 560w, http:\/\/www.slineamt.ro\/apostolul\/wp-content\/uploads\/2023\/07\/17-ap263-foto8-Daniel-Ciobanu-260x173.jpg 260w, http:\/\/www.slineamt.ro\/apostolul\/wp-content\/uploads\/2023\/07\/17-ap263-foto8-Daniel-Ciobanu-160x107.jpg 160w\" sizes=\"auto, (max-width: 441px) 100vw, 441px\" \/><\/a><\/figure>\n<\/div>\n\n\n<p>Am audiat \u00eentr-o interpretare magistral\u0103 superba <em>Sonat\u0103 pentru violoncel \u015fi pian nr. 2, op. 99<\/em> a lui Johannes Brahms, celebrul <em>Scherzo<\/em> din <em>Sonata FAE<\/em>, compus de acela\u015fi Johannes Brahms, <em>Chant du menestrel op.71<\/em> \u2013 lucrare a lui Alexander Glazunov, <em>Andante cantabile<\/em> \u2013 P. I. Ceaikovski. \u00cen&nbsp; plus, am primit \u015fi marea lec\u0163ie a modestiei oferit\u0103 de ace\u015fti doi p\u0103tima\u015fi \u00eentr-ale muzicii.<\/p>\n\n\n\n<p><strong>Miercuri, 5 iulie, ora 21 \u2013 Curtea Domneasc\u0103<\/strong><\/p>\n\n\n\n<p>A fost r\u00e2ndul \u00eent\u00e2lnirii cu <strong>Natalia Barbu<\/strong>, artista basarabeanc\u0103 n\u0103scut\u0103 \u00een anul 1979, o prezen\u0163\u0103 plin\u0103 de str\u0103lucire, energie, voio\u015fie \u015fi creativitate. De\u015fi este c\u00e2nt\u0103rea\u0163\u0103 de muzic\u0103 u\u015foar\u0103, a studiat vioara \u00een copil\u0103rie, apoi a absolvit Colegiul de Muzic\u0103 din Chi\u015fin\u0103u la acela\u015fi instrument, ulterior aplic\u00e2nd pentru admiterea la Academia de Muzica \u201eGavriil Muzicescu\u201d din acela\u015fi ora\u015f. O confirmare a voca\u0163iei sale vine \u00een 1998, c\u00e2nd devine c\u00e2\u015ftig\u0103toarea Concursului de la Mamaia. Natalia a impresionat publicul prin interpret\u0103ri pline de pasiune ale unor hit-uri interna\u0163ionale precum \u201eI Feel Good\u201d, \u201eSimply the best\u201d, \u201eI Will Survive\u201d, demonstr\u00e2nd versatilitate artistic\u0103, dar a adus \u015fi un tribut muzicii rom\u00e2ne\u015fti prin c\u00e2ntece \u00eendr\u0103gite precum \u201eC\u00e2nt\u0103 Cucu\u201d, \u201eConstantine, Constantine\u201d, \u201e\u00cen gr\u0103dina lui Ion\u201d sau \u201eTrandafir de la Moldova\u201d. S-a dovedit a fi \u015fi o compozitoare inspirat\u0103, oferindu-ne piese proprii de jazz \u015fi blues, impregnate de stilul s\u0103u eclectic.<\/p>\n\n\n<div class=\"wp-block-image\">\n<figure class=\"alignleft size-full is-resized\"><a href=\"http:\/\/www.slineamt.ro\/apostolul\/wp-content\/uploads\/2023\/07\/17-ap263-foto9-Ioana-Cristina-Andreescu.jpg\"><img loading=\"lazy\" decoding=\"async\" src=\"http:\/\/www.slineamt.ro\/apostolul\/wp-content\/uploads\/2023\/07\/17-ap263-foto9-Ioana-Cristina-Andreescu.jpg\" alt=\"\" class=\"wp-image-24413\" width=\"442\" height=\"331\" srcset=\"http:\/\/www.slineamt.ro\/apostolul\/wp-content\/uploads\/2023\/07\/17-ap263-foto9-Ioana-Cristina-Andreescu.jpg 643w, http:\/\/www.slineamt.ro\/apostolul\/wp-content\/uploads\/2023\/07\/17-ap263-foto9-Ioana-Cristina-Andreescu-300x225.jpg 300w, http:\/\/www.slineamt.ro\/apostolul\/wp-content\/uploads\/2023\/07\/17-ap263-foto9-Ioana-Cristina-Andreescu-560x420.jpg 560w, http:\/\/www.slineamt.ro\/apostolul\/wp-content\/uploads\/2023\/07\/17-ap263-foto9-Ioana-Cristina-Andreescu-260x195.jpg 260w, http:\/\/www.slineamt.ro\/apostolul\/wp-content\/uploads\/2023\/07\/17-ap263-foto9-Ioana-Cristina-Andreescu-160x120.jpg 160w\" sizes=\"auto, (max-width: 442px) 100vw, 442px\" \/><\/a><\/figure>\n<\/div>\n\n\n<p><strong>Joi, 6 iulie, ora 18 \u2013 Sala \u201eCalistrat Hoga\u015f\u201d a Consiliului Jude\u0163ean Neam\u0163<\/strong><\/p>\n\n\n\n<p>Ziua a cincea a \u00eenceput sub semnul pl\u0103smuirilor creative \u015fi a vis\u0103rii, recitalul cameral sus\u0163inut de <strong>Raluca Ouatu<\/strong> (pian) \u015fi <strong>Teodor \u0162\u00e2rlea<\/strong> (flaut) ax\u00e2ndu-se pe tema fanteziei, repertoriul fiind compus din <em>Fantasia para un gentilhombre<\/em> (J. Rodrigo), Fantasie (Georges H\u00fce), <em>Fantasiest\u00fccke op. 73<\/em> (R. Schumann) \u015fi <em>Fantezie briliant\u0103<\/em> pe teme din opera \u201eCarmen\u201d (F. Borne). Toate piesele au fost mult gustate \u015fi apreciate de public pentru c\u0103 delicate\u0163ea sunetului de flaut s-a \u00eembinat at\u00e2t de armonios cu acompaniamentul savuros al pianului.<\/p>\n\n\n\n<p>Raluca Ouatu este \u00een prezent conf. univ. dr. la Universitatea de Muzic\u0103 din Bucure\u015fti, iar \u00eencep\u00e2nd din anul 2009 este director artistic al Orchestrei <em>Camerata Regal\u0103<\/em>. Talentul s\u0103u deosebit manifestat pentru domeniul acompaniamentului \u015fi muzicii de camer\u0103 a fost r\u0103spl\u0103tit cu numeroase premii: Premiul \u201eThe Best Accompanist\u201d la \u201eVirginia Zeani\u201d Grand Prix, Premiul pentru acompaniament \u201eBianca\u201d la Concursul Na\u0163ional \u201eIonel Perlea\u201d, Diplom\u0103 de Maestru Acompaniator la Concursul Interna\u0163ional \u201eHaricleea Darcl\u00e9e\u201d etc. A fost acompaniator oficial la evenimente muzicale de marc\u0103 printre care \u015fi Concursul Interna\u0163ional \u201eGeorge Enescu\u201d \u015fi \u201eJeunesses Musicales\u201d.<\/p>\n\n\n<div class=\"wp-block-image\">\n<figure class=\"alignright size-full\"><a href=\"http:\/\/www.slineamt.ro\/apostolul\/wp-content\/uploads\/2023\/07\/17-ap263-foto10-Raluca-Elena-OUATU.jpg\"><img loading=\"lazy\" decoding=\"async\" width=\"374\" height=\"605\" src=\"http:\/\/www.slineamt.ro\/apostolul\/wp-content\/uploads\/2023\/07\/17-ap263-foto10-Raluca-Elena-OUATU.jpg\" alt=\"\" class=\"wp-image-24414\" srcset=\"http:\/\/www.slineamt.ro\/apostolul\/wp-content\/uploads\/2023\/07\/17-ap263-foto10-Raluca-Elena-OUATU.jpg 374w, http:\/\/www.slineamt.ro\/apostolul\/wp-content\/uploads\/2023\/07\/17-ap263-foto10-Raluca-Elena-OUATU-185x300.jpg 185w, http:\/\/www.slineamt.ro\/apostolul\/wp-content\/uploads\/2023\/07\/17-ap263-foto10-Raluca-Elena-OUATU-260x421.jpg 260w, http:\/\/www.slineamt.ro\/apostolul\/wp-content\/uploads\/2023\/07\/17-ap263-foto10-Raluca-Elena-OUATU-160x259.jpg 160w\" sizes=\"auto, (max-width: 374px) 100vw, 374px\" \/><\/a><\/figure>\n<\/div>\n\n\n<p>Teodor \u0162\u00e2rlea de\u0163ine din anul 2016 pozi\u0163ia de prim-flautist al Orchestrei Simfonice din Norrk\u00f6ping-Suedia. \u00cen paralel, din octombrie 2022 este angajat pe postul de \u015fef partid\u0103-flaut la Filarmonica \u201eGeorge Enescu\u201d din Bucure\u015fti. De-a lungul anilor a activat ca prim-flautist la D\u00fcsseldorfer Symphoniker, Komische Oper Berlin, Gewandhaus Orchestra din Leipzig \u015fi la Orchestra Operei Norvegiene din Oslo. De asemenea, a colaborat cu mai multe orchestre de renume: Orchestra Simfonic\u0103 Radio din Stockholm, Orchestra del Gran Teatro del Liceu \u2013 Barcelona, Deutsche Oper Berlin, \u015fi s-a bucurat de colabor\u0103ri cu dirijori celebri precum: Riccardo Chailly, Christoph Eschenbach, Ivan Fischer.<\/p>\n\n\n\n<p><strong>Vineri, 7 iulie, ora 21 \u2013 Curtea Domneasc\u0103<\/strong><\/p>\n\n\n\n<p>Mii de pietreni s-au adunat \u00een ciuda vremii r\u0103coroase pentru a-l asculta pe <strong>\u015etefan B\u0103nic\u0103 Jr.<\/strong>, pe ritmurile c\u0103ruia s-a dansat, s-a fredonat, s-a aplaudat, s-a creat o atmosfer\u0103 frenetic\u0103. C\u00e2nt\u0103re\u0163, actor, prezentator, regizor, produc\u0103tor \u2013 \u015etefan B\u0103nic\u0103 Jr. a demonstrat c\u0103 este un veritabil showman, plin de umor \u015fi spontaneitate. \u015etiindu-se un r\u0103sf\u0103\u0163at al publicului nem\u0163ean, l-a delectat cu \u015flag\u0103rele sale electrizante, cu figurile spectaculoase de dans, cu glumele picante, cu evoc\u0103rile emo\u0163ionante. Ceea ce mi-a pl\u0103cut \u00een mod deosebit a fost aprecierea autoironic\u0103 la adresa \u201evalorii culturale\u201d a versurilor melodiilor sale (\u201eVeta, mi-ai stricat chiuveta\u201d\/\u201dE beton coana mare\u201d etc).<\/p>\n\n\n\n<figure class=\"wp-block-image size-full is-resized\"><a href=\"http:\/\/www.slineamt.ro\/apostolul\/wp-content\/uploads\/2023\/07\/17-ap263-foto11-Laurentiu-BUSNEA.jpg\"><img loading=\"lazy\" decoding=\"async\" src=\"http:\/\/www.slineamt.ro\/apostolul\/wp-content\/uploads\/2023\/07\/17-ap263-foto11-Laurentiu-BUSNEA.jpg\" alt=\"\" class=\"wp-image-24415\" width=\"401\" height=\"283\" srcset=\"http:\/\/www.slineamt.ro\/apostolul\/wp-content\/uploads\/2023\/07\/17-ap263-foto11-Laurentiu-BUSNEA.jpg 605w, http:\/\/www.slineamt.ro\/apostolul\/wp-content\/uploads\/2023\/07\/17-ap263-foto11-Laurentiu-BUSNEA-300x212.jpg 300w, http:\/\/www.slineamt.ro\/apostolul\/wp-content\/uploads\/2023\/07\/17-ap263-foto11-Laurentiu-BUSNEA-560x395.jpg 560w, http:\/\/www.slineamt.ro\/apostolul\/wp-content\/uploads\/2023\/07\/17-ap263-foto11-Laurentiu-BUSNEA-260x184.jpg 260w, http:\/\/www.slineamt.ro\/apostolul\/wp-content\/uploads\/2023\/07\/17-ap263-foto11-Laurentiu-BUSNEA-160x113.jpg 160w\" sizes=\"auto, (max-width: 401px) 100vw, 401px\" \/><\/a><\/figure>\n\n\n\n<p><strong>S\u00e2mb\u0103t\u0103, 8 iulie, ora 21 \u2013 Curtea Domneasc\u0103<\/strong><\/p>\n\n\n\n<p>Serile memorabile ale <em>Vacan\u0163elor Muzicale<\/em> la Piatra-Neam\u0163, s-au \u00eencheiat cu o <strong>Gal\u0103 de operet\u0103<\/strong> prezentat\u0103 de soli\u015ftii Teatrului Na\u0163ional \u201eIon Dacian\u201d din Bucure\u015fti. Sub bagheta dirijorului <strong>Alexandru Ilie<\/strong>, au fost audia\u0163i \u015fi aplauda\u0163i: <strong>Bianca Ionescu-Ballo<\/strong>, <strong>Mihaela Alexa<\/strong>, <strong>Gabriela Daha<\/strong>, <strong>Cristina Popa<\/strong>, <strong>Daniel Madia<\/strong>, <strong>Florin Budnaru<\/strong>, <strong>\u015etefan Popov<\/strong>, <strong>Marius Mitrofan<\/strong>, <strong>Orest P\u00e2slariu-Ranghilof<\/strong>, <strong>Valentino Tiron<\/strong>. Ace\u015ftia ne-au condus \u00eentr-o c\u0103l\u0103torie \u00een lumea filmului \u015fi a musicalului, \u00een cadrul unui concept original \u00een care muzica lor a fost dublat\u0103 de scene cinematografice celebre. Au r\u0103mas de neuitat pentru public interpret\u0103rile expresive ale unor piese precum: <em>I feel pretty<\/em>; <em>Oh, what a beautiful morning<\/em>; <em>Las\u0103 tu, domnu\u2019 Higgins<\/em>; <em>Time of my life<\/em>; <em>Parla piu piano<\/em>; <em>A\u015f fi putut dansa<\/em>; <em>Summertime<\/em>; <em>Nella fantasia<\/em>; <em>If I were a rich man<\/em>; <em>Honey Bun<\/em> etc.<\/p>\n\n\n<div class=\"wp-block-image\">\n<figure class=\"alignright size-full is-resized\"><a href=\"http:\/\/www.slineamt.ro\/apostolul\/wp-content\/uploads\/2023\/07\/17-ap263-foto12-Stefan-BANICA-JR.jpg\"><img loading=\"lazy\" decoding=\"async\" src=\"http:\/\/www.slineamt.ro\/apostolul\/wp-content\/uploads\/2023\/07\/17-ap263-foto12-Stefan-BANICA-JR.jpg\" alt=\"\" class=\"wp-image-24416\" width=\"456\" height=\"292\" srcset=\"http:\/\/www.slineamt.ro\/apostolul\/wp-content\/uploads\/2023\/07\/17-ap263-foto12-Stefan-BANICA-JR.jpg 605w, http:\/\/www.slineamt.ro\/apostolul\/wp-content\/uploads\/2023\/07\/17-ap263-foto12-Stefan-BANICA-JR-300x192.jpg 300w, http:\/\/www.slineamt.ro\/apostolul\/wp-content\/uploads\/2023\/07\/17-ap263-foto12-Stefan-BANICA-JR-560x359.jpg 560w, http:\/\/www.slineamt.ro\/apostolul\/wp-content\/uploads\/2023\/07\/17-ap263-foto12-Stefan-BANICA-JR-260x167.jpg 260w, http:\/\/www.slineamt.ro\/apostolul\/wp-content\/uploads\/2023\/07\/17-ap263-foto12-Stefan-BANICA-JR-160x103.jpg 160w\" sizes=\"auto, (max-width: 456px) 100vw, 456px\" \/><\/a><\/figure>\n<\/div>\n\n\n<p>Astfel s-a tras cortina final\u0103 \u015fi peste aceast\u0103 edi\u0163ie a <em>Vacan\u0163elor Muzicale<\/em>, cu sentimente amestecate de bucurie, \u00eenc\u00e2ntare dar \u015fi de triste\u0163e pentru ca am ajuns la sf\u00e2r\u015fit. Ne-am bucurat privind cum ne inund\u0103 din \u00eenaltul cerurilor focurile de artificii cu g\u00e2ndul la ce surprize ne vor mai rezerva organizatorii anul viitor. Trebuie s\u0103 le adres\u0103m acestora felicit\u0103ri \u015fi de aceast\u0103 dat\u0103 pentru modul \u00een care au r\u00e2nduit lucrurile, pentru arti\u015ftii pe care i-au adus \u00een fa\u0163a noastr\u0103, pentru eforturile depuse.<\/p>\n\n\n\n<p><strong><em>Gianina BURUIAN\u0102<\/em><\/strong><\/p>\n","protected":false},"excerpt":{"rendered":"<p>Festivalul Interna\u0163ional Vacan\u0163e Muzicale, 2-8 iulie 2023 Festivalul interna\u0163ional Vacan\u0163e Muzicale, ajuns anul acesta la edi\u0163ia a patruzeci \u015fi opta, s-a desf\u0103\u015furat \u00een perioada 2-8 iulie \u015fi a reunit \u00eentr-un mix de succes eforturile mai multor institu\u0163ii \u015fi personalit\u0103\u0163i, pentru&hellip;<\/p>\n<p class=\"more-link-p\"><a class=\"more-link\" href=\"http:\/\/www.slineamt.ro\/apostolul\/eveniment\/sonoritati-estivale-la-piatra-neamt\/\">Read more &rarr;<\/a><\/p>\n","protected":false},"author":1,"featured_media":0,"comment_status":"open","ping_status":"closed","sticky":false,"template":"","format":"standard","meta":{"footnotes":""},"categories":[18,473],"tags":[],"class_list":["post-24404","post","type-post","status-publish","format-standard","hentry","category-eveniment","category-numarul-263"],"_links":{"self":[{"href":"http:\/\/www.slineamt.ro\/apostolul\/wp-json\/wp\/v2\/posts\/24404","targetHints":{"allow":["GET"]}}],"collection":[{"href":"http:\/\/www.slineamt.ro\/apostolul\/wp-json\/wp\/v2\/posts"}],"about":[{"href":"http:\/\/www.slineamt.ro\/apostolul\/wp-json\/wp\/v2\/types\/post"}],"author":[{"embeddable":true,"href":"http:\/\/www.slineamt.ro\/apostolul\/wp-json\/wp\/v2\/users\/1"}],"replies":[{"embeddable":true,"href":"http:\/\/www.slineamt.ro\/apostolul\/wp-json\/wp\/v2\/comments?post=24404"}],"version-history":[{"count":1,"href":"http:\/\/www.slineamt.ro\/apostolul\/wp-json\/wp\/v2\/posts\/24404\/revisions"}],"predecessor-version":[{"id":24417,"href":"http:\/\/www.slineamt.ro\/apostolul\/wp-json\/wp\/v2\/posts\/24404\/revisions\/24417"}],"wp:attachment":[{"href":"http:\/\/www.slineamt.ro\/apostolul\/wp-json\/wp\/v2\/media?parent=24404"}],"wp:term":[{"taxonomy":"category","embeddable":true,"href":"http:\/\/www.slineamt.ro\/apostolul\/wp-json\/wp\/v2\/categories?post=24404"},{"taxonomy":"post_tag","embeddable":true,"href":"http:\/\/www.slineamt.ro\/apostolul\/wp-json\/wp\/v2\/tags?post=24404"}],"curies":[{"name":"wp","href":"https:\/\/api.w.org\/{rel}","templated":true}]}}